{"id":173668,"date":"2025-06-13T15:30:09","date_gmt":"2025-06-13T15:30:09","guid":{"rendered":"https:\/\/www.europesays.com\/fr\/173668\/"},"modified":"2025-06-13T15:30:09","modified_gmt":"2025-06-13T15:30:09","slug":"nice-une-manifestation-pour-la-palestine-organisee-voici-ou-et-quand","status":"publish","type":"post","link":"https:\/\/www.europesays.com\/fr\/173668\/","title":{"rendered":"Nice. Une manifestation pour la Palestine organis\u00e9e : voici o\u00f9 et quand"},"content":{"rendered":"<p>            Par<br \/>\n        <strong><br \/>\n            <a href=\"https:\/\/actu.fr\/auteur\/ugo-maillard\" title=\"Consulter tous les articles de Ugo Maillard\" target=\"_blank\" rel=\"noopener\">Ugo Maillard<\/a><br \/>\n        <\/strong><\/p>\n<p>        Publi\u00e9 le<\/p>\n<p>            13 juin 2025 \u00e0 17h19        <\/p>\n<p>\u00ab\u2009Nous appelons \u00e0 un grand rassemblement intersyndical\u2009\u00bb. Ce samedi 14\u00a0juin 2025, de nombreux syndicats organisent une <strong>manifestation en soutien \u00e0 la Palestine<\/strong> et son peuple, \u00e0 Nice (<a href=\"https:\/\/actu.fr\/provence-alpes-cote-d-azur\/alpes-maritimes_06\" target=\"_blank\" rel=\"noopener\">Alpes-Maritimes<\/a>).<\/p>\n<p class=\" wall-content\">Comme indiqu\u00e9 \u00e0 <a href=\"https:\/\/actu.fr\/nice\/\" target=\"_blank\" rel=\"noopener\">actu Nice<\/a>, les organisations syndicales attendent plusieurs centaines de personnes au niveau de la gare du Sud.<\/p>\n<p>    <a href=\"https:\/\/www.google.com\/maps\/embed?pb=!1m18!1m12!1m3!1d2884.0637666897537!2d7.258791475926075!3d43.70922387109944!2m3!1f0!2f0!3f0!3m2!1i1024!2i768!4f13.1!3m3!1m2!1s0x12cdd15ae6caadbd%3A0x2c1d93fd55b9e1a8!2sLa%20Gare%20du%20Sud!5e0!3m2!1sfr!2sfr!4v1749824456723!5m2!1sfr!2sfr\" title=\"Ouvrie le lien\" target=\"_blank\" rel=\"noopener\">Cliquez ici pour visualiser le contenu<\/a><\/p>\n<p>\u00c0 16h sur le parvis<\/p>\n<p class=\" wall-content\">Par le biais d\u2019un communiqu\u00e9 transmis \u00e0 actu Nice, les organisations donnent rendez-vous sur le parvis de la <strong>gare du sud \u00e0 16h<\/strong>. Les syndicats \u00ab\u2009d\u00e9noncent la fuite en avant mortif\u00e8re des autorit\u00e9s isra\u00e9liennes et les exactions commises \u00e0 Gaza\u2009\u00bb.<\/p>\n<blockquote class=\"ac-article-quote wall-content\">\n<p>Les habitants de l\u2019enclave palestinienne subissent depuis plus de 600 jours des bombardements indiscrimin\u00e9s, des d\u00e9placements forc\u00e9s et une famine impos\u00e9e aux civils comme m\u00e9thode de guerre.<\/p>\n<p>    <strong>Intersyndicale<\/strong>\n            <\/p><\/blockquote>\n<p>Vid\u00e9os : en ce moment sur Actu<\/p>\n<p class=\" wall-content\">La manifestation est co-organis\u00e9e par la CFDT, CGT, Solidaires et FSU.<\/p>\n<p class=\" wall-content\">\u00c0 noter que ce rassemblement s\u2019inscrit dans le cadre d\u2019une mobilisation internationale partout en France et dans le monde pour<strong> un cessez-le-feu imm\u00e9diat \u00e0 Gaza<\/strong> et pour un <a href=\"https:\/\/actu.fr\/societe\/rima-hassan-et-greta-thunberg-en-route-pour-la-palestine-israel-ordonne-d-empecher-l-arrivee-du-navire_62745484.html\" target=\"_blank\" rel=\"noopener\">acc\u00e8s sans entraves<\/a> de l\u2019aide humanitaire.<\/p>\n<p class=\" wall-content\">Suivez toute l\u2019actualit\u00e9 de vos villes et m\u00e9dias favoris en vous inscrivant \u00e0 <a href=\"https:\/\/moncompte.actu.fr\" title=\"D\u00e9couvez Mon Actu\" rel=\"nofollow noopener\" data-trk=\"{&quot;cta&quot;:{&quot;action&quot;:&quot;https:\\\/\\\/moncompte.actu.fr&quot;,&quot;category&quot;:&quot;mon compte&quot;,&quot;from&quot;:&quot;article footer&quot;,&quot;name&quot;:&quot;Mon actu&quot;,&quot;type&quot;:&quot;cta&quot;}}\" target=\"_blank\">Mon Actu<\/a>.<\/p>\n","protected":false},"excerpt":{"rendered":"Par Ugo Maillard Publi\u00e9 le 13 juin 2025 \u00e0 17h19 \u00ab\u2009Nous appelons \u00e0 un grand rassemblement intersyndical\u2009\u00bb. Ce&hellip;\n","protected":false},"author":2,"featured_media":173669,"comment_status":"","ping_status":"","sticky":false,"template":"","format":"standard","meta":{"footnotes":""},"categories":[2819],"tags":[1111,11,1777,674,1011,27,665,5643,1272,12,2401,882,25,104],"class_list":{"0":"post-173668","1":"post","2":"type-post","3":"status-publish","4":"format-standard","5":"has-post-thumbnail","7":"category-nice","8":"tag-actu","9":"tag-actualites","10":"tag-eu","11":"tag-europe","12":"tag-fr","13":"tag-france","14":"tag-gaza","15":"tag-guerre-israel-hamas","16":"tag-manifestations","17":"tag-news","18":"tag-nice","19":"tag-provence-alpes-cote-dazur","20":"tag-republique-francaise","21":"tag-societe"},"share_on_mastodon":{"url":"https:\/\/pubeurope.com\/@fr\/114676775319689344","error":""},"_links":{"self":[{"href":"https:\/\/www.europesays.com\/fr\/wp-json\/wp\/v2\/posts\/173668","targetHints":{"allow":["GET"]}}],"collection":[{"href":"https:\/\/www.europesays.com\/fr\/wp-json\/wp\/v2\/posts"}],"about":[{"href":"https:\/\/www.europesays.com\/fr\/wp-json\/wp\/v2\/types\/post"}],"author":[{"embeddable":true,"href":"https:\/\/www.europesays.com\/fr\/wp-json\/wp\/v2\/users\/2"}],"replies":[{"embeddable":true,"href":"https:\/\/www.europesays.com\/fr\/wp-json\/wp\/v2\/comments?post=173668"}],"version-history":[{"count":0,"href":"https:\/\/www.europesays.com\/fr\/wp-json\/wp\/v2\/posts\/173668\/revisions"}],"wp:featuredmedia":[{"embeddable":true,"href":"https:\/\/www.europesays.com\/fr\/wp-json\/wp\/v2\/media\/173669"}],"wp:attachment":[{"href":"https:\/\/www.europesays.com\/fr\/wp-json\/wp\/v2\/media?parent=173668"}],"wp:term":[{"taxonomy":"category","embeddable":true,"href":"https:\/\/www.europesays.com\/fr\/wp-json\/wp\/v2\/categories?post=173668"},{"taxonomy":"post_tag","embeddable":true,"href":"https:\/\/www.europesays.com\/fr\/wp-json\/wp\/v2\/tags?post=173668"}],"curies":[{"name":"wp","href":"https:\/\/api.w.org\/{rel}","templated":true}]}}