{"id":173670,"date":"2025-06-13T15:31:08","date_gmt":"2025-06-13T15:31:08","guid":{"rendered":"https:\/\/www.europesays.com\/fr\/173670\/"},"modified":"2025-06-13T15:31:08","modified_gmt":"2025-06-13T15:31:08","slug":"debord-de-loire-pride-festival-voici-nos-idees-sorties-a-nantes-ce-week-end","status":"publish","type":"post","link":"https:\/\/www.europesays.com\/fr\/173670\/","title":{"rendered":"D\u00e9bord de Loire, Pride, festival\u2026 Voici nos id\u00e9es sorties \u00e0 Nantes ce week-end"},"content":{"rendered":"<p>            Par<br \/>\n        <strong><br \/>\n            <a href=\"https:\/\/actu.fr\/auteur\/laure-gentil\" title=\"Consulter tous les articles de Laure Gentil\" target=\"_blank\" rel=\"noopener\">Laure Gentil<\/a><br \/>\n        <\/strong><\/p>\n<p>        Publi\u00e9 le<\/p>\n<p>            13 juin 2025 \u00e0 17h05        <\/p>\n<p>C\u2019est bient\u00f4t le week-end mais vous ne savez pas quoi faire. Pas de panique, la r\u00e9daction d\u2019actu Nantes a jet\u00e9 un \u0153il aux \u00e9v\u00e9nements pr\u00e9vus ce samedi 14 et dimanche 15 juin 2025 qui se d\u00e9roulent dans la cit\u00e9 des ducs de Bretagne et qui sauront vous divertir.<\/p>\n<p>D\u00e9bord de Loire<\/p>\n<p class=\" wall-content\">Cou\u00ebron, Rez\u00e9, Thouar\u00e9-sur-Loire\u2026 <a href=\"https:\/\/actu.fr\/loisirs-culture\/debord-de-loire-2025-quel-est-le-programme-dans-la-metropole-de-nantes_62751198.html\" target=\"_blank\" rel=\"noopener\">D\u00e9bord de Loire va traverser 16\u00a0communes<\/a> proposant \u00e0 chaque passage des visites de bateaux, des concerts et beaucoup d\u2019autres animations.<\/p>\n<p class=\" wall-content\">Ce samedi, il ne faudra surtout pas rater la<strong> Grande Parade nautique<\/strong>. Le coup d\u2019envoi de la remont\u00e9e de la Loire, au pont de Saint-Nazaire se fera \u00e0 14\u2009h\u200940\u2009:<\/p>\n<ul class=\" wall-content\">\n<li>La parade arrivera vers 15\u2009h\u200948 \u00e0 Paimb\u0153uf\u2009et \u00e0 16\u2009h\u200922 \u00e0 Cordemais.<\/li>\n<li>Le regroupement des flottes est pr\u00e9vu \u00e0 18\u2009h\u200922 au Pellerin.<\/li>\n<li>La parade passera ensuite \u00e0 Cou\u00ebron vers 18\u2009h\u200936, \u00e0 Haute-Indre \u00e0 19\u2009h\u200916, sous le pont de Chevir\u00e9 \u00e0 19\u2009h\u200931, et \u00e0 Trentemoult vers 20\u2009h.<\/li>\n<\/ul>\n<p class=\" wall-content\">L\u2019arriv\u00e9e \u00e0 Nantes, <strong>quai de la Fosse est annonc\u00e9e pour 20\u2009h\u200910<\/strong>.<\/p>\n<p class=\" wall-content\"><a href=\"https:\/\/actu.fr\/pays-de-la-loire\/nantes_44109\/parade-bateaux-concerts-voici-le-programme-de-debord-de-loire-2025-a-nantes_62749512.html\" target=\"_blank\" rel=\"noopener\">Un bal est aussi annonc\u00e9 le samedi au village quai de la Fosse vers 21\u2009h.<\/a><\/p>\n<p>Refugee Food Festival<\/p>\n<p class=\" wall-content\">Depuis le 11\u00a0juin 2025, dans la m\u00e9tropole, des chefs et amateurs de cuisine r\u00e9fugi\u00e9s participeront \u00e0 une collaboration avec de nombreux \u00e9tablissements culinaires de Nantes, pour proposer de nouvelles recettes venues de partout dans le monde.<a href=\"https:\/\/actu.fr\/pays-de-la-loire\/nantes_44109\/nantes-vous-allez-vous-regaler-avec-ce-festival-culinaire-interculturel_62669747.html\" target=\"_blank\" rel=\"noopener\"> C\u2019est le Refugee Food Festival.<\/a><\/p>\n<p class=\" wall-content\"><strong>Samedi 14\u00a0juin, \u00e0 19\u2009h,<\/strong> sera la journ\u00e9e de cl\u00f4ture avec, <strong>au Grand Bain<\/strong>, un banquet festif de cl\u00f4ture aux accents franco-\u00e9rythr\u00e9ens par Mebrihit Kiros Hagos et Juliette Rouill\u00e9-Patrier, cheffe de Personnes. <a href=\"https:\/\/www.helloasso.com\/associations\/food-sweet-food\/evenements\/banquet-de-cloture-a-nantes\" target=\"_blank\" rel=\"noopener\">Cliquez ici pour acc\u00e9der \u00e0 la billetterie<\/a>.<\/p>\n<p>Pride<\/p>\n<p class=\" wall-content\"><a href=\"https:\/\/actu.fr\/pays-de-la-loire\/nantes_44109\/dates-lieux-illuminations-voici-le-programme-du-mois-des-fiertes-a-nantes_62708803.html\" target=\"_blank\" rel=\"noopener\">C\u2019est le mois des fiert\u00e9s\u2009!<\/a> Et, ce samedi c\u2019est la Marche des fiert\u00e9s. \u00ab\u2009Toutes nos couleurs et origines brillent contre l\u2019obscurantisme\u2009\u00bb est la th\u00e9matique de cette ann\u00e9e, pour faire \u00e9cho avec \u00ab\u2009les menaces et discriminations qui persistent \u00e0 l\u2019encontre de la communaut\u00e9 LGBTQIA +, sur le plan international et europ\u00e9en\u2009\u00bb, indique la Ville de Nantes.<\/p>\n<p class=\" wall-content\"><strong>Elle partira de la place Foch \u00e0 14h.<\/strong> La collectivit\u00e9 tiendra aussi un stand au sein du village associatif, de 11\u2009h \u00e0 19\u2009h.<\/p>\n<p class=\" wall-content\">Jusqu\u2019au lundi 16\u00a0juin, il est aussi possible d\u2019admirer le miroir d\u2019eau et le th\u00e9\u00e2tre Graslin, \u00e9clair\u00e9s aux couleurs de l\u2019arc-en-ciel.<\/p>\n<p>DJ\u2019s aux balcons<\/p>\n<p class=\" wall-content\">L\u2019Association des Commer\u00e7ants et l\u2019Association des Habitants, en partenariat avec les bars de la rue Mar\u00e9chal Joffre et avec le soutien de l\u2019UNACOD, organisent DJ\u2019s aux balcons jusqu\u2019au 14\u00a0juin. Les <strong>habitants pr\u00eatent aux DJ\u2019s leur balcon<\/strong> pour qu\u2019ils donnent un concert.<\/p>\n<p class=\" wall-content\">Samedi, ce sera au tour d\u2019<strong>ABL sono<\/strong> (Funky Disco House) de mettre de l\u2019ambiance dans les rues de Nantes <strong>de 21\u2009h \u00e0 23\u2009h.<\/strong><\/p>\n<p>Les pataugeoires<\/p>\n<p class=\" wall-content\">Depuis le 7\u00a0juin 2025 dans la ville de Nantes, <a href=\"https:\/\/actu.fr\/pays-de-la-loire\/nantes_44109\/pour-l-arrivee-de-l-ete-les-pataugeoires-de-nantes-rouvrent-leurs-portes_62731983.html\" target=\"_blank\" rel=\"noopener\">plusieurs pataugeoires et aires de jeux d\u2019eau ont rouvert.<\/a> Ces espaces d\u2019eau, profonds d\u2019une quarantaine de centim\u00e8tres au maximum, sont gratuits pour tout le monde, et accessibles\u00a024\u2009h\/24 et 7j\/7.<\/p>\n<p class=\" wall-content\">Il y en a 17 dans Nantes et sa m\u00e9tropole.<\/p>\n<p class=\" wall-content\">Suivez toute l\u2019actualit\u00e9 de vos villes et m\u00e9dias favoris en vous inscrivant \u00e0 <a href=\"https:\/\/moncompte.actu.fr\" title=\"D\u00e9couvez Mon Actu\" rel=\"nofollow noopener\" data-trk=\"{&quot;cta&quot;:{&quot;action&quot;:&quot;https:\\\/\\\/moncompte.actu.fr&quot;,&quot;category&quot;:&quot;mon compte&quot;,&quot;from&quot;:&quot;article footer&quot;,&quot;name&quot;:&quot;Mon actu&quot;,&quot;type&quot;:&quot;cta&quot;}}\" target=\"_blank\">Mon Actu<\/a>.<\/p>\n","protected":false},"excerpt":{"rendered":"Par Laure Gentil Publi\u00e9 le 13 juin 2025 \u00e0 17h05 C\u2019est bient\u00f4t le week-end mais vous ne savez&hellip;\n","protected":false},"author":2,"featured_media":173671,"comment_status":"","ping_status":"","sticky":false,"template":"","format":"standard","meta":{"footnotes":""},"categories":[2818],"tags":[1111,11,1063,1777,674,1011,27,1652,766,12,2636,25],"class_list":{"0":"post-173670","1":"post","2":"type-post","3":"status-publish","4":"format-standard","5":"has-post-thumbnail","7":"category-nantes","8":"tag-actu","9":"tag-actualites","10":"tag-animations","11":"tag-eu","12":"tag-europe","13":"tag-fr","14":"tag-france","15":"tag-loisirs-culture","16":"tag-nantes","17":"tag-news","18":"tag-pays-de-la-loire","19":"tag-republique-francaise"},"share_on_mastodon":{"url":"https:\/\/pubeurope.com\/@fr\/114676779171620335","error":""},"_links":{"self":[{"href":"https:\/\/www.europesays.com\/fr\/wp-json\/wp\/v2\/posts\/173670","targetHints":{"allow":["GET"]}}],"collection":[{"href":"https:\/\/www.europesays.com\/fr\/wp-json\/wp\/v2\/posts"}],"about":[{"href":"https:\/\/www.europesays.com\/fr\/wp-json\/wp\/v2\/types\/post"}],"author":[{"embeddable":true,"href":"https:\/\/www.europesays.com\/fr\/wp-json\/wp\/v2\/users\/2"}],"replies":[{"embeddable":true,"href":"https:\/\/www.europesays.com\/fr\/wp-json\/wp\/v2\/comments?post=173670"}],"version-history":[{"count":0,"href":"https:\/\/www.europesays.com\/fr\/wp-json\/wp\/v2\/posts\/173670\/revisions"}],"wp:featuredmedia":[{"embeddable":true,"href":"https:\/\/www.europesays.com\/fr\/wp-json\/wp\/v2\/media\/173671"}],"wp:attachment":[{"href":"https:\/\/www.europesays.com\/fr\/wp-json\/wp\/v2\/media?parent=173670"}],"wp:term":[{"taxonomy":"category","embeddable":true,"href":"https:\/\/www.europesays.com\/fr\/wp-json\/wp\/v2\/categories?post=173670"},{"taxonomy":"post_tag","embeddable":true,"href":"https:\/\/www.europesays.com\/fr\/wp-json\/wp\/v2\/tags?post=173670"}],"curies":[{"name":"wp","href":"https:\/\/api.w.org\/{rel}","templated":true}]}}