{"id":173676,"date":"2025-06-13T15:34:09","date_gmt":"2025-06-13T15:34:09","guid":{"rendered":"https:\/\/www.europesays.com\/fr\/173676\/"},"modified":"2025-06-13T15:34:09","modified_gmt":"2025-06-13T15:34:09","slug":"la-prefecture-annonce-le-maintien-de-la-piste-secondaire-de-laeroport-de-bordeaux-merignac","status":"publish","type":"post","link":"https:\/\/www.europesays.com\/fr\/173676\/","title":{"rendered":"La pr\u00e9fecture annonce le maintien de la piste secondaire de l\u2019a\u00e9roport de Bordeaux-M\u00e9rignac"},"content":{"rendered":"<p>En d\u00e9pit des protestations de plusieurs associations de riverains qui d\u00e9noncent des nuisances sonores, la piste secondaire de l\u2019a\u00e9roport de Bordeaux-M\u00e9rignac sera finalement maintenue, a annonc\u00e9 jeudi le pr\u00e9fet de la Gironde.<\/p>\n<p class=\"fig-paragraph\">Les opposants \u00e0 la\u00a0<a href=\"http:\/\/www.lefigaro.fr\/bordeaux\/la-fermeture-envisagee-de-la-piste-secondaire-de-l-aeroport-de-bordeaux-divise-les-communes-de-la-metropole-20240529\" data-fig-type=\"NewsFlash\" data-gtm-custom-categorie=\"navigation\" data-gtm-custom-action=\"crossclick\" data-gtm-custom-label=\"Contextuel\" data-gtm-event=\"customEventSPE\" data-fig-domain=\"LEFIGARO\" target=\"_blank\" rel=\"noopener\">fermeture de la piste s\u00e9cante<\/a>\u00a0de l\u2019<a href=\"http:\/\/www.lefigaro.fr\/bordeaux\/l-aeroport-de-bordeaux-merignac-sera-t-il-bientot-l-un-des-plus-restrictifs-de-france-sur-les-nuisances-sonores-20250129\" data-fig-type=\"NewsFlash\" data-gtm-custom-categorie=\"navigation\" data-gtm-custom-action=\"crossclick\" data-gtm-custom-label=\"Contextuel\" data-gtm-event=\"customEventSPE\" data-fig-domain=\"LEFIGARO\" target=\"_blank\" rel=\"noopener\">a\u00e9roport de Bordeaux-M\u00e9rignac<\/a>\u00a0l\u2019emportent. Le ministre des transports a tranch\u00e9, annonce le pr\u00e9fet de la Gironde dans un communiqu\u00e9 ce jeudi\u00a0:\u00a0<a href=\"http:\/\/www.lefigaro.fr\/bordeaux\/aeroport-de-bordeaux-elus-et-habitants-fustigent-le-potentiel-maintien-de-la-piste-secante-20250205\" data-fig-type=\"NewsFlash\" data-gtm-custom-categorie=\"navigation\" data-gtm-custom-action=\"crossclick\" data-gtm-custom-label=\"Contextuel\" data-gtm-event=\"customEventSPE\" data-fig-domain=\"LEFIGARO\" target=\"_blank\" rel=\"noopener\">la piste secondaire est maintenue<\/a>.\u00a0<a href=\"http:\/\/www.lefigaro.fr\/bordeaux\/aeroport-de-bordeaux-les-opposants-au-maintien-de-la-piste-secante-vont-manifester-ce-samedi-20250329\" data-fig-type=\"NewsFlash\" data-gtm-custom-categorie=\"navigation\" data-gtm-custom-action=\"crossclick\" data-gtm-custom-label=\"Contextuel\" data-gtm-event=\"customEventSPE\" data-fig-domain=\"LEFIGARO\" target=\"_blank\" rel=\"noopener\">Critiqu\u00e9e<\/a>\u00a0par plusieurs riverains et \u00e9lus qui demandaient sa fermeture pour cause de nuisances sonores, la voie controvers\u00e9e a fait l\u2019objet durant deux ans \u00abd\u2019un travail approfondi de concertation et d\u2019analyse\u00bb incluant une consultation.<\/p>\n<p class=\"fig-paragraph\">En service depuis 1939, cette piste secondaire est indispensable pour maintenir l\u2019a\u00e9roport ouvert lors de fortes intemp\u00e9ries ou de travaux emp\u00eachant l\u2019atterrissage sur la piste principale, indique la pr\u00e9fecture. La fermeture de la voie, qui re\u00e7oit 15% du trafic \u00e0 l\u2019ann\u00e9e et 25% l\u2019\u00e9t\u00e9, entra\u00eenerait \u00e9galement un \u00abreport significatif des nuisances sonores vers la piste principale, affectant directement ses riverains\u00bb. Ce que l\u2019\u00c9tat souhaite \u00e9viter.<\/p>\n<p class=\"fig-paragraph\">Des mesures d\u2019encadrement et d\u2019observation doivent toutefois \u00eatre mises en place autour de la piste secondaire afin de tenter de soulager des nuisances sonores les habitations aux alentours.<\/p>\n","protected":false},"excerpt":{"rendered":"En d\u00e9pit des protestations de plusieurs associations de riverains qui d\u00e9noncent des nuisances sonores, la piste secondaire de&hellip;\n","protected":false},"author":2,"featured_media":173677,"comment_status":"","ping_status":"","sticky":false,"template":"","format":"standard","meta":{"footnotes":""},"categories":[2817],"tags":[1111,11,37,1997,2916,2911,2910,2915,2909,2904,2913,2912,2914,2906,2907,51,1777,674,1011,27,2905,2908,12,2219,2901,25],"class_list":{"0":"post-173676","1":"post","2":"type-post","3":"status-publish","4":"format-standard","5":"has-post-thumbnail","7":"category-bordeaux","8":"tag-actu","9":"tag-actualites","10":"tag-avion","11":"tag-bordeaux","12":"tag-bordeaux-cauderan","13":"tag-bordeaux-centre-ville","14":"tag-bordeaux-chartrons-grand-parc-jardin-public","15":"tag-bordeaux-la-bastide","16":"tag-bordeaux-maritime","17":"tag-bordeaux-metropole","18":"tag-bordeaux-nansouty-st-genes","19":"tag-bordeaux-st-augustin-tauzin-alphonse-dupeux","20":"tag-bordeaux-sud","21":"tag-capitale-de-gaule","22":"tag-cathedrale-gothique-de-saint-andre","23":"tag-ecologie","24":"tag-eu","25":"tag-europe","26":"tag-fr","27":"tag-france","28":"tag-gironde","29":"tag-girondins-de-bordeaux","30":"tag-news","31":"tag-nouvelle-aquitaine","32":"tag-nuisances-sonores","33":"tag-republique-francaise"},"share_on_mastodon":{"url":"","error":"Validation failed: Text character limit of 500 exceeded"},"_links":{"self":[{"href":"https:\/\/www.europesays.com\/fr\/wp-json\/wp\/v2\/posts\/173676","targetHints":{"allow":["GET"]}}],"collection":[{"href":"https:\/\/www.europesays.com\/fr\/wp-json\/wp\/v2\/posts"}],"about":[{"href":"https:\/\/www.europesays.com\/fr\/wp-json\/wp\/v2\/types\/post"}],"author":[{"embeddable":true,"href":"https:\/\/www.europesays.com\/fr\/wp-json\/wp\/v2\/users\/2"}],"replies":[{"embeddable":true,"href":"https:\/\/www.europesays.com\/fr\/wp-json\/wp\/v2\/comments?post=173676"}],"version-history":[{"count":0,"href":"https:\/\/www.europesays.com\/fr\/wp-json\/wp\/v2\/posts\/173676\/revisions"}],"wp:featuredmedia":[{"embeddable":true,"href":"https:\/\/www.europesays.com\/fr\/wp-json\/wp\/v2\/media\/173677"}],"wp:attachment":[{"href":"https:\/\/www.europesays.com\/fr\/wp-json\/wp\/v2\/media?parent=173676"}],"wp:term":[{"taxonomy":"category","embeddable":true,"href":"https:\/\/www.europesays.com\/fr\/wp-json\/wp\/v2\/categories?post=173676"},{"taxonomy":"post_tag","embeddable":true,"href":"https:\/\/www.europesays.com\/fr\/wp-json\/wp\/v2\/tags?post=173676"}],"curies":[{"name":"wp","href":"https:\/\/api.w.org\/{rel}","templated":true}]}}