{"id":173704,"date":"2025-06-13T15:52:10","date_gmt":"2025-06-13T15:52:10","guid":{"rendered":"https:\/\/www.europesays.com\/fr\/173704\/"},"modified":"2025-06-13T15:52:10","modified_gmt":"2025-06-13T15:52:10","slug":"en-russie-une-nouvelle-messagerie-detat-bientot-installee-sur-tous-les-smartphones","status":"publish","type":"post","link":"https:\/\/www.europesays.com\/fr\/173704\/","title":{"rendered":"En Russie, une nouvelle messagerie d\u2019\u00c9tat bient\u00f4t install\u00e9e sur tous les smartphones"},"content":{"rendered":"\n<p>La Russie fait un pas de plus vers son \u201cInternet souverain\u201d. Le 1er\u00a0septembre, toutes les tablettes et tous les smartphones vendus sur son territoire devront contenir parmi les applications pr\u00e9install\u00e9es un nouveau service de messagerie baptis\u00e9<strong> <\/strong>\u201cMax\u201d et d\u00e9velopp\u00e9 par VKontakte, le g\u00e9ant du num\u00e9rique russe. <a href=\"https:\/\/www.pnp.ru\/social\/rossiyskiy-messendzher-poyavitsya-vo-vsekh-smartfonakh-s-1-sentyabrya.html\" target=\"_blank\" rel=\"noopener\">Pr\u00e9sent\u00e9 par le journal parlementaire <strong>Parlamentska\u00efa Gazeta<\/strong><\/a> comme une \u201cplateforme multifonctionnelle, moderne et s\u00e9curis\u00e9e\u201d, Max ambitionne de remplacer Telegram, WhatsApp ou encore Signal en Russie.<\/p>\n<p>La nouvelle application ne se limite pas aux \u00e9changes de messages. Elle doit int\u00e9grer un dispositif d\u2019acc\u00e8s au portail des services publics, Gosuslugi. Elle permettra ainsi de signer des documents officiels, d\u2019acc\u00e9der au livret scolaire de ses enfants, ou encore de pr\u00e9senter un \u201cDigital ID\u201d, substitut \u00e9lectronique du passeport russe, indique Parlamentska\u00efa Gazeta.<\/p>\n<p>L\u2019avocat sp\u00e9cialis\u00e9 en droit num\u00e9rique Sarkis Darbinyan, <a href=\"https:\/\/novayagazeta.eu\/articles\/2025\/06\/12\/sumasshedshii-eksperiment-nad-liudmi\" target=\"_blank\" rel=\"noopener\">interrog\u00e9 par le m\u00e9dia en exil russe <strong>Nova\u00efa Gazeta Europe<\/strong><\/a><strong>,<\/strong> met en garde\u00a0: le mod\u00e8le s\u2019inspire clairement de la plateforme chinoise WeChat en transformant Max \u201cen portail d\u2019interaction entre le citoyen et l\u2019\u00c9tat\u201d pour \u201cforcer les utilisateurs russes \u00e0 basculer sur une messagerie surveill\u00e9e et soumise \u00e0 la <a href=\"https:\/\/www.courrierinternational.com\/sujet\/censure\" target=\"_blank\" rel=\"noopener\">censure<\/a>\u201d.<\/p>\n<p> R\u00e9ticents au changement <\/p>\n<p>Apr\u00e8s l\u2019annonce de Moscou, le projet suscite critiques et scepticisme, m\u00eame dans la presse proch<\/p>\n","protected":false},"excerpt":{"rendered":"La Russie fait un pas de plus vers son \u201cInternet souverain\u201d. Le 1er\u00a0septembre, toutes les tablettes et tous&hellip;\n","protected":false},"author":2,"featured_media":173705,"comment_status":"","ping_status":"","sticky":false,"template":"","format":"standard","meta":{"footnotes":""},"categories":[1591],"tags":[11,8035,674,1887,8635,12,1885,1886,132,30891,1857,9673],"class_list":{"0":"post-173704","1":"post","2":"type-post","3":"status-publish","4":"format-standard","5":"has-post-thumbnail","7":"category-russie","8":"tag-actualites","9":"tag-application","10":"tag-europe","11":"tag-federation-de-russie","12":"tag-libertu00e9-dexpression","13":"tag-news","14":"tag-russia","15":"tag-russian-federation","16":"tag-russie","17":"tag-smartphones","18":"tag-sociu00e9tu00e9","19":"tag-surveillance"},"share_on_mastodon":{"url":"https:\/\/pubeurope.com\/@fr\/114676861773307086","error":""},"_links":{"self":[{"href":"https:\/\/www.europesays.com\/fr\/wp-json\/wp\/v2\/posts\/173704","targetHints":{"allow":["GET"]}}],"collection":[{"href":"https:\/\/www.europesays.com\/fr\/wp-json\/wp\/v2\/posts"}],"about":[{"href":"https:\/\/www.europesays.com\/fr\/wp-json\/wp\/v2\/types\/post"}],"author":[{"embeddable":true,"href":"https:\/\/www.europesays.com\/fr\/wp-json\/wp\/v2\/users\/2"}],"replies":[{"embeddable":true,"href":"https:\/\/www.europesays.com\/fr\/wp-json\/wp\/v2\/comments?post=173704"}],"version-history":[{"count":0,"href":"https:\/\/www.europesays.com\/fr\/wp-json\/wp\/v2\/posts\/173704\/revisions"}],"wp:featuredmedia":[{"embeddable":true,"href":"https:\/\/www.europesays.com\/fr\/wp-json\/wp\/v2\/media\/173705"}],"wp:attachment":[{"href":"https:\/\/www.europesays.com\/fr\/wp-json\/wp\/v2\/media?parent=173704"}],"wp:term":[{"taxonomy":"category","embeddable":true,"href":"https:\/\/www.europesays.com\/fr\/wp-json\/wp\/v2\/categories?post=173704"},{"taxonomy":"post_tag","embeddable":true,"href":"https:\/\/www.europesays.com\/fr\/wp-json\/wp\/v2\/tags?post=173704"}],"curies":[{"name":"wp","href":"https:\/\/api.w.org\/{rel}","templated":true}]}}