{"id":173706,"date":"2025-06-13T15:53:10","date_gmt":"2025-06-13T15:53:10","guid":{"rendered":"https:\/\/www.europesays.com\/fr\/173706\/"},"modified":"2025-06-13T15:53:10","modified_gmt":"2025-06-13T15:53:10","slug":"avec-le-pape-leon-xiv-lengagement-caritatif-en-ukraine-se-poursuit","status":"publish","type":"post","link":"https:\/\/www.europesays.com\/fr\/173706\/","title":{"rendered":"Avec le Pape L\u00e9on XIV, l&rsquo;engagement caritatif en Ukraine se poursuit"},"content":{"rendered":"<p>Un camion d&rsquo;aide est arriv\u00e9 \u00e0 Kharkiv, l&rsquo;une des zones les plus touch\u00e9es ces derniers temps par l&rsquo;offensive russe. \u00abL&rsquo;engagement du Saint-Si\u00e8ge envers les n\u00e9cessiteux ne conna\u00eet ni repos ni tr\u00eave\u00bb, a soulign\u00e9 le cardinal Konrad Krajewski, aum\u00f4nier du Pape.<\/p>\n<p><b>Benedetta Capelli &#8211; Cit\u00e9 du Vatican<\/b><\/p>\n<p>\u00abM\u00eame pendant la Sede Vacante, l\u2019Aum\u00f4nerie apostolique a poursuivi sa mission: apporter la charit\u00e9 du Pape l\u00e0 o\u00f9 il y a des besoins\u00bb, a d\u00e9clar\u00e9 le cardinal Konrad Krajewski, aum\u00f4nier du Pape. Un imposant camion d&rsquo;aide humanitaire, parti il y a quelques jours\u00a0de la\u00a0basilique Sainte-Sophie \u00e0 Rome,\u00a0est arriv\u00e9 \u00e0\u00a0Kharkiv, ville ukrainienne particuli\u00e8rement touch\u00e9e ces derni\u00e8res semaines par les nombreux bombardements russes. \u00abLa charit\u00e9 ne s&rsquo;arr\u00eate jamais\u00bb, a soulign\u00e9 le cardinal. Et ses paroles sont accompagn\u00e9es d&rsquo;actes, comme en t\u00e9moigne les quelques photos re\u00e7ues au Vatican, qui d\u00e9montrent \u00e0 quel point\u00a0<a href=\"https:\/\/www.vatican.va\/content\/leo-xiv\/fr\/angelus\/2025\/documents\/20250518-regina-caeli.html\" target=\"_blank\" rel=\"external noopener\">\u00abl&rsquo;Ukraine tourment\u00e9e\u00bb<\/a>,\u00a0selon l&rsquo;expression du Pape Fran\u00e7ois reprise par L\u00e9on XIV, a toujours \u00e9t\u00e9 dans le c\u0153ur des pontifes.<\/p>\n<p>    <img decoding=\"async\" src=\"data:image\/gif;base64,R0lGODlhAQABAIAAAAAAAP\/\/\/yH5BAEAAAAALAAAAAABAAEAAAIBRAA7\" data-original=\"https:\/\/www.vaticannews.va\/content\/dam\/vaticannews\/multimedia\/2025\/giugno\/12\/WhatsApp-Image-2025-06-12-at-14.42.07aem.jpg\/_jcr_content\/renditions\/cq5dam.thumbnail.cropped.750.422.jpeg\" alt=\"Le camion est arriv\u00e9 en Ukraine.\" title=\"Le camion est arriv\u00e9 en Ukraine.\"\/><\/p>\n<p>\n   Le camion est arriv\u00e9 en Ukraine.\n  <\/p>\n<p><b>Envoi en Ukraine<\/b> <\/p>\n<p>Depuis le d\u00e9but de la guerre, Sainte-Sophie, l&rsquo;\u00e9glise des Ukrainiens de Rome, est devenue le point de collecte de la solidarit\u00e9 de toute une ville. L\u2019Aum\u00f4nerie apostolique a \u00e9galement apport\u00e9 tout ce qu&rsquo;elle a collect\u00e9 \u00e0 l&rsquo;entrep\u00f4t du Pape pour le nouvel envoi d&rsquo;aide. \u00abNous avons \u00e9galement mis dans le camion des chaises et des tables que nous avons r\u00e9cup\u00e9r\u00e9es dans un h\u00f4tel qui s&rsquo;en d\u00e9barrassait\u00bb, a expliqu\u00e9 le cardinal Krajewski. Le camion contenait \u00e9galement des matelas, des denr\u00e9es alimentaires et de nombreux articles pour enfants. \u00abIls ont besoin de tout, poursuit le cardinal, surtout en ce moment\u00bb. En cette p\u00e9riode o\u00f9 les besoins deviennent urgents, le Pape L\u00e9on XIV r\u00e9pond par son engagement et sa proximit\u00e9.<\/p>\n<p>    <img decoding=\"async\" src=\"data:image\/gif;base64,R0lGODlhAQABAIAAAAAAAP\/\/\/yH5BAEAAAAALAAAAAABAAEAAAIBRAA7\" data-original=\"https:\/\/www.vaticannews.va\/content\/dam\/vaticannews\/multimedia\/2025\/giugno\/12\/WhatsApp-Image-2025-06-12-at-14.42.09aem.jpg\/_jcr_content\/renditions\/cq5dam.thumbnail.cropped.750.422.jpeg\" alt=\"Le camion est arriv\u00e9 en Ukraine.\" title=\"Le camion est arriv\u00e9 en Ukraine.\"\/><\/p>\n<p>\n   Le camion est arriv\u00e9 en Ukraine.\n  <\/p>\n","protected":false},"excerpt":{"rendered":"Un camion d&rsquo;aide est arriv\u00e9 \u00e0 Kharkiv, l&rsquo;une des zones les plus touch\u00e9es ces derniers temps par l&rsquo;offensive&hellip;\n","protected":false},"author":2,"featured_media":173707,"comment_status":"","ping_status":"","sticky":false,"template":"","format":"standard","meta":{"footnotes":""},"categories":[1590],"tags":[11,30892,18362,1777,674,1146,30893,12,104,220],"class_list":{"0":"post-173706","1":"post","2":"type-post","3":"status-publish","4":"format-standard","5":"has-post-thumbnail","7":"category-ukraine","8":"tag-actualites","9":"tag-aumonerie-apostolique","10":"tag-cardinaux","11":"tag-eu","12":"tag-europe","13":"tag-guerre","14":"tag-konrad-krajewski","15":"tag-news","16":"tag-societe","17":"tag-ukraine"},"share_on_mastodon":{"url":"https:\/\/pubeurope.com\/@fr\/114676865724461174","error":""},"_links":{"self":[{"href":"https:\/\/www.europesays.com\/fr\/wp-json\/wp\/v2\/posts\/173706","targetHints":{"allow":["GET"]}}],"collection":[{"href":"https:\/\/www.europesays.com\/fr\/wp-json\/wp\/v2\/posts"}],"about":[{"href":"https:\/\/www.europesays.com\/fr\/wp-json\/wp\/v2\/types\/post"}],"author":[{"embeddable":true,"href":"https:\/\/www.europesays.com\/fr\/wp-json\/wp\/v2\/users\/2"}],"replies":[{"embeddable":true,"href":"https:\/\/www.europesays.com\/fr\/wp-json\/wp\/v2\/comments?post=173706"}],"version-history":[{"count":0,"href":"https:\/\/www.europesays.com\/fr\/wp-json\/wp\/v2\/posts\/173706\/revisions"}],"wp:featuredmedia":[{"embeddable":true,"href":"https:\/\/www.europesays.com\/fr\/wp-json\/wp\/v2\/media\/173707"}],"wp:attachment":[{"href":"https:\/\/www.europesays.com\/fr\/wp-json\/wp\/v2\/media?parent=173706"}],"wp:term":[{"taxonomy":"category","embeddable":true,"href":"https:\/\/www.europesays.com\/fr\/wp-json\/wp\/v2\/categories?post=173706"},{"taxonomy":"post_tag","embeddable":true,"href":"https:\/\/www.europesays.com\/fr\/wp-json\/wp\/v2\/tags?post=173706"}],"curies":[{"name":"wp","href":"https:\/\/api.w.org\/{rel}","templated":true}]}}