{"id":173724,"date":"2025-06-13T16:04:09","date_gmt":"2025-06-13T16:04:09","guid":{"rendered":"https:\/\/www.europesays.com\/fr\/173724\/"},"modified":"2025-06-13T16:04:09","modified_gmt":"2025-06-13T16:04:09","slug":"barrages-top-14-le-duel-entre-bayonne-et-clermont-reporte-a-cause-des-orages-le-figaro","status":"publish","type":"post","link":"https:\/\/www.europesays.com\/fr\/173724\/","title":{"rendered":"Barrages Top 14 : le duel entre Bayonne et Clermont report\u00e9 \u00e0 cause des orages ? &#8211; Le Figaro"},"content":{"rendered":"<ol>\n<li><a href=\"https:\/\/news.google.com\/rss\/articles\/CBMitAFBVV95cUxOSFFUeC1Yci1pR1FDOXN2Q0xkX1VHczZTYi1uTlFudTlJRVR0YXQ1SEdqVjN6dWUzRGtRSU05eElUUUdpc09uQ2tmdnMyMGY1cTM1cHkxOGpQeTQwWVJqalpEZmlPZEVreU1CX280eW80THRwdXlWS3hmVmpuZDh1Z0h0bUkzeEp4ckZpdXNnRDVsVlhLOVI5NlN1aHkyM3hid21vQ0FJWjZrb3V1OGlmdFhxM3M?oc=5\" target=\"_blank\" rel=\"noopener\">Barrages Top 14 : le duel entre Bayonne et Clermont report\u00e9 \u00e0 cause des orages ?<\/a>&nbsp;&nbsp;Le Figaro<\/li>\n<li><a href=\"https:\/\/news.google.com\/rss\/articles\/CBMinwFBVV95cUxNWENNVlFCT1FMTF8wSFp3d2M0S0lqaUJNTTFlRnV4clpuSVI1R25iMUR2Q2hBWmV6Tkk2NXJzcExsalNaZDJfX1VFc095d2NBWFBNQ3ZkbGpEUWM2TVhIZy1TWHFUZEJFZkhnajFoMzFSaU9vWG41OWdYY0M5R1lqNHRlbVdWSjhiakdFaG1SMnlvSFE5bkNRN0t1ZDFSVVE?oc=5\" target=\"_blank\" rel=\"noopener\">Top 14 : malgr\u00e9 la vigilance orange aux orages d\u00e9cr\u00e9t\u00e9e sur le Pays basque, le match Bayonne-Clermont devrait bien avoir lieu<\/a>&nbsp;&nbsp;L&rsquo;\u00c9quipe<\/li>\n<li><a href=\"https:\/\/news.google.com\/rss\/articles\/CBMi4wFBVV95cUxNQXhFYXdJc2taaWc0VWxYV19sbzUtQU9ZcHI5dXVNN2JnVm5TRE9DTTZUb0JLZTV4LUV6bzlCS3ZtcXdiTHRyakVyN3RCQ2lxSG9wMHU0OW85RElsSXViWWt4R2FkNE5NRU42RkdrQ09NRVlYaXBqQjVCLTY0ODVJbk1nQVFUZHY1c1ZxeFZvd3NfU004djdlTmptdWRvVklHYUJjdWwtNEItNGdzdmp2ZWs0VTc2bnFGem9yb3g1b3J3ZC11S0hpbjZkbGNwYmxYaFpCOW9rMnhMZ3hMSFlvMEFIWQ?oc=5\" target=\"_blank\" rel=\"noopener\">Direct. Bayonne &#8211; Clermont : communion, ferveur et tension\u2026 l\u2019avant-match du barrage historique de Top 14<\/a>&nbsp;&nbsp;Rugbyrama<\/li>\n<li><a href=\"https:\/\/news.google.com\/rss\/articles\/CBMitwFBVV95cUxQSlpiNGsybFhpaUhXQ0hsazM2ZmdjOUNETnUwUmhqTFQzWmVSNTdOQllWNE5JNUw3dWpDXzJlbGNiWTd1cGI5bksxck5PdjgyNXZGLU95NTFGQWhFNXRIYzZLSjZSZG9QTlBfU0ZqN21mZWJXQV8wQzBuamh2TFRWYlI4el9kbk8weFMxRkRSdWpLenNrazV4NlNuX1J0a1p4ZnlZSHh2bmpBck1WOExTMm9nTk9xeG8?oc=5\" target=\"_blank\" rel=\"noopener\">Top 14 (barrages) : Vers un report de Bayonne &#8211; Clermont ?<\/a>&nbsp;&nbsp;Orange Actualit\u00e9s | Sports<\/li>\n<li><a href=\"https:\/\/news.google.com\/rss\/articles\/CBMi9AFBVV95cUxOdHM1c1NnaFR5U09OM0xRTzc2aVhDTF9veWZfODA3cXEtYmM5M0tGaG5rTWhTN3I2YXZuR0trbzk3T3ZLenRVbl9kUlZXeEVrUHN3VHBkOXVGTUhnZmlQZG5Bd192YkxxTnNydWZiZW01Snp5SDZyMk44akNzTXc4dW9idHdRaW1pYVNla0FyODR0Y3NMVzNYbXZHTFp6SVgtTHFRTkpPSUlOQndFeFc4YUY4dlZrUmIxSXAzUV9meTVWUVBzbENoMWdjYnRDeWIxb1lLbjV5cEpfUHVHRnRZNC1ycXhGSUtiSFYxcG56eFY2b0FV?oc=5\" target=\"_blank\" rel=\"noopener\">Top 14 : le barrage entre Bayonne et l&rsquo;ASM Clermont, maintenu pour l&rsquo;instant malgr\u00e9 les orages<\/a>&nbsp;&nbsp;La Montagne<\/li>\n<\/ol>\n","protected":false},"excerpt":{"rendered":"Barrages Top 14 : le duel entre Bayonne et Clermont report\u00e9 \u00e0 cause des orages ?&nbsp;&nbsp;Le Figaro Top&hellip;\n","protected":false},"author":2,"featured_media":173725,"comment_status":"","ping_status":"","sticky":false,"template":"","format":"standard","meta":{"footnotes":""},"categories":[1416],"tags":[10980,4736,525,4590,1981,2313,814,1011,27,955,4594,4589,2311,1980,479,1468,2259,60,478,2310,2312],"class_list":{"0":"post-173724","1":"post","2":"type-post","3":"status-publish","4":"format-standard","5":"has-post-thumbnail","7":"category-rugby","8":"tag-asm-clermont-auvergne","9":"tag-aviron-bayonnais","10":"tag-calendrier","11":"tag-championnat-france","12":"tag-classement","13":"tag-clermont","14":"tag-direct","15":"tag-fr","16":"tag-france","17":"tag-match","18":"tag-orages","19":"tag-phase-finale","20":"tag-racing","21":"tag-resultats","22":"tag-rugby","23":"tag-rugby-football","24":"tag-score","25":"tag-sports","26":"tag-top-14","27":"tag-toulon","28":"tag-toulouse"},"share_on_mastodon":{"url":"https:\/\/pubeurope.com\/@fr\/114676908924815467","error":""},"_links":{"self":[{"href":"https:\/\/www.europesays.com\/fr\/wp-json\/wp\/v2\/posts\/173724","targetHints":{"allow":["GET"]}}],"collection":[{"href":"https:\/\/www.europesays.com\/fr\/wp-json\/wp\/v2\/posts"}],"about":[{"href":"https:\/\/www.europesays.com\/fr\/wp-json\/wp\/v2\/types\/post"}],"author":[{"embeddable":true,"href":"https:\/\/www.europesays.com\/fr\/wp-json\/wp\/v2\/users\/2"}],"replies":[{"embeddable":true,"href":"https:\/\/www.europesays.com\/fr\/wp-json\/wp\/v2\/comments?post=173724"}],"version-history":[{"count":0,"href":"https:\/\/www.europesays.com\/fr\/wp-json\/wp\/v2\/posts\/173724\/revisions"}],"wp:featuredmedia":[{"embeddable":true,"href":"https:\/\/www.europesays.com\/fr\/wp-json\/wp\/v2\/media\/173725"}],"wp:attachment":[{"href":"https:\/\/www.europesays.com\/fr\/wp-json\/wp\/v2\/media?parent=173724"}],"wp:term":[{"taxonomy":"category","embeddable":true,"href":"https:\/\/www.europesays.com\/fr\/wp-json\/wp\/v2\/categories?post=173724"},{"taxonomy":"post_tag","embeddable":true,"href":"https:\/\/www.europesays.com\/fr\/wp-json\/wp\/v2\/tags?post=173724"}],"curies":[{"name":"wp","href":"https:\/\/api.w.org\/{rel}","templated":true}]}}