{"id":173726,"date":"2025-06-13T16:05:14","date_gmt":"2025-06-13T16:05:14","guid":{"rendered":"https:\/\/www.europesays.com\/fr\/173726\/"},"modified":"2025-06-13T16:05:14","modified_gmt":"2025-06-13T16:05:14","slug":"wimbledon-la-reponse-directe-de-jimmy-connors-sur-novak-djokovic-est-ce-quil-peut-remporter-a-wimbledon-dans-un-mois-son-25e-titre-du-grand-chelem-bien-sur-pourquoi-pa","status":"publish","type":"post","link":"https:\/\/www.europesays.com\/fr\/173726\/","title":{"rendered":"Wimbledon > La r\u00e9ponse directe de Jimmy Connors sur Novak Djokovic : \u00ab\u00a0Est-ce qu\u2019il peut remporter \u00e0 Wimbledon dans un mois son 25e titre du Grand Chelem ? Bien s\u00fbr, pourquoi\u00a0pas\u00a0?\u00a0\u00bb"},"content":{"rendered":"<p>Bien qu\u2019il ne soit pas parvenu \u00e0 rallier la finale de Roland\u2010Garros, Novak Djokovic reste un pr\u00e9ten\u00addant redou\u00adtable pour le titre \u00e0 Wimbledon (30 juin au 13 juillet) selon un certain Jimmy Connors dans son podcast Advantage Connors.<\/p>\n<p><strong>\u00ab\u202fEst\u2010ce qu\u2019il peut remporter Wimbledon\u202f? Bien s\u00fbr, pour\u00adquoi pas\u202f? Son succ\u00e8s sur toutes les surfaces du Grand Chelem a \u00e9t\u00e9 assez incroyable, il faut le recon\u00adna\u00eetre. Je suis s\u00fbr qu\u2019il aurait aim\u00e9 aller en finale, battre Sinner et b\u00e9n\u00e9\u00adfi\u00adcier de cette confiance dans son jeu. Mais je ne cesse de le r\u00e9p\u00e9ter, vieillir et jouer contre ces jeunes n\u2019est pas une t\u00e2che facile, surtout dans ces matchs\u00a0en\u00a0trois\u00a0sets (gagnants).\u202f\u00bb<\/strong><\/p>\n<p>Reste \u00e0 savoir si le physique du Serbe tiendra le coup au bout des cinq sets face \u00e0 la nouvelle g\u00e9n\u00e9ration\u2026<\/p>\n<p class=\"post-published-date\" style=\"color: silver; font-size: 75%; text-align: left;\">Publi\u00e9 le vendredi 13 juin 2025 \u00e0 15:14<\/p>\n","protected":false},"excerpt":{"rendered":"Bien qu\u2019il ne soit pas parvenu \u00e0 rallier la finale de Roland\u2010Garros, Novak Djokovic reste un pr\u00e9ten\u00addant redou\u00adtable&hellip;\n","protected":false},"author":2,"featured_media":173727,"comment_status":"","ping_status":"","sticky":false,"template":"","format":"standard","meta":{"footnotes":""},"categories":[1415],"tags":[11582,105,1011,27,2127,60,1467],"class_list":{"0":"post-173726","1":"post","2":"type-post","3":"status-publish","4":"format-standard","5":"has-post-thumbnail","7":"category-tennis","8":"tag-connors","9":"tag-djokovic","10":"tag-fr","11":"tag-france","12":"tag-sinner","13":"tag-sports","14":"tag-tennis"},"share_on_mastodon":{"url":"https:\/\/pubeurope.com\/@fr\/114676912805914506","error":""},"_links":{"self":[{"href":"https:\/\/www.europesays.com\/fr\/wp-json\/wp\/v2\/posts\/173726","targetHints":{"allow":["GET"]}}],"collection":[{"href":"https:\/\/www.europesays.com\/fr\/wp-json\/wp\/v2\/posts"}],"about":[{"href":"https:\/\/www.europesays.com\/fr\/wp-json\/wp\/v2\/types\/post"}],"author":[{"embeddable":true,"href":"https:\/\/www.europesays.com\/fr\/wp-json\/wp\/v2\/users\/2"}],"replies":[{"embeddable":true,"href":"https:\/\/www.europesays.com\/fr\/wp-json\/wp\/v2\/comments?post=173726"}],"version-history":[{"count":0,"href":"https:\/\/www.europesays.com\/fr\/wp-json\/wp\/v2\/posts\/173726\/revisions"}],"wp:featuredmedia":[{"embeddable":true,"href":"https:\/\/www.europesays.com\/fr\/wp-json\/wp\/v2\/media\/173727"}],"wp:attachment":[{"href":"https:\/\/www.europesays.com\/fr\/wp-json\/wp\/v2\/media?parent=173726"}],"wp:term":[{"taxonomy":"category","embeddable":true,"href":"https:\/\/www.europesays.com\/fr\/wp-json\/wp\/v2\/categories?post=173726"},{"taxonomy":"post_tag","embeddable":true,"href":"https:\/\/www.europesays.com\/fr\/wp-json\/wp\/v2\/tags?post=173726"}],"curies":[{"name":"wp","href":"https:\/\/api.w.org\/{rel}","templated":true}]}}