{"id":17373,"date":"2025-04-11T13:21:14","date_gmt":"2025-04-11T13:21:14","guid":{"rendered":"https:\/\/www.europesays.com\/fr\/17373\/"},"modified":"2025-04-11T13:21:14","modified_gmt":"2025-04-11T13:21:14","slug":"le-calendrier-des-candidats-au-podium-de-ligue-1-au-crible","status":"publish","type":"post","link":"https:\/\/www.europesays.com\/fr\/17373\/","title":{"rendered":"le calendrier des candidats au podium de Ligue 1 au crible"},"content":{"rendered":"<p>Derri\u00e8re l&rsquo;ind\u00e9tr\u00f4nable Paris Saint-Germain, <a href=\"https:\/\/www.ledauphine.com\/sport\/2025\/04\/05\/ligue-1-vainqueur-d-angers-le-paris-saint-germain-est-champion-de-france\" target=\"_blank\" rel=\"nofollow noopener\">qui s&rsquo;est offert le week-end dernier un 13e titre de champion de France<\/a>, la\u00a0lutte\u00a0fait rage pour le podium de Ligue 1.\u00a0<\/p>\n<p>\u00c0 seulement six journ\u00e9es de la fin, au moins six \u00e9quipes pr\u00e9tendent encore \u00e0 accompagner le\u00a0PSG en Ligue des champions la saison prochaine, tout en sachant que la quatri\u00e8me place donne acc\u00e8s \u00e0 deux tours pr\u00e9liminaires pour atteindre la phase de ligue.\u00a0<\/p>\n<p>M\u00eame Brest (8e) et Lens (9e) peuvent toujours esp\u00e9rer atteindre les places europ\u00e9ennes, les Bretons affrontant notamment trois de leurs concurrents directs sur les quatre derni\u00e8res journ\u00e9es.\u00a0<\/p>\n<p>Tension sur les comptes des clubs<\/p>\n<p>Le suspense est \u00e0 son comble et les enjeux financiers sont colossaux. <a href=\"https:\/\/www.ledauphine.com\/sport\/2025\/02\/27\/dazn-a-verse-a-la-ligue-son-echeance-de-janvier-une-accalmie-dans-la-crise-des-droits-tv\" target=\"_blank\" rel=\"nofollow noopener\">En pleine crise des droits TV<\/a>, leur principale source de revenus, les clubs fran\u00e7ais ont un besoin imp\u00e9rieux de liquidit\u00e9s, que seule la participation \u00e0 la prestigieuse et lucrative\u00a0Ligue des champions\u00a0semble aujourd&rsquo;hui en mesure de combler.<\/p>\n<p>En grande difficult\u00e9 financi\u00e8re, certaines grosses cylindr\u00e9es &#8211; comme Lyon mais aussi Marseille ou Nice &#8211; n&rsquo;ont pas le choix, s&rsquo;ils veulent continuer d&rsquo;assumer leur on\u00e9reux train de vie. \u00c0 l&rsquo;aube de la 29e journ\u00e9e de Ligue 1 ce week-end, toutes\u00a0n&rsquo;ont pas les m\u00eames contraintes de calendrier.<\/p>\n<p>Ce contenu est bloqu\u00e9 car vous n&rsquo;avez pas accept\u00e9 les cookies et autres traceurs.<\/p>\n<p>En cliquant sur \u00ab J\u2019accepte \u00bb, les cookies et autres traceurs seront d\u00e9pos\u00e9s et vous pourrez visualiser les contenus  (<a href=\"\" class=\"consentModule_policy\" target=\"_blank\" title=\"Consulter la politique de protection des donn\u00e9es du fournisseur\">plus d&rsquo;informations<\/a>).<\/p>\n<p>En cliquant sur \u00ab J\u2019accepte tous les cookies \u00bb, vous autorisez des d\u00e9p\u00f4ts de cookies et autres traceurs pour le stockage de vos donn\u00e9es sur nos sites et applications \u00e0 des fins de personnalisation et de ciblage publicitaire.<\/p>\n<p class=\"consentModule_secondaryText\">Vous gardez la possibilit\u00e9 de retirer votre consentement \u00e0 tout moment en consultant notre <a href=\"https:\/\/www.ledauphine.com\/protection-des-donnees\" target=\"_blank\" title=\"Consulter notre politique de protection des donn\u00e9es\" rel=\"nofollow noopener\">politique de protection des donn\u00e9es<\/a>. <br \/>&#13;<br \/>\n            <a href=\"https:\/\/www.ledauphine.com\/sport\/2025\/04\/11\/javascript:Didomi.notice.show()\" class=\"consentModule_cmp\" rel=\"nofollow noopener\" target=\"_blank\">G\u00e9rer mes choix<\/a>&#13;\n        <\/p>\n<p>&#13;<br \/>\n                        J&rsquo;accepte&#13;<br \/>\n            J&rsquo;accepte tous les cookies&#13;\n        <\/p>\n<p class=\"componentDescription\">Le classement de la Ligue 1<\/p>\n<p>\t<img class=\"placeholder-svg\" loading=\"lazy\" decoding=\"async\" src=\"https:\/\/www.europesays.com\/fr\/wp-content\/uploads\/2025\/04\/twitter-X.svg.svg+xml\" alt=\"Twitter PlaceHolder\"\/><\/p>\n<p>  Marseille (2e, 52 pts)\u00a0: Deux d\u00e9placements p\u00e9rilleux \u00e0 n\u00e9gocier<\/p>\n<p><a href=\"https:\/\/www.ledauphine.com\/sport\/2025\/04\/06\/ligue-1-l-om-s-impose-face-a-toulouse-et-regrimpe-a-la-deuxieme-place\" target=\"_blank\" rel=\"nofollow noopener\">Apr\u00e8s avoir stopp\u00e9 l&rsquo;h\u00e9morragie contre Toulouse dimanche dernier au V\u00e9lodrome<\/a>, Marseille\u00a0a repris la deuxi\u00e8me place \u00e0 Monaco. La visite \u00e0 Louis-II demain samedi (17h) s&rsquo;annonce d\u00e9cisive et pourrait permettre aux Phoc\u00e9ens, en cas de succ\u00e8s en Principaut\u00e9, de prendre cinq longueurs d&rsquo;avance\u00a0sur un concurrent direct.\u00a0<\/p>\n<p>Un autre d\u00e9placement d\u00e9licat attend l&rsquo;OM, du c\u00f4t\u00e9 de Lille lors de la 32e journ\u00e9e. Entre temps, les hommes de <a href=\"https:\/\/www.ledauphine.com\/p\/roberto-de-zerbi\" target=\"_blank\" rel=\"nofollow noopener\">Roberto De Zerbi<\/a> accueilleront\u00a0Montpellier, presque condamn\u00e9 \u00e0 la Ligue 2, puis surtout Brest, qui retrouve des couleurs apr\u00e8s avoir dig\u00e9r\u00e9 son beau parcours en C1.\u00a0M\u00e9fiance donc pour des Marseillais pas toujours \u00e0 leur avantage devant leur public et en proie \u00e0 quelques soubresauts en interne.\u00a0<\/p>\n<p>Ils termineront par la r\u00e9ception des Rennais d&rsquo;Habib Beye, qui n&rsquo;auront peut-\u00eatre plus grand-chose \u00e0 jouer \u00e0 ce moment-l\u00e0. Un match particulier pour <a href=\"https:\/\/www.ledauphine.com\/p\/amine-gouiri\" target=\"_blank\" rel=\"nofollow noopener\">Amine Gouiri<\/a>, <a href=\"https:\/\/www.ledauphine.com\/sport\/2025\/02\/04\/mercato-d-hiver-kvaratskhelia-nouvelle-star-rennes-acheteur-compulsif-en-l1\" target=\"_blank\" rel=\"nofollow noopener\">transfuge de la Bretagne \u00e0 la Canebi\u00e8re cet hiver<\/a>.<\/p>\n<p class=\"insetTitle\">Le calendrier de Marseille<\/p>\n<p>J29 : va\u00a0\u00e0 <strong>Monaco<\/strong><\/p>\n<p>J30\u00a0: re\u00e7oit Montpellier<\/p>\n<p>J31\u00a0: re\u00e7oit Brest<\/p>\n<p>J32\u00a0: va\u00a0\u00e0 <strong>Lille<\/strong><\/p>\n<p>J33\u00a0: va\u00a0au Havre<\/p>\n<p>J34\u00a0: re\u00e7oit Rennes<\/p>\n<p>  Monaco (3e, 50 pts) : Le salut \u00e0 la maison\u00a0?<\/p>\n<p>M\u00eame s&rsquo;ils ne sont pas les plus nombreux dans l&rsquo;Hexagone, les abonn\u00e9s du Stade Louis-II vont \u00eatre g\u00e2t\u00e9s en cette fin de saison, avec trois grosses affiches au programme. Apr\u00e8s Marseille, l&rsquo;ASM va encha\u00eener avec la r\u00e9ception de Strasbourg, l&rsquo;\u00e9quipe la plus en forme du moment. Elle accueillera aussi Lyon lors de l&rsquo;avant-derni\u00e8re journ\u00e9e.\u00a0<\/p>\n<p>Entre temps, les joueurs d&rsquo;Adi H\u00fctter, <a href=\"https:\/\/www.ledauphine.com\/sport\/2025\/04\/05\/ligue-1-monaco-s-incline-a-brest-et-ouvre-la-porte-a-l-om\" target=\"_blank\" rel=\"nofollow noopener\">qui restent sur une d\u00e9faite sur le fil \u00e0 Brest<\/a>, se d\u00e9placeront au Havre &#8211; tout comme les Marseillais du reste &#8211; puis \u00e0 Saint-\u00c9tienne, arbitrant malgr\u00e9 eux la\u00a0lutte pour le maintien \u00e0 laquelle se livrent Normands et For\u00e9ziens.<\/p>\n<p>Avec un voyage \u00e0 Lens pour conclure, les Mon\u00e9gasques ont sans doute le calendrier le plus relev\u00e9 des pr\u00e9tendants au podium. Capables du meilleur comme du pire, ils n&rsquo;ont plus trop le droit \u00e0 l&rsquo;erreur\u00a0: finir au-del\u00e0 du top 4 constituerait, apr\u00e8s les belles promesses de l&rsquo;automne, un immense g\u00e2chis.<\/p>\n<p class=\"insetTitle\">Le calendrier de Monaco<\/p>\n<p>J29\u00a0: re\u00e7oit <strong>Marseille<\/strong><\/p>\n<p>J30\u00a0: re\u00e7oit <strong>Strasbourg<\/strong><\/p>\n<p>J31\u00a0: va au Havre<\/p>\n<p>J32\u00a0: va \u00e0 Saint-\u00c9tienne<\/p>\n<p>J33\u00a0: re\u00e7oit <strong>Lyon<\/strong><\/p>\n<p>J34\u00a0: va \u00e0 Lens<\/p>\n<p>  Strasbourg (4e, 49 pts)\u00a0: Le plein \u00e0 la Meinau pour r\u00eaver plus haut<\/p>\n<p>Rien ne semble pouvoir arr\u00eater les Strasbourgeois, <a href=\"https:\/\/www.ledauphine.com\/sport\/2025\/04\/06\/ligue-1-strasbourg-garde-le-rythme-le-havre-revient-dans-les-clous\" target=\"_blank\" rel=\"nofollow noopener\">vainqueurs de\u00a0sept de leur huit derniers matches (un nul)<\/a>, le tout en affichant une \u00e9patante s\u00e9r\u00e9nit\u00e9 d\u00e9fensive. Non seulement ils ont su tirer profit des contre-performances des grosses \u00e9curies pour s&rsquo;extirper du ventre mou, mais ils ont l&rsquo;avantage de recevoir quatre fois lors de ces six derni\u00e8res journ\u00e9es.\u00a0<\/p>\n<p>Une bien mauvaise nouvelle pour la concurrence\u00a0: le Racing n&rsquo;a perdu qu&rsquo;une seule fois dans son antre de la Meinau cette saison en L1, <a href=\"https:\/\/www.ledauphine.com\/sport\/2024\/11\/09\/ligue-1-en-s-imposant-a-strasbourg-monaco-remonte-a-la-deuxieme-place\" target=\"_blank\" rel=\"nofollow noopener\">contre Monaco (1-3) d\u00e9but novembre<\/a>. Si bien que la venue du PSG en Alsace d\u00e9but mai semble loin d&rsquo;\u00eatre sin\u00e9cure pour les joueurs de la capitale, <a href=\"https:\/\/www.ledauphine.com\/sport\/2025\/04\/06\/invincibilite-coupe-ligue-des-champions-quels-objectifs-pour-le-psg-apres-le-titre-en-ligue-1\" target=\"_blank\" rel=\"nofollow noopener\">sans doute d\u00e9sireux de boucler le championnat invaincus<\/a>.<\/p>\n<p>En attendant, le diptyque azur\u00e9en &#8211; r\u00e9ception de Nice samedi (21h05) puis d\u00e9placement \u00e0 Louis-II dans une semaine &#8211;\u00a0servira de r\u00e9v\u00e9lateur \u00e0 la jeune troupe de <a href=\"https:\/\/www.ledauphine.com\/p\/liam-rosenior\" target=\"_blank\" rel=\"nofollow noopener\">Liam Rosenior<\/a>. Elle aussi animera la course au maintien, affrontant presque cons\u00e9cutivement Saint-\u00c9tienne, Angers et Le Havre.<\/p>\n<p class=\"insetTitle\">Le calendrier de Strasbourg<\/p>\n<p>J29 : re\u00e7oit <strong>Nice<\/strong><\/p>\n<p>J30\u00a0: va \u00e0 <strong>Monaco<\/strong><\/p>\n<p>J31\u00a0: re\u00e7oit Saint-\u00c9tienne<\/p>\n<p>J32\u00a0: re\u00e7oit Paris<\/p>\n<p>J33\u00a0: va \u00e0 Angers<\/p>\n<p>J34\u00a0: re\u00e7oit Le Havre<\/p>\n<p>  Lyon (5e, 48 pts) : Tenir le coup, co\u00fbte que co\u00fbte<\/p>\n<p>Contrairement aux \u00e9quipes qui le pr\u00e9c\u00e8dent,\u00a0Lyon n&rsquo;a plus qu&rsquo;une seule confrontation directe \u00e0 n\u00e9gocier, \u00e0 Monaco lors de la 33e journ\u00e9e. Mais\u00a0\u00e0 l&rsquo;inverse \u00e0 ses concurrents, l&rsquo;OL joue encore sur deux tableaux, \u00e0 la mi-temps de<a href=\"https:\/\/www.ledauphine.com\/sport\/2025\/04\/10\/ligue-europa-l-ol-arrache-le-match-nul-contre-manchester-united-et-garde-toutes-ses-chances\" target=\"_blank\" rel=\"nofollow noopener\"> son quart de finale de Ligue Europa contre Manchester United.<\/a><\/p>\n<p>Cette fin de saison s&rsquo;annonce\u00a0cruciale pour le club rhodanien, <a href=\"https:\/\/www.ledauphine.com\/sport\/2024\/11\/15\/la-dncg-prononce-des-sanctions-contre-l-ol-dont-l-interdiction-de-recruter\" target=\"_blank\" rel=\"nofollow noopener\">rel\u00e9gu\u00e9 \u00e0 titre provisoire en novembre dernier par la DNCG<\/a> et qui semble condamn\u00e9 \u00e0 retrouver la Ligue des champions pour remettre un peu d&rsquo;ordre dans ses finances.<\/p>\n<p>Reste \u00e0 savoir si les Lyonnais, priv\u00e9s de leurs ailiers <a href=\"https:\/\/www.ledauphine.com\/p\/malick-fofana\" target=\"_blank\" rel=\"nofollow noopener\">Malick Fofana<\/a> et <a href=\"https:\/\/www.ledauphine.com\/p\/ernest-nuamah-footballeur-international-ghaneen\" target=\"_blank\" rel=\"nofollow noopener\">Ernest Nuamah<\/a>, tiendront le coup sur le plan physique. Premiers \u00e9l\u00e9ments de r\u00e9ponse dimanche (20h45) \u00e0 Auxerre,\u00a0solide ces derni\u00e8res semaines et <a href=\"https:\/\/www.ledauphine.com\/sport\/2025\/02\/22\/l-auxerre-punit-marseille-et-met-fin-a-sa-serie-de-dix-matches-sans-succes\" target=\"_blank\" rel=\"nofollow noopener\">capable d&#8217;emb\u00eater les meilleurs \u00e0 l&rsquo;Abb\u00e9-Deschamps<\/a>, avant un autre d\u00e9placement tr\u00e8s attendu, \u00e0 Geoffroy-Guichard pour le derby face \u00e0 Saint-\u00c9tienne.\u00a0<\/p>\n<p>Le septuple champion de France, qui a retrouv\u00e9 un second souffle depuis <a href=\"https:\/\/www.ledauphine.com\/sport\/2025\/01\/31\/paulo-fonseca-officiellement-nomme-entraineur-de-l-ol-jusqu-en-2027\" target=\"_blank\" rel=\"nofollow noopener\">l&rsquo;arriv\u00e9e de Paulo Fonseca sur son banc<\/a>, devra aussi faire le plein \u00e0 domicile, oppos\u00e9 \u00e0 Rennes, Lens et enfin Angers.<\/p>\n<p class=\"insetTitle\">Le calendrier de Lyon<\/p>\n<p>J29\u00a0: va \u00e0 Auxerre<\/p>\n<p>J30\u00a0: va \u00e0 Saint-\u00c9tienne<\/p>\n<p>J31\u00a0: re\u00e7oit Rennes<\/p>\n<p>J32\u00a0: re\u00e7oit Lens<\/p>\n<p>J33\u00a0: va \u00e0 <strong>Monaco<\/strong><\/p>\n<p>J34\u00a0: re\u00e7oit Angers<\/p>\n<p>  Nice (6e, 47 pts) : Vite rebondir pour \u00e9viter la crise<\/p>\n<p><a href=\"https:\/\/www.ledauphine.com\/sport\/2025\/01\/23\/ligue-europa-battu-par-les-suedois-d-elfsborg-nice-touche-le-fond\" target=\"_blank\" rel=\"nofollow noopener\">Apr\u00e8s un parcours indigne en Ligue Europa<\/a>, les Ni\u00e7ois semblaient retrouver leur rythme de croisi\u00e8re en championnat. Et puis d&rsquo;un coup, la machine s&rsquo;est enray\u00e9e, notamment \u00e0 l&rsquo;Allianz Riviera, o\u00f9 le Gym reste sur trois contre-performances, la derni\u00e8re en date <a href=\"https:\/\/www.ledauphine.com\/sport\/2025\/04\/04\/ligue-1-battu-par-nantes-nice-manque-l-occasion-de-depasser-marseille\" target=\"_blank\" rel=\"nofollow noopener\">il y a une semaine contre Nantes (2-1)<\/a>.<\/p>\n<p>Cette troisi\u00e8me d\u00e9faite en quatre matches a m\u00eame provoqu\u00e9 la col\u00e8re en tribunes des supporters des Aiglons, tr\u00e8s critiques de la gestion du club par le propri\u00e9taire Ineos, qui a largement r\u00e9duit la voilure depuis <a href=\"https:\/\/www.ledauphine.com\/sport\/2023\/12\/24\/angletterre-ratcliffe-acquiert-25-de-manchester-united-apres-un-an-de-negociations\" target=\"_blank\" rel=\"nofollow noopener\">le rachat de Manchester United<\/a>.<\/p>\n<p>C&rsquo;est donc dans un climat d\u00e9l\u00e9t\u00e8re que les hommes de Franck Haise abordent ce sprint final, marqu\u00e9 par deux d\u00e9placements compliqu\u00e9s, \u00e0 Strasbourg puis au Parc des princes face au leader parisien. M\u00eame vent de face, ils ne devront donc pas se louper \u00e0 domicile contre Angers et Reims, pour esp\u00e9rer r\u00eaver du grand large\u00a0face aux \u00e9quipes bretonnes, Rennes et Brest.\u00a0<\/p>\n<p class=\"insetTitle\">Le calendrier de Nice<\/p>\n<p>J29 : va \u00e0 <strong>Strasbourg<\/strong><\/p>\n<p>J30\u00a0: re\u00e7oit Angers<\/p>\n<p>J31\u00a0: va \u00e0 Paris<\/p>\n<p>J32\u00a0: re\u00e7oit Reims<\/p>\n<p>J33\u00a0: va \u00e0 Rennes<\/p>\n<p>J34\u00a0: re\u00e7oit Brest<\/p>\n<p>  Lille (7e, 47 pts)\u00a0: Rien n&rsquo;est encore perdu<\/p>\n<p><a href=\"https:\/\/www.ledauphine.com\/sport\/2025\/03\/12\/ligue-des-champions-lille-sorti-en-huitiemes-par-dortmund-qui-affrontera-le-barca\" target=\"_blank\" rel=\"nofollow noopener\">Huiti\u00e8me de finaliste de la Ligue des champions<\/a>, le Losc sort d&rsquo;une campagne europ\u00e9enne brillante, marqu\u00e9e par plusieurs succ\u00e8s de prestige (Real, Atl\u00e9tico, Juventus&#8230;). Et jusqu&rsquo;il y a encore quelques semaines, rien ne laissait pr\u00e9sager qu&rsquo;il se retrouve \u00e0 cette inconfortable septi\u00e8me place au moment de l&#8217;emballage final.\u00a0Imp\u00e9riaux \u00e0 domicile mais frileux \u00e0 l&rsquo;ext\u00e9rieur, les Dogues ont, un peu \u00e0 l&rsquo;image des Mon\u00e9gasques, fait preuve d&rsquo;une grande irr\u00e9gularit\u00e9.<\/p>\n<p>Deuxi\u00e8me meilleure d\u00e9fense de Ligue 1, la formation de <a href=\"https:\/\/www.ledauphine.com\/p\/bruno-genesio\" target=\"_blank\" rel=\"nofollow noopener\">Bruno Genesio<\/a> p\u00e2tit surtout d&rsquo;une certaine inefficacit\u00e9 offensive, entre la longue blessure d&rsquo;Edon Zhegrova et la m\u00e9forme d&rsquo;un Jonathan David qui vit ses derni\u00e8res heures sous le maillot lillois.<\/p>\n<p>Fort heureusement pour les Nordistes, leur\u00a0programme pour ces six derni\u00e8res journ\u00e9es n&rsquo;a rien d&rsquo;insurmontable. Il leur faudra bien-s\u00fbr retrouver\u00a0du r\u00e9alisme lors de la r\u00e9ception de Marseille ou pour le d\u00e9placement \u00e0 Brest, mais ils disposent peut-\u00eatre sur le papier du calendrier le plus favorable.<\/p>\n<p>Les deux prochaines rencontres face \u00e0 Toulouse et Angers, deux formations du ventre mou, donneront la temp\u00e9rature d&rsquo;un Losc qui a d\u00e9j\u00e0 disput\u00e9 45 matches officiels cette saison.\u00a0<\/p>\n<p class=\"insetTitle\">Le calendrier de Lille<\/p>\n<p>J29\u00a0: va \u00e0 Toulouse<\/p>\n<p>J30\u00a0: re\u00e7oit Auxerre<\/p>\n<p>J31\u00a0: va \u00e0 Angers<\/p>\n<p>J32\u00a0: re\u00e7oit <strong>Marseille<\/strong><\/p>\n<p>J33\u00a0: va \u00e0 Brest<\/p>\n<p>J34\u00a0: re\u00e7oit Reims<\/p>\n","protected":false},"excerpt":{"rendered":"Derri\u00e8re l&rsquo;ind\u00e9tr\u00f4nable Paris Saint-Germain, qui s&rsquo;est offert le week-end dernier un 13e titre de champion de France, la\u00a0lutte\u00a0fait&hellip;\n","protected":false},"author":2,"featured_media":17374,"comment_status":"","ping_status":"","sticky":false,"template":"","format":"standard","meta":{"footnotes":""},"categories":[2815],"tags":[1111,11,1777,674,107,63,1011,27,811,7020,1307,12,25,517,1947],"class_list":{"0":"post-17373","1":"post","2":"type-post","3":"status-publish","4":"format-standard","5":"has-post-thumbnail","7":"category-lille","8":"tag-actu","9":"tag-actualites","10":"tag-eu","11":"tag-europe","12":"tag-fil-info","13":"tag-football","14":"tag-fr","15":"tag-france","16":"tag-hauts-de-france","17":"tag-ligue-1-football","18":"tag-lille","19":"tag-news","20":"tag-republique-francaise","21":"tag-sport","22":"tag-sport-national"},"share_on_mastodon":{"url":"https:\/\/pubeurope.com\/@fr\/114319542427129800","error":""},"_links":{"self":[{"href":"https:\/\/www.europesays.com\/fr\/wp-json\/wp\/v2\/posts\/17373","targetHints":{"allow":["GET"]}}],"collection":[{"href":"https:\/\/www.europesays.com\/fr\/wp-json\/wp\/v2\/posts"}],"about":[{"href":"https:\/\/www.europesays.com\/fr\/wp-json\/wp\/v2\/types\/post"}],"author":[{"embeddable":true,"href":"https:\/\/www.europesays.com\/fr\/wp-json\/wp\/v2\/users\/2"}],"replies":[{"embeddable":true,"href":"https:\/\/www.europesays.com\/fr\/wp-json\/wp\/v2\/comments?post=17373"}],"version-history":[{"count":0,"href":"https:\/\/www.europesays.com\/fr\/wp-json\/wp\/v2\/posts\/17373\/revisions"}],"wp:featuredmedia":[{"embeddable":true,"href":"https:\/\/www.europesays.com\/fr\/wp-json\/wp\/v2\/media\/17374"}],"wp:attachment":[{"href":"https:\/\/www.europesays.com\/fr\/wp-json\/wp\/v2\/media?parent=17373"}],"wp:term":[{"taxonomy":"category","embeddable":true,"href":"https:\/\/www.europesays.com\/fr\/wp-json\/wp\/v2\/categories?post=17373"},{"taxonomy":"post_tag","embeddable":true,"href":"https:\/\/www.europesays.com\/fr\/wp-json\/wp\/v2\/tags?post=17373"}],"curies":[{"name":"wp","href":"https:\/\/api.w.org\/{rel}","templated":true}]}}