{"id":173735,"date":"2025-06-13T16:11:11","date_gmt":"2025-06-13T16:11:11","guid":{"rendered":"https:\/\/www.europesays.com\/fr\/173735\/"},"modified":"2025-06-13T16:11:11","modified_gmt":"2025-06-13T16:11:11","slug":"meghan-markle-nouveau-coup-dur-pour-la-duchesse-le-verdict-est-sans-appel","status":"publish","type":"post","link":"https:\/\/www.europesays.com\/fr\/173735\/","title":{"rendered":"Meghan Markle : nouveau coup dur pour la duchesse, le verdict est sans appel"},"content":{"rendered":"<p>Nouveau coup dur pour <a href=\"https:\/\/www.closermag.fr\/royautes\/meghan-markle-cette-manigance-avec-ses-enfants-epinglee-par-un-photographe-3554153\" rel=\"nofollow noopener\" target=\"_blank\"><br \/>\nMeghan Markle<\/a> ! Elle le savait d\u00e9j\u00e0 un peu : <strong>elle n&rsquo;est<br \/>\npas tr\u00e8s populaire.<\/strong> Un nouveau sondage vient confirmer<br \/>\ncette information. Retour en arri\u00e8re : il y a quelques mois, la<br \/>\nduchesse de Sussex a (enfin) d\u00e9voil\u00e9 sa marque As Ever. Sur son<br \/>\nsite, elle vend principalement de la nourriture pour chiens, des<br \/>\nconfitures, et du miel. Mais celle qui r\u00eave d&rsquo;\u00eatre milliardaire<br \/>\ncherche d\u00e9sormais \u00e0 se d\u00e9velopper. Pour cela, <strong>elle envisage<br \/>\nd&rsquo;associer sa marque \u00e0 des \u00ab\u00a0services<br \/>\nd&rsquo;h\u00f4tellerie\u00a0\u00bb.\u00a0<\/strong><\/p>\n<p>Selon <a href=\"https:\/\/www.express.co.uk\/news\/royal\/2067420\/meghan-markle-hotel-poll-results\" rel=\"nofollow noopener\" target=\"_blank\"><br \/>\nL&rsquo;Express UK<\/a>, cela <strong>inclura probablement des<br \/>\nh\u00e9bergements<\/strong>, de la nourriture et des boissons, ainsi que<br \/>\ndes logements temporaires pour les invit\u00e9s. Pour augmenter les<br \/>\nchances de profit, il se pourrait que des produits As Ever et des<br \/>\ncr\u00e9ations culinaires (notamment celles vues dans la s\u00e9rie With<br \/>\nLove, Meghan) de Meghan soient distribu\u00e9s dans ces<br \/>\nendroits.<\/p>\n<p>Meghan Markle : personne ne lui fait confiance<\/p>\n<p>Sauf que, mauvaise nouvelle pour <a href=\"https:\/\/www.closermag.fr\/royautes\/meghan-markle-brutalement-sommee-darreter-de-faire-la-princesse-3553670\" rel=\"nofollow noopener\" target=\"_blank\"><br \/>\nla duchesse<\/a> : un sondage a eu lieu, et les r\u00e9sultats ne sont<br \/>\npas bons. <strong>97% des personnes interrog\u00e9es (5 555 lecteurs de<br \/>\nL&rsquo;Express UK) ont r\u00e9pondu \u00ab\u00a0non\u00a0\u00bb<\/strong> \u00e0 la question<br \/>\n\u00ab\u00a0Souhaitez-vous s\u00e9journer dans un h\u00f4tel appartenant \u00e0 Meghan<br \/>\nMarkle ?\u00a0\u00bb A\u00efe&#8230; Le reste ? Seuls 2\u00a0% (107 lecteurs) ont<br \/>\nr\u00e9pondu qu&rsquo;ils souhaiteraient s\u00e9journer dans un h\u00f4tel appartenant \u00e0<br \/>\nla duchesse de Sussex, tandis que 1\u00a0% des votants (32<br \/>\nlecteurs) \u00e9taient ind\u00e9cis.<\/p>\n<p>En commentaire, les fans de la famille royale se<br \/>\nsont exprim\u00e9s. Un brin moqueurs, ils ont largement critiqu\u00e9 ce<br \/>\nprojet. \u00ab\u00a0Je pense que la plupart d\u2019entre nous pr\u00e9f\u00e9reraient<br \/>\ns\u00e9journer dans un Travel Lodge, au moins on en a pour son argent<br \/>\n!\u00a0\u00bb, a \u00e9crit l&rsquo;un d&rsquo;eux. Plus optimiste, une fan consid\u00e8re que<br \/>\ncela sera un succ\u00e8s. \u00ab\u00a0Je suis s\u00fbre que TOUTES les chambres<br \/>\nseront vendues dans 45 minutes !!!!\u00a0\u00bb, a-t-elle \u00e9crit.<\/p>\n<p><img aria-describedby=\"caption-attachment-3554453\" itemprop=\"thumbnailUrl\" decoding=\"async\" loading=\"lazy\" class=\"wp-image-3554453 img-responsive size-full\" src=\"https:\/\/www.europesays.com\/fr\/wp-content\/uploads\/2025\/06\/bestimage_00516232_000017-1.jpg\" alt=\"&lt;p&gt;Meghan Markle&lt;\/p&gt;\" width=\"1199\" height=\"643\"\/> \u00a9 Bestimage<\/p>\n<p id=\"caption-attachment-3554453\" class=\"wp-caption-text\">Suite<br \/>\naux propos d&rsquo;une actrice am\u00e9ricaine sur Meghan Markle, la filleule<br \/>\nde Charles III a \u00e9t\u00e9 contrainte de supprimer son podcast.<\/p>\n<p>Un expert analyse le changement de<br \/>\nstrat\u00e9gie de la duchesse de Sussex<\/p>\n<p>Le d\u00e9sir de Meghan de <a href=\"https:\/\/www.closermag.fr\/royautes\/meghan-markle-son-look-naturel-intrigue-son-maquilleur-devoile-le-pot-aux-roses-3553722\" rel=\"nofollow noopener\" target=\"_blank\"><br \/>\nchanger son image<\/a> est de plus en plus flagrant. Sur ses r\u00e9seaux<br \/>\nsociaux, <strong>elle partage de plus en plus souvent<\/strong>, et<br \/>\nde plus en plus de contenu avec sa famille. Elle partage aussi des<br \/>\nphotos de jardinage, de sa pr\u00e9paration de fruits frais, et de ses<br \/>\np\u00e2tisseries.<\/p>\n<p>Jack Izzard, expert en relations publiques et en image de marque<br \/>\nchez Gallia Communications a d\u00e9crypt\u00e9 ce changement de strat\u00e9gie.<br \/>\nPour lui, \u00ab\u00a0elle se positionne comme <strong>une h\u00f4tesse<br \/>\nvedette<\/strong>, une royaut\u00e9 californienne qui fait en sorte que<br \/>\nses invit\u00e9s se sentent les bienvenus\u00a0\u00bb.\u00a0<\/p>\n","protected":false},"excerpt":{"rendered":"Nouveau coup dur pour Meghan Markle ! Elle le savait d\u00e9j\u00e0 un peu : elle n&rsquo;est pas tr\u00e8s&hellip;\n","protected":false},"author":2,"featured_media":173736,"comment_status":"","ping_status":"","sticky":false,"template":"","format":"standard","meta":{"footnotes":""},"categories":[1359],"tags":[548,58,59,1011,27,973],"class_list":{"0":"post-173735","1":"post","2":"type-post","3":"status-publish","4":"format-standard","5":"has-post-thumbnail","7":"category-people","8":"tag-article-simple","9":"tag-divertissement","10":"tag-entertainment","11":"tag-fr","12":"tag-france","13":"tag-people"},"share_on_mastodon":{"url":"https:\/\/pubeurope.com\/@fr\/114676936616116331","error":""},"_links":{"self":[{"href":"https:\/\/www.europesays.com\/fr\/wp-json\/wp\/v2\/posts\/173735","targetHints":{"allow":["GET"]}}],"collection":[{"href":"https:\/\/www.europesays.com\/fr\/wp-json\/wp\/v2\/posts"}],"about":[{"href":"https:\/\/www.europesays.com\/fr\/wp-json\/wp\/v2\/types\/post"}],"author":[{"embeddable":true,"href":"https:\/\/www.europesays.com\/fr\/wp-json\/wp\/v2\/users\/2"}],"replies":[{"embeddable":true,"href":"https:\/\/www.europesays.com\/fr\/wp-json\/wp\/v2\/comments?post=173735"}],"version-history":[{"count":0,"href":"https:\/\/www.europesays.com\/fr\/wp-json\/wp\/v2\/posts\/173735\/revisions"}],"wp:featuredmedia":[{"embeddable":true,"href":"https:\/\/www.europesays.com\/fr\/wp-json\/wp\/v2\/media\/173736"}],"wp:attachment":[{"href":"https:\/\/www.europesays.com\/fr\/wp-json\/wp\/v2\/media?parent=173735"}],"wp:term":[{"taxonomy":"category","embeddable":true,"href":"https:\/\/www.europesays.com\/fr\/wp-json\/wp\/v2\/categories?post=173735"},{"taxonomy":"post_tag","embeddable":true,"href":"https:\/\/www.europesays.com\/fr\/wp-json\/wp\/v2\/tags?post=173735"}],"curies":[{"name":"wp","href":"https:\/\/api.w.org\/{rel}","templated":true}]}}