{"id":173737,"date":"2025-06-13T16:12:10","date_gmt":"2025-06-13T16:12:10","guid":{"rendered":"https:\/\/www.europesays.com\/fr\/173737\/"},"modified":"2025-06-13T16:12:10","modified_gmt":"2025-06-13T16:12:10","slug":"a-paris-un-duplex-avec-jardin-dans-un-hotel-particulier-haussmannien","status":"publish","type":"post","link":"https:\/\/www.europesays.com\/fr\/173737\/","title":{"rendered":"\u00c0 Paris, un duplex avec jardin dans un h\u00f4tel particulier haussmannien"},"content":{"rendered":"<p><strong>Un duplex situ\u00e9 dans un manoir haussmannien fait peau neuve gr\u00e2ce \u00e0 Rebecca Benichou et Florence Jallet de Batiik Studio.<\/strong><\/p>\n<p>\u00ab C\u2019est comme une petite <a href=\"https:\/\/www.admagazine.fr\/article\/fontainebleau-createurs-foret\" target=\"_blank\" rel=\"noopener\">for\u00eat<\/a> \u00bb, dit l\u2019architecte Rebecca Benichou au sujet d\u2019un charmant jardin priv\u00e9 au c\u0153ur de Paris. D\u2019une superficie \u00e0 peu pr\u00e8s \u00e9gale \u00e0 celle de l\u2019appartement auquel il appartient, soit environ 280 m\u00e8tres carr\u00e9s, le jardin est la raison pour laquelle ses clients, un couple de collectionneurs d\u2019art, ont choisi la maison en premier lieu. \u00ab C\u2019est vraiment au centre de la ville \u00bb, ajoute-t-elle. \u00ab\u00a0C\u2019est le genre de bien que l\u2019on ne trouve jamais. \u00bb<\/p>\n<p>Pour la fondatrice de l\u2019agence Batiik \u00e0 Paris, cet appartement repr\u00e9sentait un d\u00e9fi stimulant. Aux c\u00f4t\u00e9s de sa directrice de <a href=\"https:\/\/www.admagazine.fr\/article\/nouvelle-tendance-introduite-jeune-garde-creation\" target=\"_blank\" rel=\"noopener\">cr\u00e9ation<\/a>, Florence Jallet, elle signait l\u00e0 son premier grand projet, apr\u00e8s s\u2019\u00eatre fait un nom en transformant de minuscules surfaces en espaces inventifs et sur mesure, gr\u00e2ce \u00e0 des palettes artistiques et un mobilier con\u00e7u sp\u00e9cialement. Mais ce duplex relevait d\u2019un tout autre registre : situ\u00e9 dans un manoir haussmannien, il \u00e9tait litt\u00e9ralement satur\u00e9 de d\u00e9tails ornementaux. \u00ab Les moulures, les chemin\u00e9es, les miroirs et les peintures murales qui couvraient chaque pan de mur au niveau principal \u00e9taient tout simplement trop nombreux \u00bb, se souvient l\u2019architecte.<\/p>\n<p>\u00ab Tous les deux mois, le propri\u00e9taire change l\u2019exposition avec de nouvelles <a href=\"https:\/\/www.admagazine.fr\/article\/oeuvre-art-architectes-difference\" target=\"_blank\" rel=\"noopener\">\u0153uvres d\u2019art<\/a> ou de nouvelles sculptures \u00bb, explique Rebecca Benichou \u00e0 propos de la nouvelle chemin\u00e9e. Pour briser la forme rectangulaire de la pi\u00e8ce, une paire de suspensions Cloud de Jeremy Maxwell Wintrebert est install\u00e9e de mani\u00e8re d\u00e9centr\u00e9e, et un syst\u00e8me de canap\u00e9 modulaire Christophe Delcourt EKO cr\u00e9e un espace de conversation autour d\u2019un ensemble de tables basses Sabourin Coste en aluminium.<\/p>\n<p>Les propri\u00e9taires souhaitaient mettre en valeur leur collection d\u2019art contemporain, qui comprend une grande peinture figurative de Craig Hanna, plusieurs \u0153uvres en techniques mixtes d\u2019Eva Jospin, ainsi que des <a href=\"https:\/\/www.admagazine.fr\/article\/manoir-anglais-sculptures-contemporaines\" target=\"_blank\" rel=\"noopener\">sculptures<\/a> de Kader Attia et Simone Fattal. Pour y parvenir, et pour que l\u2019espace refl\u00e8te davantage leur sensibilit\u00e9 esth\u00e9tique, l\u2019appartement devait gagner en souplesse.<\/p>\n<p>Certains changements se sont impos\u00e9s naturellement \u2013 adieu les gigantesques miroirs dor\u00e9s \u2013 tandis que d\u2019autres ont exig\u00e9 des interventions plus ambitieuses, comme le remplacement des nombreuses chemin\u00e9es par des \u00e9tag\u00e8res en merisier chaleureux, ou encore le d\u00e9placement de l\u2019escalier. Quant aux moulures \u00e9labor\u00e9es qui \u00e9touffaient les murs du niveau principal, elles ont n\u00e9cessit\u00e9 une intervention en bonne et due forme.<\/p>\n","protected":false},"excerpt":{"rendered":"Un duplex situ\u00e9 dans un manoir haussmannien fait peau neuve gr\u00e2ce \u00e0 Rebecca Benichou et Florence Jallet de&hellip;\n","protected":false},"author":2,"featured_media":173738,"comment_status":"","ping_status":"","sticky":false,"template":"","format":"standard","meta":{"footnotes":""},"categories":[1358],"tags":[10099,1348,1384,1385,1386,58,59,1011,27,30894],"class_list":{"0":"post-173737","1":"post","2":"type-post","3":"status-publish","4":"format-standard","5":"has-post-thumbnail","7":"category-arts-et-design","8":"tag-appartement-parisien","9":"tag-arts","10":"tag-arts-and-design","11":"tag-arts-et-design","12":"tag-design","13":"tag-divertissement","14":"tag-entertainment","15":"tag-fr","16":"tag-france","17":"tag-haussmannien"},"share_on_mastodon":{"url":"https:\/\/pubeurope.com\/@fr\/114676940362632735","error":""},"_links":{"self":[{"href":"https:\/\/www.europesays.com\/fr\/wp-json\/wp\/v2\/posts\/173737","targetHints":{"allow":["GET"]}}],"collection":[{"href":"https:\/\/www.europesays.com\/fr\/wp-json\/wp\/v2\/posts"}],"about":[{"href":"https:\/\/www.europesays.com\/fr\/wp-json\/wp\/v2\/types\/post"}],"author":[{"embeddable":true,"href":"https:\/\/www.europesays.com\/fr\/wp-json\/wp\/v2\/users\/2"}],"replies":[{"embeddable":true,"href":"https:\/\/www.europesays.com\/fr\/wp-json\/wp\/v2\/comments?post=173737"}],"version-history":[{"count":0,"href":"https:\/\/www.europesays.com\/fr\/wp-json\/wp\/v2\/posts\/173737\/revisions"}],"wp:featuredmedia":[{"embeddable":true,"href":"https:\/\/www.europesays.com\/fr\/wp-json\/wp\/v2\/media\/173738"}],"wp:attachment":[{"href":"https:\/\/www.europesays.com\/fr\/wp-json\/wp\/v2\/media?parent=173737"}],"wp:term":[{"taxonomy":"category","embeddable":true,"href":"https:\/\/www.europesays.com\/fr\/wp-json\/wp\/v2\/categories?post=173737"},{"taxonomy":"post_tag","embeddable":true,"href":"https:\/\/www.europesays.com\/fr\/wp-json\/wp\/v2\/tags?post=173737"}],"curies":[{"name":"wp","href":"https:\/\/api.w.org\/{rel}","templated":true}]}}