{"id":173745,"date":"2025-06-13T16:16:09","date_gmt":"2025-06-13T16:16:09","guid":{"rendered":"https:\/\/www.europesays.com\/fr\/173745\/"},"modified":"2025-06-13T16:16:09","modified_gmt":"2025-06-13T16:16:09","slug":"le-retour-en-force-de-pixar-au-festival-du-film-danimation-dannecy","status":"publish","type":"post","link":"https:\/\/www.europesays.com\/fr\/173745\/","title":{"rendered":"Le retour en force de Pixar au Festival du film d\u2019animation d\u2019Annecy"},"content":{"rendered":"<p><strong>REPORTAGE &#8211;<\/strong> La capitale mondiale de l\u2019animation offre cette ann\u00e9e une palette de cr\u00e9ations vari\u00e9es et innovantes. Pour cette 49e\u00a0\u00e9dition, la filiale de Disney a d\u00e9voil\u00e9 un extrait de son nouveau bijou cr\u00e9atif et po\u00e9tique, Elio, avant sa sortie en France, ce 18\u00a0juin.<\/p>\n<p class=\"fig-paragraph\">Depuis dimanche dernier, l\u2019\u00e9dition du Festival international du film d\u2019animation d\u2019Annecy 2025 bat son plein avec son lot de nouveaut\u00e9s \u00e9bouriffantes et de grands films surprenants. L\u2019an pass\u00e9, les festivaliers avaient pu s\u2019\u00e9merveiller devant\u00a0<a href=\"http:\/\/tvmag.lefigaro.fr\/programme-tv\/actu-tele\/flow-une-odyssee-feline-venue-d-ailleurs-20250525\" data-fig-type=\"Article\" data-gtm-custom-categorie=\"navigation\" data-gtm-custom-action=\"crossclick\" data-gtm-custom-label=\"Contextuel\" data-gtm-event=\"customEventSPE\" data-fig-domain=\"TVMAG\" target=\"_blank\" rel=\"noopener\">Flow,\u00a0<\/a>du Letton Gints Zilbalodis, surprenant chef-d\u2019\u0153uvre d\u2019animation ind\u00e9pendant, sensoriel et immersif, qui a rebattu les cartes du cin\u00e9ma d\u2019animation en profondeur, et rafl\u00e9 toutes les r\u00e9compenses possibles aux Oscars, aux Golden Globes ou aux C\u00e9sar. Cette ann\u00e9e \u00e0 Annecy, plusieurs films d\u2019animation semblent en droit de prendre la rel\u00e8ve de Flow.<\/p>\n<p class=\"fig-paragraph\">Parmi ceux-ci, on aura not\u00e9 l\u2019enthousiasme du public, qui a r\u00e9serv\u00e9 un triomphe ainsi qu\u2019une standing ovation \u00e0 la projection d\u2019Am\u00e9lie et la m\u00e9taphysique des tubes, adaptation po\u00e9tique et r\u00e9ussie du roman d\u2019<a href=\"https:\/\/www.lefigaro.fr\/livres\/amelie-nothomb-la-consecration-avec-le-prix-renaudot-20211103\" data-fig-type=\"Article\" data-gtm-custom-categorie=\"navigation\" data-gtm-custom-action=\"crossclick\" data-gtm-custom-label=\"Contextuel\" data-gtm-event=\"customEventSPE\" data-fig-domain=\"LEFIGARO\" target=\"_blank\" rel=\"noopener\">Am\u00e9lie Nothomb<\/a>\u00a0par le tandem Mailys Vallade et Liane-Cho Han. On pense \u00e9galement \u00e0 Marcel et Monsieur Pagnol, qui signe le retour vibrionnant de Sylvain Chomet \u00e0 l\u2019animation vingt-deux ans apr\u00e8s Les Triplettes\u2026<\/p>\n<p class=\"fig-premium-paywall__infos\">\n        Cet article est r\u00e9serv\u00e9 aux abonn\u00e9s.        Il vous reste 84% \u00e0 d\u00e9couvrir.\n    <\/p>\n<p>                <img  data- alt=\"Le Figaro\" class=\"fig-img--complete fig-img\"\/><\/p>\n<p class=\"fig-premium-paywall__title\">Vente Flash<\/p>\n<p class=\"fig-premium-paywall__subtitle\">3,99\u20ac par mois pendant 12 mois. Sans engagement.<\/p>\n<p class=\"fig-premium-paywall__connect\">\n                D\u00e9j\u00e0 abonn\u00e9\u00a0?                <a class=\"fig-premium-paywall__connect-link\" href=\"https:\/\/connect.lefigaro.fr\/login?client=horizon_web&amp;type=main&amp;redirect_uri=https%3A%2F%2Fwww.lefigaro.fr%2Fcinema%2Fle-retour-en-force-de-pixar-au-festival-du-film-d-animation-d-annecy-20250613\" data-js-gtm=\"{&quot;customCategorie&quot;: &quot;conversion&quot;, &quot;customAction&quot;: &quot;before_Landing_Connexion_paywall_auto&quot;, &quot;customLabel&quot;: &quot;bGVmaWdhcm8uZnJfXzFmMDQ3YThiLWU3NWMtNjMyNi05ZmUzLTFmY2ZkOTBmMjEwMV9fQXJ0aWNsZQ==_Le retour en force de Pixar au Festival du film d\u2019animation d\u2019Annecy_406&quot;, &quot;customIDSPE&quot;: &quot;bGVmaWdhcm8uZnJfXzFmMDQ3YThiLWU3NWMtNjMyNi05ZmUzLTFmY2ZkOTBmMjEwMV9fQXJ0aWNsZQ==&quot;, &quot;event&quot;: &quot;customEventSPE&quot;}\" target=\"_blank\" rel=\"noopener\"><br \/>\n                    Connectez-vous<br \/>\n                <\/a>\n            <\/p>\n","protected":false},"excerpt":{"rendered":"REPORTAGE &#8211; La capitale mondiale de l\u2019animation offre cette ann\u00e9e une palette de cr\u00e9ations vari\u00e9es et innovantes. Pour&hellip;\n","protected":false},"author":2,"featured_media":173746,"comment_status":"","ping_status":"","sticky":false,"template":"","format":"standard","meta":{"footnotes":""},"categories":[1354],"tags":[2084,1832,2083,2080,650,520,58,59,30554,2081,1346,1011,27,1360,7794,2082],"class_list":{"0":"post-173745","1":"post","2":"type-post","3":"status-publish","4":"format-standard","5":"has-post-thumbnail","7":"category-films","8":"tag-affiche","9":"tag-animation","10":"tag-bandes-annonces","11":"tag-box-office","12":"tag-cinema","13":"tag-disney","14":"tag-divertissement","15":"tag-entertainment","16":"tag-festival-dannecy","17":"tag-film","18":"tag-films","19":"tag-fr","20":"tag-france","21":"tag-movies","22":"tag-pixar","23":"tag-salles"},"share_on_mastodon":{"url":"https:\/\/pubeurope.com\/@fr\/114676956196051025","error":""},"_links":{"self":[{"href":"https:\/\/www.europesays.com\/fr\/wp-json\/wp\/v2\/posts\/173745","targetHints":{"allow":["GET"]}}],"collection":[{"href":"https:\/\/www.europesays.com\/fr\/wp-json\/wp\/v2\/posts"}],"about":[{"href":"https:\/\/www.europesays.com\/fr\/wp-json\/wp\/v2\/types\/post"}],"author":[{"embeddable":true,"href":"https:\/\/www.europesays.com\/fr\/wp-json\/wp\/v2\/users\/2"}],"replies":[{"embeddable":true,"href":"https:\/\/www.europesays.com\/fr\/wp-json\/wp\/v2\/comments?post=173745"}],"version-history":[{"count":0,"href":"https:\/\/www.europesays.com\/fr\/wp-json\/wp\/v2\/posts\/173745\/revisions"}],"wp:featuredmedia":[{"embeddable":true,"href":"https:\/\/www.europesays.com\/fr\/wp-json\/wp\/v2\/media\/173746"}],"wp:attachment":[{"href":"https:\/\/www.europesays.com\/fr\/wp-json\/wp\/v2\/media?parent=173745"}],"wp:term":[{"taxonomy":"category","embeddable":true,"href":"https:\/\/www.europesays.com\/fr\/wp-json\/wp\/v2\/categories?post=173745"},{"taxonomy":"post_tag","embeddable":true,"href":"https:\/\/www.europesays.com\/fr\/wp-json\/wp\/v2\/tags?post=173745"}],"curies":[{"name":"wp","href":"https:\/\/api.w.org\/{rel}","templated":true}]}}