{"id":173747,"date":"2025-06-13T16:17:10","date_gmt":"2025-06-13T16:17:10","guid":{"rendered":"https:\/\/www.europesays.com\/fr\/173747\/"},"modified":"2025-06-13T16:17:10","modified_gmt":"2025-06-13T16:17:10","slug":"ce-symptome-frequent-au-niveau-des-oreilles-pourrait-etre-le-signe-dun-cancer","status":"publish","type":"post","link":"https:\/\/www.europesays.com\/fr\/173747\/","title":{"rendered":"Ce sympt\u00f4me fr\u00e9quent au niveau des oreilles pourrait \u00eatre le signe d&rsquo;un cancer"},"content":{"rendered":"<p>Les cancers des voies a\u00e9ro digestives sup\u00e9rieures &#8211; aussi appel\u00e9s les cancers de la t\u00eate et du cou -touchent plus de 15 000 personnes chaque ann\u00e9e en France d&rsquo;apr\u00e8s<a data-i13n=\"cpos:1;pos:1\" href=\"https:\/\/www.gustaveroussy.fr\/les-cancers-orl-les-echarpe\" rel=\"nofollow noopener\" target=\"_blank\" data-ylk=\"slk:les chiffres de l&#039;institut Gustave Roussy;cpos:1;pos:1;elm:context_link;itc:0;sec:content-canvas\" class=\"link \"> les chiffres de l&rsquo;institut Gustave Roussy<\/a>. Ces cancers ont souvent de mauvais pronostic car d\u00e9tect\u00e9s tardivement. Ils pourraient pourtant \u00eatre pris en charge plus rapidement si les sympt\u00f4mes \u00e9taient pr\u00e9cocement identifi\u00e9s.<\/p>\n<p><strong>LIRE AUSSI &gt;&gt;<\/strong> <a data-i13n=\"cpos:2;pos:1\" href=\"https:\/\/fr.news.yahoo.com\/papillomavirus-cancer-langue-homme-101151996.html\" data-ylk=\"slk:Papillomavirus : &quot;\u00c7a a commenc\u00e9 par un probl\u00e8me anodin \u00e0 l&#039;oreille. C&#039;\u00e9tait en fait un cancer de la langue&quot;;cpos:2;pos:1;elm:context_link;itc:0;sec:content-canvas;outcm:mb_qualified_link;_E:mb_qualified_link;ct:story;\" class=\"link  yahoo-link\" rel=\"nofollow noopener\" target=\"_blank\">Papillomavirus : \u00ab\u00a0\u00c7a a commenc\u00e9 par un probl\u00e8me anodin \u00e0 l&rsquo;oreille. C&rsquo;\u00e9tait en fait un cancer de la langue\u00a0\u00bb<\/a><\/p>\n<p>\u00ab\u00a0Un diagnostic pr\u00e9coce est absolument crucial. Plus t\u00f4t nous pouvons identifier un cancer de la t\u00eate et du cou, meilleur sera le r\u00e9sultat. Il est consid\u00e9r\u00e9 comme l\u2019un des types de cancer qui conna\u00eet la croissance la plus rapide au monde<a data-i13n=\"cpos:3;pos:1\" href=\"https:\/\/www.mirror.co.uk\/news\/world-news\/\" rel=\"nofollow noopener\" target=\"_blank\" data-ylk=\"slk:,;cpos:3;pos:1;elm:context_link;itc:0;sec:content-canvas\" class=\"link \">,<\/a> mais il existe encore un manque inqui\u00e9tant de sensibilisation aux tumeurs de la t\u00eate et du cou\u00a0\u00bb, alerte le Dr Jiri Kubes, oncologue.<\/p>\n<p>Douleur aux oreilles<\/p>\n<p>Comme l&rsquo;explique<a data-i13n=\"cpos:4;pos:1\" href=\"https:\/\/www.mirror.co.uk\/news\/health\/blocked-ears-could-red-flag-35380649\" rel=\"nofollow noopener\" target=\"_blank\" data-ylk=\"slk:le site internet Mirror;cpos:4;pos:1;elm:context_link;itc:0;sec:content-canvas\" class=\"link \"> le site internet Mirror<\/a>, certains signes sont \u00e0 prendre au s\u00e9rieux. En effet, le Dr Kubes recommande d&rsquo;\u00eatre attentif \u00e0 un d\u00e9sagr\u00e9ment pouvant survenir au niveau des oreilles. \u00ab\u00a0C&rsquo;est une sensation similaire \u00e0 celle que l&rsquo;on ressent apr\u00e8s avoir plong\u00e9 dans une piscine. Un mal d&rsquo;oreille persistant peut \u00e9galement \u00eatre le signe d&rsquo;un cancer dans cette zone\u00a0\u00bb.<\/p>\n<p>L&rsquo;oncologue met en garde \u00e9galement sur un gonflement au niveau du cou et des gencives douloureuses. \u00ab\u00a0Ne n\u00e9gligez pas un ulc\u00e8re ; consultez votre m\u00e9decin g\u00e9n\u00e9raliste, car il pourrait s&rsquo;agir d&rsquo;une l\u00e9sion canc\u00e9reuse. Des douleurs dentaires et des taches blanches ou rouges dans la bouche sont \u00e9galement des sympt\u00f4mes r\u00e9v\u00e9lateurs\u00a0\u00bb. Le Dr Kubes recommande aussi d&rsquo;\u00eatre attentif \u00e0 un mal de gorge : \u00ab\u00a0Si cela dure plus de deux semaines, ou si vous ressentez des changements de voix ou un enrouement, cela devrait sonner l\u2019alarme\u00a0\u00bb.<\/p>\n<p><strong>LIRE AUSSI &gt;&gt;<\/strong> <a data-i13n=\"cpos:5;pos:1\" href=\"https:\/\/fr.news.yahoo.com\/nez-bouche-enrouement-toux-persistante-ces-symptomes-du-cancer-de-la-gorge-que-vous-devez-prendre-au-serieux-155306265.html\" data-ylk=\"slk:Nez bouch\u00e9, enrouement, toux persistante... ces sympt\u00f4mes du cancer de la gorge que vous devez prendre au s\u00e9rieux;cpos:5;pos:1;elm:context_link;itc:0;sec:content-canvas;outcm:mb_qualified_link;_E:mb_qualified_link;ct:story;\" class=\"link  yahoo-link\" rel=\"nofollow noopener\" target=\"_blank\">Nez bouch\u00e9, enrouement, toux persistante&#8230; ces sympt\u00f4mes du cancer de la gorge que vous devez prendre au s\u00e9rieux<\/a><\/p>\n<p>Parmi les autres sympt\u00f4mes d&rsquo;alerte : un enrouement persistant, une d\u00e9glutition douloureuse, des douleurs \u00e0 la langue, une grosseur au cou, etc. Les experts de Gustave Roussy pr\u00e9conise de respecter la r\u00e8gle des un pour trois. En effet, si un patient pr\u00e9sente un de ces sympt\u00f4mes depuis plus de trois semaines, il doit demander un avis m\u00e9dical sans tarder afin de r\u00e9aliser un bilan m\u00e9dical complet.<\/p>\n","protected":false},"excerpt":{"rendered":"Les cancers des voies a\u00e9ro digestives sup\u00e9rieures &#8211; aussi appel\u00e9s les cancers de la t\u00eate et du cou&hellip;\n","protected":false},"author":2,"featured_media":173748,"comment_status":"","ping_status":"","sticky":false,"template":"","format":"standard","meta":{"footnotes":""},"categories":[10],"tags":[101,30896,30895,1011,27,72,5476,203,71],"class_list":{"0":"post-173747","1":"post","2":"type-post","3":"status-publish","4":"format-standard","5":"has-post-thumbnail","7":"category-sante","8":"tag-cancer","9":"tag-cancer-de-la-langue","10":"tag-cancer-de-la-tete","11":"tag-fr","12":"tag-france","13":"tag-health","14":"tag-jiri-kubes","15":"tag-la-tete","16":"tag-sante"},"share_on_mastodon":{"url":"https:\/\/pubeurope.com\/@fr\/114676960028005095","error":""},"_links":{"self":[{"href":"https:\/\/www.europesays.com\/fr\/wp-json\/wp\/v2\/posts\/173747","targetHints":{"allow":["GET"]}}],"collection":[{"href":"https:\/\/www.europesays.com\/fr\/wp-json\/wp\/v2\/posts"}],"about":[{"href":"https:\/\/www.europesays.com\/fr\/wp-json\/wp\/v2\/types\/post"}],"author":[{"embeddable":true,"href":"https:\/\/www.europesays.com\/fr\/wp-json\/wp\/v2\/users\/2"}],"replies":[{"embeddable":true,"href":"https:\/\/www.europesays.com\/fr\/wp-json\/wp\/v2\/comments?post=173747"}],"version-history":[{"count":0,"href":"https:\/\/www.europesays.com\/fr\/wp-json\/wp\/v2\/posts\/173747\/revisions"}],"wp:featuredmedia":[{"embeddable":true,"href":"https:\/\/www.europesays.com\/fr\/wp-json\/wp\/v2\/media\/173748"}],"wp:attachment":[{"href":"https:\/\/www.europesays.com\/fr\/wp-json\/wp\/v2\/media?parent=173747"}],"wp:term":[{"taxonomy":"category","embeddable":true,"href":"https:\/\/www.europesays.com\/fr\/wp-json\/wp\/v2\/categories?post=173747"},{"taxonomy":"post_tag","embeddable":true,"href":"https:\/\/www.europesays.com\/fr\/wp-json\/wp\/v2\/tags?post=173747"}],"curies":[{"name":"wp","href":"https:\/\/api.w.org\/{rel}","templated":true}]}}