{"id":173751,"date":"2025-06-13T16:19:08","date_gmt":"2025-06-13T16:19:08","guid":{"rendered":"https:\/\/www.europesays.com\/fr\/173751\/"},"modified":"2025-06-13T16:19:08","modified_gmt":"2025-06-13T16:19:08","slug":"la-soiree-du-festival-rio-loco-annulee","status":"publish","type":"post","link":"https:\/\/www.europesays.com\/fr\/173751\/","title":{"rendered":"la soir\u00e9e du festival Rio Loco annul\u00e9e"},"content":{"rendered":"<p>            Par<br \/>\n        <strong><br \/>\n            <a href=\"https:\/\/actu.fr\/auteur\/guillaume-laurens\" title=\"Consulter tous les articles de Guillaume Laurens\" target=\"_blank\" rel=\"noopener\">Guillaume Laurens<\/a><br \/>\n        <\/strong><\/p>\n<p>        Publi\u00e9 le<\/p>\n<p>            13 juin 2025 \u00e0 15h17<br \/>\n        ; mis \u00e0 jour le 13 juin 2025 \u00e0 17h39    <\/p>\n<p>C\u2019est l\u2019un des temps forts du printemps \u00e0 <a href=\"https:\/\/actu.fr\/toulouse\/\" target=\"_blank\" rel=\"noopener\"><strong>Toulouse<\/strong>\u2009<\/a>: la <a href=\"https:\/\/actu.fr\/occitanie\/toulouse_31555\/artistes-invites-tarifs-tout-savoir-sur-le-festival-rio-loco-qui-fete-ses-30-ans-en-2025_62388862.html\" target=\"_blank\" rel=\"noopener\">30\u1d49 \u00e9dition du festival Rio Loco<\/a> se tient jusqu\u2019\u00e0 dimanche sur la <strong>Prairie des Filtres<\/strong>. Et si une belle programmation avait encore \u00e9t\u00e9 concoct\u00e9e pour la soir\u00e9e de ce vendredi 13\u00a0juin 2025, celle-ci est annul\u00e9e ont annonc\u00e9 les organisateurs ce vendredi, peu apr\u00e8s 17h30. La raison\u2009? L<a href=\"https:\/\/actu.fr\/occitanie\/toulouse_31555\/la-haute-garonne-passe-en-vigilance-orange-aux-orages-ce-vendredi_62766893.html\" target=\"_blank\" rel=\"noopener\">a Haute-Garonne est en effet plac\u00e9e en alerte orange aux orages, <\/a>et le gros des pr\u00e9cipitations est attendu entre 18\u00a0heures et 23\u00a0heures.<\/p>\n<p>Le festival Rio Loco n\u2019accueille pas le public<\/p>\n<p class=\" wall-content\">\u00ab\u00a0Au regard du risque m\u00e9t\u00e9orologique av\u00e9r\u00e9 (orage, gr\u00eale et fortes rafales de vent), la direction du festival Rio Loco est dans l\u2019obligation d\u2019annuler la soir\u00e9e de ce vendredi 13\u00a0juin.<br \/>L\u2019ouverture des portes \u00e9tant pr\u00e9vue \u00e0 17h, le festival ne pourra accueillir aucun public \u00e0 la Prairie des Filtres et ce afin de garantir la s\u00e9curit\u00e9 des festivali\u00e8res et festivaliers, artistes, l\u2019ensemble des \u00e9quipes travaillant sur le site\u00a0\u00bb, ont indiqu\u00e9 les organisateurs qui poursuivent\u2009:<\/p>\n<p class=\" wall-content\">\u00ab\u2009Nous regrettons bien \u00e9videmment cette situation ind\u00e9pendante de notre volont\u00e9 et nous remercions le public, les artistes, les partenaires, les \u00e9quipes du festival et toutes les personnes qui \u0153uvrent \u00e0 la r\u00e9ussite de l\u2019\u00e9v\u00e9nement. Concernant les modalit\u00e9s de remboursement, tous les d\u00e9tenteurs de billets de ce jour seront inform\u00e9s des modalit\u00e9s de remboursement \u00e0 une date ult\u00e9rieure\u2009\u00bb.<\/p>\n<p>Pas d\u2019annulation \u00ab\u2009\u00e0 ce stade\u2009\u00bb disait la mairie \u00e0 15\u00a0heures<\/p>\n<p class=\" wall-content\">Les organisateurs ont attendu jusqu\u2019au dernier moment pour prendre cette difficile d\u00e9cision.<\/p>\n<p class=\" wall-content\">\u00ab\u2009\u00c0 ce stade, <strong>le festival n\u2019est pas annul\u00e9\u2009\u00bb<\/strong>, annon\u00e7ait en effet, \u00e0 15\u00a0heures, ce vendredi, la mairie de Toulouse, qui pr\u00e9cisait alors \u00e0 Actu Toulouse que cela pourrait bouger jusqu\u2019au dernier moment\u2009: \u00ab\u2009Les organisateurs suivent <strong>l\u2019\u00e9volution de la m\u00e9t\u00e9o<\/strong> tr\u00e8s attentivement\u2009\u00bb.<\/p>\n<p class=\" wall-content\">Cela a donc boug\u00e9 au final,<\/p>\n<p>Vid\u00e9os : en ce moment sur ActuQui \u00e9tait au programme de ce vendredi soir\u2009?<\/p>\n<p class=\" wall-content\">De <strong>nombreux artistes<\/strong> devaient se produire \u00e0 Toulouse ce vendredi soir, pour la 3e des cinq soir\u00e9es du Festival Rio Loco qui met en lumi\u00e8re les musiques du monde sur la Prairie des Filtres.<\/p>\n<ul class=\" wall-content\">\n<li><strong>La programmation qui \u00e9tait pr\u00e9vue ce vendredi 13\u00a0juin<\/strong><\/li>\n<\/ul>\n<p class=\" wall-content\">17h45\u2009: Anouck (sc\u00e8ne Garonne) \u2013 cr\u00e9ation sp\u00e9ciale pour Rio Loco<br \/>19h30\u2009: Cuarteto Tafi &amp; Guests (sc\u00e8ne Prairie) \u2013 cr\u00e9ation sp\u00e9ciale pour Rio Loco<br \/>19h45\u2009: Tremplin Riffx (sc\u00e8ne Garonne)<br \/>19h45\u2009: Yuri Buenaventura invite Roberto Fonseca (sc\u00e8ne Pont-Neuf)<br \/>20h30\u2009: Cami Lay\u00e9 Okun (sc\u00e8ne Onda Mix)<br \/>21h\u2009: Tshegue (sc\u00e8ne Prairie)<br \/>22h15\u2009: Systema Solar (sc\u00e8ne Pont-Neuf)<br \/>22h20\u2009: Rosa Pistola (sc\u00e8ne Onda Mix)<\/p>\n<p>Encore deux jours de f\u00eate pour Rio Loco<\/p>\n<p class=\" wall-content\">Le festival se poursuivra samedi et dimanche, avec pl\u00e9thore d\u2019artistes qui se succ\u00e9deront sur les diff\u00e9rentes sc\u00e8nes install\u00e9es pour l\u2019occasion.<\/p>\n<ul class=\" wall-content\">\n<li><strong>La programmation du samedi 14\u00a0juin\u2009:<\/strong><\/li>\n<\/ul>\n<p class=\" wall-content\">17h45\u2009: Raccoon Tycoon (sc\u00e8ne Garonne)<br \/>18h30\u2009: La Cit\u00e9 des Pitchouns avec Ang\u00e9lique Kidjo (sc\u00e8ne Prairie) \u2013 cr\u00e9ation sp\u00e9ciale pour Rio Loco<br \/>19h45\u2009: Akoni Astrobeat (sc\u00e8ne Garonne)<br \/>19h45\u2009: Kokoroko (sc\u00e8ne Pont-Neuf)<br \/>20h30\u2009: R3IGN Drops (sc\u00e8ne Onda Mix)<br \/>21h\u2009: Kabeaush\u00e9 (sc\u00e8ne Prairie)<br \/>22h15\u2009: Youssou Ndour &amp; La super \u00e9toile de Dakar (sc\u00e8ne Pont Neuf)<br \/>22h20\u2009: Coco Em (sc\u00e8ne Onda Mix)<\/p>\n<ul class=\" wall-content\">\n<li><strong>La programmation du dimanche 15\u00a0juin\u2009:<\/strong><\/li>\n<\/ul>\n<p class=\" wall-content\">17h30\u2009: Sardinhas da Mata (sc\u00e8ne Garonne)<br \/>18h15\u2009: Kira &amp; Alumn\u00e9 Guerrero (sc\u00e8ne Prairie) \u2013 cr\u00e9ation sp\u00e9ciale pour Rio Loco<br \/>18h45\u2009: Lenine &amp; Spokfrevo Orquestra (sc\u00e8ne Prairie) \u2013 cr\u00e9ation sp\u00e9ciale pour Rio Loco<br \/>19h30\u2009: Javotte (sc\u00e8ne Garonne)<br \/>20h\u2009: Sistema Criolina (sc\u00e8ne Onda Mix)<br \/>20h\u2009: Jupiter &amp; Okwess (sc\u00e8ne Prairie)<br \/>21h30\u2009: Ang\u00e9lique Kidjo invite Flavia Coelho, Karla Da Silva et Puma Camill\u00ea (sc\u00e8ne Pont-Neuf) \u2013 cr\u00e9ation sp\u00e9ciale Rio Loco<br \/>21h40\u2009: S\u00f4nge (sc\u00e8ne Onda Mix)<\/p>\n<p class=\" wall-content\">Suivez toute l\u2019actualit\u00e9 de vos villes et m\u00e9dias favoris en vous inscrivant \u00e0 <a href=\"https:\/\/moncompte.actu.fr\" title=\"D\u00e9couvez Mon Actu\" rel=\"nofollow noopener\" data-trk=\"{&quot;cta&quot;:{&quot;action&quot;:&quot;https:\\\/\\\/moncompte.actu.fr&quot;,&quot;category&quot;:&quot;mon compte&quot;,&quot;from&quot;:&quot;article footer&quot;,&quot;name&quot;:&quot;Mon actu&quot;,&quot;type&quot;:&quot;cta&quot;}}\" target=\"_blank\">Mon Actu<\/a>.<\/p>\n","protected":false},"excerpt":{"rendered":"Par Guillaume Laurens Publi\u00e9 le 13 juin 2025 \u00e0 15h17 ; mis \u00e0 jour le 13 juin 2025&hellip;\n","protected":false},"author":2,"featured_media":173752,"comment_status":"","ping_status":"","sticky":false,"template":"","format":"standard","meta":{"footnotes":""},"categories":[8],"tags":[58,59,1011,27,4594,104],"class_list":{"0":"post-173751","1":"post","2":"type-post","3":"status-publish","4":"format-standard","5":"has-post-thumbnail","7":"category-divertissement","8":"tag-divertissement","9":"tag-entertainment","10":"tag-fr","11":"tag-france","12":"tag-orages","13":"tag-societe"},"share_on_mastodon":{"url":"https:\/\/pubeurope.com\/@fr\/114676967897823593","error":""},"_links":{"self":[{"href":"https:\/\/www.europesays.com\/fr\/wp-json\/wp\/v2\/posts\/173751","targetHints":{"allow":["GET"]}}],"collection":[{"href":"https:\/\/www.europesays.com\/fr\/wp-json\/wp\/v2\/posts"}],"about":[{"href":"https:\/\/www.europesays.com\/fr\/wp-json\/wp\/v2\/types\/post"}],"author":[{"embeddable":true,"href":"https:\/\/www.europesays.com\/fr\/wp-json\/wp\/v2\/users\/2"}],"replies":[{"embeddable":true,"href":"https:\/\/www.europesays.com\/fr\/wp-json\/wp\/v2\/comments?post=173751"}],"version-history":[{"count":0,"href":"https:\/\/www.europesays.com\/fr\/wp-json\/wp\/v2\/posts\/173751\/revisions"}],"wp:featuredmedia":[{"embeddable":true,"href":"https:\/\/www.europesays.com\/fr\/wp-json\/wp\/v2\/media\/173752"}],"wp:attachment":[{"href":"https:\/\/www.europesays.com\/fr\/wp-json\/wp\/v2\/media?parent=173751"}],"wp:term":[{"taxonomy":"category","embeddable":true,"href":"https:\/\/www.europesays.com\/fr\/wp-json\/wp\/v2\/categories?post=173751"},{"taxonomy":"post_tag","embeddable":true,"href":"https:\/\/www.europesays.com\/fr\/wp-json\/wp\/v2\/tags?post=173751"}],"curies":[{"name":"wp","href":"https:\/\/api.w.org\/{rel}","templated":true}]}}