{"id":173769,"date":"2025-06-13T16:29:10","date_gmt":"2025-06-13T16:29:10","guid":{"rendered":"https:\/\/www.europesays.com\/fr\/173769\/"},"modified":"2025-06-13T16:29:10","modified_gmt":"2025-06-13T16:29:10","slug":"vous-avez-jusquau-29-juin-pour-decouvrir-les-oeuvres-de-ces-residents-seniors-autonomes-a-six-fours","status":"publish","type":"post","link":"https:\/\/www.europesays.com\/fr\/173769\/","title":{"rendered":"Vous avez jusqu&rsquo;au 29 juin pour d\u00e9couvrir les \u0153uvres de ces r\u00e9sidents seniors autonomes \u00e0 Six-Fours"},"content":{"rendered":"<p>\u00ab\u00a0Je suis fi\u00e8re parce qu\u2019au d\u00e9but nous ne savions rien faire et aujourd\u2019hui nous arrivons \u00e0 peindre des tableaux difficiles\u00a0\u00bb, se r\u00e9jouit Mady Brenner, de la <strong>r\u00e9sidence autonomie Louis-Faraut<\/strong>. Comme elle, ils ont entre 70 et 99 ans et exposent leurs \u0153uvres dans les jardins de la <strong>Villa Simone \u00e0 Six-Fours<\/strong>. Le vernissage a eu lieu mercredi et les tableaux resteront durant trois semaines. \u00ab\u00a0C\u2019est une occasion pour les familles de venir d\u00e9couvrir les productions de leurs proches\u00a0\u00bb, souligne Julien Gaglione, animateur \u00e0 la fondation Leli\u00e8vre.<\/p>\n<p>Cette exposition r\u00e9unit plusieurs dizaines de tableaux des habitants des r\u00e9sidences autonomie g\u00e9r\u00e9es par le <strong>Centre communal d&rsquo;action sociale (CCAS<\/strong>): la r\u00e9sidence Faraut et la fondation Leli\u00e8vre. Les r\u00e9sidents exposent des \u0153uvres r\u00e9alis\u00e9es durant des ateliers d\u2019arts plastiques dirig\u00e9s par Jean-S\u00e9bastien Balloco, m\u00e9diateur culturel pour la Ville. \u00ab\u00a0Nous peignons autour de th\u00e8mes. Aujourd\u2019hui, c\u2019est une r\u00e9trospective, les tableaux sont sur le th\u00e8me des animaux et des portraits\u00a0\u00bb, explique t-il.<\/p>\n<p>\u00ab\u00a0On passe un tr\u00e8s bon moment parce qu\u2019en m\u00eame temps on discute, on chante, on fait les fous comme des gamins\u00a0\u00bb, sourit Mady Brenner. En effet, ces ateliers permettent aux personnes \u00e2g\u00e9es de se divertir, mais pas seulement. \u00ab\u00a0Cette activit\u00e9 cultive leur engagement pour arriver \u00e0 une finalit\u00e9. Ils ne peignent pas seulement pour passer le temps, c\u2019est aussi pour qu\u2019ils progressent\u00a0\u00bb, d\u00e9veloppe Julien Gaglione. Chaque r\u00e9sident participe \u00e0 une ou plusieurs peintures expos\u00e9es. Sous chacune d\u2019elles, on lit le nom et l\u2019\u00e2ge de l\u2019artiste.<\/p>\n<p>\u00ab\u00a0Il n\u2019y a pas d\u2019\u00e2ge pour cr\u00e9er\u00a0\u00bb<\/p>\n<p>\u00ab\u00a0Le but, c\u2019est de mettre en valeur les r\u00e9sidents qui ont du talent. Nous nous sommes dit : certains aiment dessiner, donc faisons-les dessiner et allons jusqu\u2019au bout de la d\u00e9marche en exposant leurs \u0153uvres\u00a0\u00bb, raconte Mireille Imbert, directrice du CCAS. Pour certains r\u00e9sidents, l\u2019art est une v\u00e9ritable passion. Lucien Joseph, r\u00e9sident de Faraut, a ramen\u00e9 deux \u0153uvres suppl\u00e9mentaires qu\u2019il a peintes sur son temps libre. \u00ab\u00a0\u00c0 la maison, j\u2019ai au moins 35 autres tableaux\u00a0\u00bb, sourit-il. Jean-Francis Begot, lui, a ramen\u00e9 plusieurs carnets de croquis dans lesquels il dessine quotidiennement. \u00ab\u00a0Je dessine tout ce que je vois\u00a0\u00bb, explique-t-il.<\/p>\n<p>Les animateurs des r\u00e9sidences autonomie soulignent aussi que cet \u00e9v\u00e9nement est organis\u00e9 pour cultiver la confiance en soi chez les r\u00e9sidents. \u00ab\u00a0L\u2019objectif est multiple: c\u2019est de maintenir leurs capacit\u00e9s, c\u2019est aussi la valorisation de ce qu\u2019ils font. Le but, c\u2019est qu\u2019ils continuent d\u2019\u00eatre dans le pr\u00e9sent. Il n\u2019y a pas d\u2019\u00e2ge pour cr\u00e9er\u00a0\u00bb, affirme l\u2019animateur de la fondation Leli\u00e8vre. \u00ab\u00a0Nous avons tendance \u00e0 voir les personnes \u00e2g\u00e9es seulement \u00e0 80 ans, alors qu\u2019elles ont v\u00e9cu, elles ont eu des passions, et le but, c\u2019est de les raviver\u00a0\u00bb, compl\u00e8te Mireille Imbert.<\/p>\n<p>              <img ci-src=\"https:\/\/www.varmatin.com\/vie-locale\/Image+villa+simone-ftKNKb9S.jpg?ci_seal=9ffd527688&amp;tl_px=0,457&amp;br_px=1500,1796\" alt=\"\"\/><br \/>\n        Le Rotary club est partenaire de l\u2019\u00e9v\u00e9nement et a offert des sachets de friandises. <strong>Photo E. A..<\/strong> <\/p>\n<p>                                Un \u00e9v\u00e9nement interg\u00e9n\u00e9rationnel <\/p>\n<p>Les r\u00e9sidents n\u2019\u00e9taient pas les seuls convi\u00e9s \u00e0 ce vernissage. Les enfants du centre a\u00e9r\u00e9 Jaumard \u00e9taient aussi pr\u00e9sents. L\u2019objectif: cr\u00e9er un lien interg\u00e9n\u00e9rationnel. \u00ab\u00a0\u00c7a permet un \u00e9change entre les enfants et les r\u00e9sidents. Ils peuvent raconter leur histoire de vie, ce qu\u2019ils aimaient avant, ce qu\u2019ils font aujourd\u2019hui\u00a0\u00bb, explique Mireille Imbert. Pour l\u2019occasion, les enfants et les personnes \u00e2g\u00e9es ont partag\u00e9 un repas servi dans le jardin de la Villa Simone. \u00ab\u00a0Nous avons install\u00e9 des tables rondes pour qu\u2019il y ait un vrai m\u00e9lange entre les r\u00e9sidents et les enfants\u00a0\u00bb, pr\u00e9cise Julien Gaglione.<\/p>\n<p>Les \u00e9l\u00e8ves du centre a\u00e9r\u00e9 Jaumard \u00e9taient tous d\u2019accord: \u00ab\u00a0Les tableaux sont tr\u00e8s jolis.\u00a0\u00bb De plus, certains appr\u00e9cient le cadre comme Emilio: \u00ab\u00a0C\u2019est un bel espace naturel; c\u2019est apaisant.\u00a0\u00bb Pour Julien Gaglione, c\u2019est une victoire. \u00ab\u00a0\u00c7a fait r\u00e9fl\u00e9chir les enfants de voir qu\u2019\u00e0 98 ans, ils arrivent toujours \u00e0 r\u00e9aliser de telles \u0153uvres \u00ab\u00a0, affirme-t-il.<\/p>\n<p>Cette dimension interg\u00e9n\u00e9rationnelle pourrait \u00eatre d\u2019autant plus importante dans le futur. \u00ab\u00a0Nous pouvons imaginer plus d\u2019interg\u00e9n\u00e9rationnel pendant les ateliers, par exemple\u00a0\u00bb, avance Jean-S\u00e9bastien Balloco.<\/p>\n","protected":false},"excerpt":{"rendered":"\u00ab\u00a0Je suis fi\u00e8re parce qu\u2019au d\u00e9but nous ne savions rien faire et aujourd\u2019hui nous arrivons \u00e0 peindre des&hellip;\n","protected":false},"author":2,"featured_media":173770,"comment_status":"","ping_status":"","sticky":false,"template":"","format":"standard","meta":{"footnotes":""},"categories":[9619],"tags":[1111,11,1777,674,1011,27,12,882,25,2310,3366],"class_list":{"0":"post-173769","1":"post","2":"type-post","3":"status-publish","4":"format-standard","5":"has-post-thumbnail","7":"category-toulon","8":"tag-actu","9":"tag-actualites","10":"tag-eu","11":"tag-europe","12":"tag-fr","13":"tag-france","14":"tag-news","15":"tag-provence-alpes-cote-dazur","16":"tag-republique-francaise","17":"tag-toulon","18":"tag-vie-locale"},"share_on_mastodon":{"url":"https:\/\/pubeurope.com\/@fr\/114677007571145456","error":""},"_links":{"self":[{"href":"https:\/\/www.europesays.com\/fr\/wp-json\/wp\/v2\/posts\/173769","targetHints":{"allow":["GET"]}}],"collection":[{"href":"https:\/\/www.europesays.com\/fr\/wp-json\/wp\/v2\/posts"}],"about":[{"href":"https:\/\/www.europesays.com\/fr\/wp-json\/wp\/v2\/types\/post"}],"author":[{"embeddable":true,"href":"https:\/\/www.europesays.com\/fr\/wp-json\/wp\/v2\/users\/2"}],"replies":[{"embeddable":true,"href":"https:\/\/www.europesays.com\/fr\/wp-json\/wp\/v2\/comments?post=173769"}],"version-history":[{"count":0,"href":"https:\/\/www.europesays.com\/fr\/wp-json\/wp\/v2\/posts\/173769\/revisions"}],"wp:featuredmedia":[{"embeddable":true,"href":"https:\/\/www.europesays.com\/fr\/wp-json\/wp\/v2\/media\/173770"}],"wp:attachment":[{"href":"https:\/\/www.europesays.com\/fr\/wp-json\/wp\/v2\/media?parent=173769"}],"wp:term":[{"taxonomy":"category","embeddable":true,"href":"https:\/\/www.europesays.com\/fr\/wp-json\/wp\/v2\/categories?post=173769"},{"taxonomy":"post_tag","embeddable":true,"href":"https:\/\/www.europesays.com\/fr\/wp-json\/wp\/v2\/tags?post=173769"}],"curies":[{"name":"wp","href":"https:\/\/api.w.org\/{rel}","templated":true}]}}