{"id":173777,"date":"2025-06-13T16:33:09","date_gmt":"2025-06-13T16:33:09","guid":{"rendered":"https:\/\/www.europesays.com\/fr\/173777\/"},"modified":"2025-06-13T16:33:09","modified_gmt":"2025-06-13T16:33:09","slug":"vous-voulez-apprendre-a-jouer-de-la-guitare-a-rouen-dorian-propose-des-cours-collectifs","status":"publish","type":"post","link":"https:\/\/www.europesays.com\/fr\/173777\/","title":{"rendered":"Vous voulez apprendre \u00e0 jouer de la guitare ? \u00c0 Rouen, Dorian propose des cours collectifs"},"content":{"rendered":"<p>            Par<br \/>\n        <strong><br \/>\n            <a href=\"https:\/\/actu.fr\/auteur\/thomas-rideau\" title=\"Consulter tous les articles de Thomas Rideau\" rel=\"nofollow noopener\" target=\"_blank\">Thomas Rideau<\/a><br \/>\n        <\/strong><\/p>\n<p>        Publi\u00e9 le<\/p>\n<p>            13 juin 2025 \u00e0 18h02        <\/p>\n<p>Depuis deux mois, Dorian, un habitant de <a href=\"https:\/\/actu.fr\/normandie\/rouen_76540\" rel=\"nofollow noopener\" target=\"_blank\">Roue<\/a>n, propose des <strong>ateliers de guitare collectifs<\/strong> pour tout public d\u00e8s l\u2019\u00e2ge de 16 ans, destin\u00e9s aux d\u00e9butants comme aux avanc\u00e9s. Il a donc cr\u00e9\u00e9 fin avril 2025, l\u2019Ecole de Do En petit groupe de 10 personnes, le mot d\u2019ordre est simple : L\u2019adaptation.<\/p>\n<p>Que proposent ces ateliers ?\u00a0<\/p>\n<p class=\" wall-content\">\u00a0Pour lui, \u201cle tout premier contact va \u00eatre d\u00e9cisif\u201d. Selon les \u00e9l\u00e8ves, il propose diff\u00e9rents apprentissages, selon les \u00e9l\u00e8ves. \u201cS\u2019ils sont d\u00e9butants, nous allons commencer par les bases de la guitare telles que les accords ouverts, les rythmiques et les asperges\u201d confirme-t-il. \u201cS\u2019ils ont un niveau plus avanc\u00e9, nous allons insister sur des choses plus techniques, c\u2019est-\u00e0-dire les improvisations, les asperges des accords, des exercices de m\u00e9canique et bien plus\u201d.<\/p>\n<p>Mais alors, o\u00f9 va-t-on prendre des cours ?\u00a0<\/p>\n<p class=\" wall-content\">\u201cMa premi\u00e8re id\u00e9e \u00e9tait de louer une salle\u201d explique Dorian. Or, il prend conscience que d\u2019autres lieux plus vivants et accessibles pouvaient lui amener la curiosit\u00e9 d\u2019un nouveau public. En effet, \u201csi notre atelier est install\u00e9 dans un bar par exemple, ceux d\u00e9j\u00e0 pr\u00e9sents vont alors nous regarder et s\u2019y int\u00e9resser\u201d, affirme-t-il. Par la suite, le g\u00e9rant des \u00e9v\u00e9nements de l\u2019Entrep\u00f4t l\u2019a contact\u00e9 pour qu\u2019il puisse proposer ses ateliers.<\/p>\n<p>Qui est Dorian ? <\/p>\n<p>\u00c9tudiant en licence de chimie et form\u00e9 au Conservatoire de Grand Couronne, Dorian a d\u2019abord \u00e9t\u00e9 attir\u00e9 par le piano d\u00e8s le plus jeune \u00e2ge, puis par les platines de DJ. Peu de temps apr\u00e8s, il a d\u00e9couvert la guitare : c&rsquo;\u00e9tait une \u201c\u00e9vidence\u201d. Puis, une opportunit\u00e9 arrive \u00e0 lui : celle de donner des cours de guitare, \u00e0 la fac de Mont Saint Aignan, en petit groupe de plusieurs \u00e9tudiants. Mais, il lui manque cet \u00e9clat de lumi\u00e8re : sa volont\u00e9 de faire \u00e9voluer les cours, de faire plus d\u2019heures mais aussi de les rendre plus accessibles. \u201cMoi, je veux toucher tout le monde avec des prix tr\u00e8s abordables\u201d insiste-t-il.<\/p>\n<p class=\" wall-content\"><strong>Ivanna Razafindrazaka<\/strong><\/p>\n<p>Infos pratiques : inscriptions et tarifs<a href=\"https:\/\/www.lecolededo.fr\/?fbclid=IwY2xjawKy44JleHRuA2FlbQIxMABicmlkETBMc1p1WUl0dERoYzJMUFhMAR4jhxXqecuc8_6sQYaJLM18cn6lOOVQXtV-GdiwcGYf4RT_2OvCDvsfBLRS9g_aem_NCjHub3Z40OUIe94EmqdHg\" rel=\"nofollow noopener\" target=\"_blank\"> ici<\/a>Chaque atelier dure une heure. Prix variable selon le lieuVid\u00e9os : en ce moment sur ActuSuivez l\u2019actualit\u00e9 de Rouen sur notre<a href=\"https:\/\/www.whatsapp.com\/channel\/0029VaKfnf99hXF2ddApFB1D\" rel=\"nofollow noopener\" target=\"_blank\"> cha\u00eene WhatsApp<\/a> et sur notre<a href=\"https:\/\/www.tiktok.com\/@76actu.fr?lang=fr\" rel=\"nofollow noopener\" target=\"_blank\"> compte TikTok<\/a><\/p>\n<p class=\" wall-content\">Suivez toute l\u2019actualit\u00e9 de vos villes et m\u00e9dias favoris en vous inscrivant \u00e0 <a href=\"https:\/\/moncompte.actu.fr\" title=\"D\u00e9couvez Mon Actu\" rel=\"nofollow noopener\" data-trk=\"{&quot;cta&quot;:{&quot;action&quot;:&quot;https:\\\/\\\/moncompte.actu.fr&quot;,&quot;category&quot;:&quot;mon compte&quot;,&quot;from&quot;:&quot;article footer&quot;,&quot;name&quot;:&quot;Mon actu&quot;,&quot;type&quot;:&quot;cta&quot;}}\" target=\"_blank\">Mon Actu<\/a>.<\/p>\n<p>                    <script async src=\"\/\/www.tiktok.com\/embed.js\"><\/script><\/p>\n","protected":false},"excerpt":{"rendered":"Par Thomas Rideau Publi\u00e9 le 13 juin 2025 \u00e0 18h02 Depuis deux mois, Dorian, un habitant de Rouen,&hellip;\n","protected":false},"author":2,"featured_media":173778,"comment_status":"","ping_status":"","sticky":false,"template":"","format":"standard","meta":{"footnotes":""},"categories":[9587],"tags":[1111,11,1777,674,1011,27,1757,12,5161,25,9590],"class_list":{"0":"post-173777","1":"post","2":"type-post","3":"status-publish","4":"format-standard","5":"has-post-thumbnail","7":"category-rouen","8":"tag-actu","9":"tag-actualites","10":"tag-eu","11":"tag-europe","12":"tag-fr","13":"tag-france","14":"tag-insolite","15":"tag-news","16":"tag-normandie","17":"tag-republique-francaise","18":"tag-rouen"},"share_on_mastodon":{"url":"https:\/\/pubeurope.com\/@fr\/114677023004777683","error":""},"_links":{"self":[{"href":"https:\/\/www.europesays.com\/fr\/wp-json\/wp\/v2\/posts\/173777","targetHints":{"allow":["GET"]}}],"collection":[{"href":"https:\/\/www.europesays.com\/fr\/wp-json\/wp\/v2\/posts"}],"about":[{"href":"https:\/\/www.europesays.com\/fr\/wp-json\/wp\/v2\/types\/post"}],"author":[{"embeddable":true,"href":"https:\/\/www.europesays.com\/fr\/wp-json\/wp\/v2\/users\/2"}],"replies":[{"embeddable":true,"href":"https:\/\/www.europesays.com\/fr\/wp-json\/wp\/v2\/comments?post=173777"}],"version-history":[{"count":0,"href":"https:\/\/www.europesays.com\/fr\/wp-json\/wp\/v2\/posts\/173777\/revisions"}],"wp:featuredmedia":[{"embeddable":true,"href":"https:\/\/www.europesays.com\/fr\/wp-json\/wp\/v2\/media\/173778"}],"wp:attachment":[{"href":"https:\/\/www.europesays.com\/fr\/wp-json\/wp\/v2\/media?parent=173777"}],"wp:term":[{"taxonomy":"category","embeddable":true,"href":"https:\/\/www.europesays.com\/fr\/wp-json\/wp\/v2\/categories?post=173777"},{"taxonomy":"post_tag","embeddable":true,"href":"https:\/\/www.europesays.com\/fr\/wp-json\/wp\/v2\/tags?post=173777"}],"curies":[{"name":"wp","href":"https:\/\/api.w.org\/{rel}","templated":true}]}}