{"id":173785,"date":"2025-06-13T16:37:08","date_gmt":"2025-06-13T16:37:08","guid":{"rendered":"https:\/\/www.europesays.com\/fr\/173785\/"},"modified":"2025-06-13T16:37:08","modified_gmt":"2025-06-13T16:37:08","slug":"le-centre-commercial-va-totalement-se-metamorphoser","status":"publish","type":"post","link":"https:\/\/www.europesays.com\/fr\/173785\/","title":{"rendered":"le centre commercial \u00ab\u00a0va totalement se m\u00e9tamorphoser\u00a0\u00bb"},"content":{"rendered":"<p>            Par<br \/>\n        <strong><br \/>\n            <a href=\"https:\/\/actu.fr\/auteur\/clemence-pays02-actu-fr\" title=\"Consulter tous les articles de Cl\u00e9mence Pays\" rel=\"nofollow noopener\" target=\"_blank\">Cl\u00e9mence Pays<\/a><br \/>\n        <\/strong><\/p>\n<p>        Publi\u00e9 le<\/p>\n<p>            13 juin 2025 \u00e0 18h29        <\/p>\n<p>Le b\u00e2timent, souvent d\u00e9crit comme \u00ab\u2009moche\u2009\u00bb, qui abrite le centre commercial <strong>Les 3 Soleils,<\/strong> en perte de dynamisme, va bel et bien changer de visage.<\/p>\n<p class=\" wall-content\">Vendredi 13\u00a0juin 2025, le Syndicat des copropri\u00e9taires de l\u2019immeuble a annonc\u00e9 \u00e0 actu Rennes avoir <strong>valid\u00e9 la r\u00e9novation du b\u00e2timent<\/strong> en assembl\u00e9e g\u00e9n\u00e9rale. Une information qu\u2019<a href=\"https:\/\/actu.fr\/bretagne\/rennes_35238\/rennes-le-centre-commercial-les-trois-soleils-va-changer-de-visage_57710693.html\" rel=\"nofollow noopener\" target=\"_blank\">Agn\u00e8s Le Gros, directrice immobilier commerce pour le groupe Giboire (l\u2019un des copropri\u00e9taires) avait laiss\u00e9e entendre \u00e0 notre r\u00e9daction d\u00e8s 2023<\/a>.<\/p>\n<p>\u00ab\u2009Un nouveau look\u2009\u00bb<\/p>\n<p class=\" wall-content\">Cr\u00e9\u00e9 en <strong>1979<\/strong> par les architectes Louis Arretche et Jean-G\u00e9rard Carr\u00e9, cet immeuble historique du quartier Colombier \u00ab\u2009va totalement se m\u00e9tamorphoser avec un <strong>nouveau look ext\u00e9rieur<\/strong> tr\u00e8s contemporain, un<strong> int\u00e9rieur totalement repens\u00e9<\/strong> et la cr\u00e9ation d\u2019une <strong>nouvelle entr\u00e9e<\/strong> du centre commercial sur le passage du Colombier\u2009\u00bb, d\u00e9crit le syndicat.<\/p>\n<blockquote class=\"ac-article-quote wall-content\">\n<p>Il aura fallu six ans pour concevoir cette r\u00e9novation dont le dessin a \u00e9t\u00e9 confi\u00e9 au cabinet d\u2019architecte ARTKANSAS dirig\u00e9 par Laurent Carillion Architecte DPLG. Le projet sera pilot\u00e9 par la soci\u00e9t\u00e9 TERRANAE filiale du groupe EVORIEL, sp\u00e9cialiste de la gestion des actifs de commerce.<\/p>\n<p>    <strong>Syndicat des copropri\u00e9taires de l&rsquo;immeuble Les 3 Soleils<\/strong>\n            <\/p><\/blockquote>\n<p class=\" wall-content\">L\u2019objectif de cette restructuration est de<strong> conserver \u00ab\u2009l\u2019ADN originel\u2009\u00bb<\/strong> du b\u00e2timent tout en le<strong> modernisant.<\/strong><\/p>\n<p>Vid\u00e9os : en ce moment sur ActuUn clin d\u2019\u0153il au drapeau breton<\/p>\n<p class=\" wall-content\">L\u2019architecte Laurent Carillion a imagin\u00e9 une nouvelle enveloppe pour le centre commercial. Le <strong>mur-rideau en verre fum\u00e9 s\u00e9pia va \u00eatre remplac\u00e9<\/strong> une \u00ab\u2009une nouvelle peau de style contemporain, aux propri\u00e9t\u00e9s thermiques performantes et aux teintes claires rappelant <strong>le Gwenn ha Du\u2009\u00bb.<\/strong><\/p>\n<blockquote class=\"ac-article-quote wall-content\">\n<p>Ce dessin illustre la volont\u00e9 des copropri\u00e9taires de redonner pour les Rennais une image \u00ab porte-drapeau \u00bb du b\u00e2timent.<\/p>\n<p>    <strong>Syndicat des copropri\u00e9taires de l&rsquo;immeuble Les 3 Soleils<\/strong>\n            <\/p><\/blockquote>\n<p class=\" wall-content\">Une nouvelle entr\u00e9e va \u00e9galement \u00eatre cr\u00e9\u00e9e en fa\u00e7ade sud. \u00ab\u2009Ce<strong> nouvel acc\u00e8s<\/strong> depuis le tr\u00e8s fr\u00e9quent\u00e9 passage du Colombier constituera un autre marqueur architectural du b\u00e2timent et augmentera la porosit\u00e9 du centre commercial.\u2009\u00bb<\/p>\n<p>Le parcours client repens\u00e9<\/p>\n<p class=\" wall-content\">\u00c0 l\u2019int\u00e9rieur du centre commercial, une <strong>nouvelle ambiance<\/strong> a \u00e9t\u00e9 imagin\u00e9e. \u00ab\u2009La <strong>refonte du parcours client<\/strong> s\u2019inspirera en plafond des courbes sinuso\u00efdales harmonieuses de l\u2019ext\u00e9rieur du b\u00e2timent.\u2009\u00bb<\/p>\n<p class=\" wall-content\">Les<strong> sols en pierre<\/strong> seront r\u00e9utilis\u00e9s et remis en valeur gr\u00e2ce \u00e0 un polissage. Ils seront bordur\u00e9s de r\u00e9sines min\u00e9rales.<\/p>\n<p class=\" wall-content\">Pour le syndicat, l\u2019objectif de cette r\u00e9novation est de<strong> renforcer l\u2019attractivit\u00e9<\/strong> des commerces existants tout <strong>en attirant de nouvelles enseignes<\/strong> pour remplir les <strong>9\u2009300 m2<\/strong> de cellules commerciales r\u00e9parties sur <strong>trois niveaux.<\/strong><\/p>\n<p class=\" wall-content\">Le d\u00e9marrage des travaux est pr\u00e9vu <strong>\u00ab\u2009au premier semestre 2026\u2009\u00bb.<\/strong> La dur\u00e9e pr\u00e9visionnelle de ce chantier a \u00e9t\u00e9 \u00e9valu\u00e9e \u00e0 <strong>deux ans.<\/strong><\/p>\n<p class=\" wall-content\">Suivez toute l\u2019actualit\u00e9 de vos villes et m\u00e9dias favoris en vous inscrivant \u00e0 <a href=\"https:\/\/moncompte.actu.fr\" title=\"D\u00e9couvez Mon Actu\" rel=\"nofollow noopener\" data-trk=\"{&quot;cta&quot;:{&quot;action&quot;:&quot;https:\\\/\\\/moncompte.actu.fr&quot;,&quot;category&quot;:&quot;mon compte&quot;,&quot;from&quot;:&quot;article footer&quot;,&quot;name&quot;:&quot;Mon actu&quot;,&quot;type&quot;:&quot;cta&quot;}}\" target=\"_blank\">Mon Actu<\/a>.<\/p>\n","protected":false},"excerpt":{"rendered":"Par Cl\u00e9mence Pays Publi\u00e9 le 13 juin 2025 \u00e0 18h29 Le b\u00e2timent, souvent d\u00e9crit comme \u00ab\u2009moche\u2009\u00bb, qui abrite&hellip;\n","protected":false},"author":2,"featured_media":173786,"comment_status":"","ping_status":"","sticky":false,"template":"","format":"standard","meta":{"footnotes":""},"categories":[2821],"tags":[1111,11,829,215,1777,674,1011,27,12,584,25,104,1352],"class_list":{"0":"post-173785","1":"post","2":"type-post","3":"status-publish","4":"format-standard","5":"has-post-thumbnail","7":"category-rennes","8":"tag-actu","9":"tag-actualites","10":"tag-bretagne","11":"tag-commerce","12":"tag-eu","13":"tag-europe","14":"tag-fr","15":"tag-france","16":"tag-news","17":"tag-rennes","18":"tag-republique-francaise","19":"tag-societe","20":"tag-urbanisme"},"share_on_mastodon":{"url":"https:\/\/pubeurope.com\/@fr\/114677038645965822","error":""},"_links":{"self":[{"href":"https:\/\/www.europesays.com\/fr\/wp-json\/wp\/v2\/posts\/173785","targetHints":{"allow":["GET"]}}],"collection":[{"href":"https:\/\/www.europesays.com\/fr\/wp-json\/wp\/v2\/posts"}],"about":[{"href":"https:\/\/www.europesays.com\/fr\/wp-json\/wp\/v2\/types\/post"}],"author":[{"embeddable":true,"href":"https:\/\/www.europesays.com\/fr\/wp-json\/wp\/v2\/users\/2"}],"replies":[{"embeddable":true,"href":"https:\/\/www.europesays.com\/fr\/wp-json\/wp\/v2\/comments?post=173785"}],"version-history":[{"count":0,"href":"https:\/\/www.europesays.com\/fr\/wp-json\/wp\/v2\/posts\/173785\/revisions"}],"wp:featuredmedia":[{"embeddable":true,"href":"https:\/\/www.europesays.com\/fr\/wp-json\/wp\/v2\/media\/173786"}],"wp:attachment":[{"href":"https:\/\/www.europesays.com\/fr\/wp-json\/wp\/v2\/media?parent=173785"}],"wp:term":[{"taxonomy":"category","embeddable":true,"href":"https:\/\/www.europesays.com\/fr\/wp-json\/wp\/v2\/categories?post=173785"},{"taxonomy":"post_tag","embeddable":true,"href":"https:\/\/www.europesays.com\/fr\/wp-json\/wp\/v2\/tags?post=173785"}],"curies":[{"name":"wp","href":"https:\/\/api.w.org\/{rel}","templated":true}]}}