{"id":173789,"date":"2025-06-13T16:39:08","date_gmt":"2025-06-13T16:39:08","guid":{"rendered":"https:\/\/www.europesays.com\/fr\/173789\/"},"modified":"2025-06-13T16:39:08","modified_gmt":"2025-06-13T16:39:08","slug":"la-ligne-b-du-tram-interrompue-plus-dune-heure-apres-un-accident","status":"publish","type":"post","link":"https:\/\/www.europesays.com\/fr\/173789\/","title":{"rendered":"la ligne B du tram interrompue plus d&rsquo;une heure apr\u00e8s un accident"},"content":{"rendered":"<p>            Par<br \/>\n        <strong><br \/>\n            <a href=\"https:\/\/actu.fr\/auteur\/ivan-capecchi\" title=\"Consulter tous les articles de Ivan CAPECCHI\" target=\"_blank\" rel=\"noopener\">Ivan CAPECCHI<\/a><br \/>\n        <\/strong><\/p>\n<p>        Publi\u00e9 le<\/p>\n<p>            13 juin 2025 \u00e0 18h35        <\/p>\n<p>Un <a href=\"https:\/\/actu.fr\/grand-est\/strasbourg_67482\/accident-de-tram-a-strasbourg-la-rame-n-etait-pas-equipee-d-un-systeme-l-empechant-de-repartir-en-arriere_62107637.html\" target=\"_blank\" rel=\"noopener\">accident de tram<\/a> s\u2019est produit ce vendredi apr\u00e8s-midi au niveau de la <strong>rue de la Montagne Verte \u00e0 Strasbourg<\/strong>, provoquant des <strong>perturbations sur le trafic CTS<\/strong>.<\/p>\n<p>La ligne B du tram interrompue pendant 1h15 apr\u00e8s un accident<\/p>\n<p class=\" wall-content\">D\u2019apr\u00e8s la compagnie jointe par nos soins, \u00ab\u00a0il y a eu un <strong>accident entre une voiture et un tram<\/strong> : la voiture a tourn\u00e9 alors que le tram circulait\u00a0\u00bb. \u00ab\u00a0Cela s\u2019est produit <strong>entre les stations Elsau et Montagne verte<\/strong>\u00ab\u00a0, pr\u00e9cise cette derni\u00e8re.<\/p>\n<p class=\" wall-content\">La <strong>ligne B du tram a \u00e9t\u00e9 interrompue environ 1h15<\/strong> entre Elsau et Faubourg National, toujours selon la CTS.<\/p>\n<p class=\" wall-content\">Suivez toute l\u2019actualit\u00e9 de vos villes et m\u00e9dias favoris en vous inscrivant \u00e0 <a href=\"https:\/\/moncompte.actu.fr\" title=\"D\u00e9couvez Mon Actu\" rel=\"nofollow noopener\" data-trk=\"{&quot;cta&quot;:{&quot;action&quot;:&quot;https:\\\/\\\/moncompte.actu.fr&quot;,&quot;category&quot;:&quot;mon compte&quot;,&quot;from&quot;:&quot;article footer&quot;,&quot;name&quot;:&quot;Mon actu&quot;,&quot;type&quot;:&quot;cta&quot;}}\" target=\"_blank\">Mon Actu<\/a>.<\/p>\n<ul class=\"ac-article-tag wall-content\">\n<li><a href=\"https:\/\/actu.fr\/tag\/accident\" data-trk=\"{&quot;cta&quot;:{&quot;action&quot;:&quot;Accident&quot;,&quot;category&quot;:&quot;tag&quot;,&quot;from&quot;:&quot;article footer&quot;,&quot;name&quot;:&quot;Accident&quot;,&quot;type&quot;:&quot;cta&quot;}}\" target=\"_blank\" rel=\"noopener\">#Accident<\/a><\/li>\n<li><a href=\"https:\/\/actu.fr\/tag\/compagnie-des-transports-strasbourgeois-cts\" data-trk=\"{&quot;cta&quot;:{&quot;action&quot;:&quot;Compagnie des transports strasbourgeois (CTS)&quot;,&quot;category&quot;:&quot;tag&quot;,&quot;from&quot;:&quot;article footer&quot;,&quot;name&quot;:&quot;Compagnie des transports strasbourgeois (CTS)&quot;,&quot;type&quot;:&quot;cta&quot;}}\" target=\"_blank\" rel=\"noopener\">#Compagnie des transports strasbourgeois (CTS)<\/a><\/li>\n<\/ul>\n","protected":false},"excerpt":{"rendered":"Par Ivan CAPECCHI Publi\u00e9 le 13 juin 2025 \u00e0 18h35 Un accident de tram s\u2019est produit ce vendredi&hellip;\n","protected":false},"author":2,"featured_media":173790,"comment_status":"","ping_status":"","sticky":false,"template":"","format":"standard","meta":{"footnotes":""},"categories":[2820],"tags":[119,1111,11,7344,1777,674,118,1011,27,775,12,25,640],"class_list":{"0":"post-173789","1":"post","2":"type-post","3":"status-publish","4":"format-standard","5":"has-post-thumbnail","7":"category-strasbourg","8":"tag-accident","9":"tag-actu","10":"tag-actualites","11":"tag-compagnie-des-transports-strasbourgeois-cts","12":"tag-eu","13":"tag-europe","14":"tag-faits-divers","15":"tag-fr","16":"tag-france","17":"tag-grand-est","18":"tag-news","19":"tag-republique-francaise","20":"tag-strasbourg"},"share_on_mastodon":{"url":"https:\/\/pubeurope.com\/@fr\/114677046556156011","error":""},"_links":{"self":[{"href":"https:\/\/www.europesays.com\/fr\/wp-json\/wp\/v2\/posts\/173789","targetHints":{"allow":["GET"]}}],"collection":[{"href":"https:\/\/www.europesays.com\/fr\/wp-json\/wp\/v2\/posts"}],"about":[{"href":"https:\/\/www.europesays.com\/fr\/wp-json\/wp\/v2\/types\/post"}],"author":[{"embeddable":true,"href":"https:\/\/www.europesays.com\/fr\/wp-json\/wp\/v2\/users\/2"}],"replies":[{"embeddable":true,"href":"https:\/\/www.europesays.com\/fr\/wp-json\/wp\/v2\/comments?post=173789"}],"version-history":[{"count":0,"href":"https:\/\/www.europesays.com\/fr\/wp-json\/wp\/v2\/posts\/173789\/revisions"}],"wp:featuredmedia":[{"embeddable":true,"href":"https:\/\/www.europesays.com\/fr\/wp-json\/wp\/v2\/media\/173790"}],"wp:attachment":[{"href":"https:\/\/www.europesays.com\/fr\/wp-json\/wp\/v2\/media?parent=173789"}],"wp:term":[{"taxonomy":"category","embeddable":true,"href":"https:\/\/www.europesays.com\/fr\/wp-json\/wp\/v2\/categories?post=173789"},{"taxonomy":"post_tag","embeddable":true,"href":"https:\/\/www.europesays.com\/fr\/wp-json\/wp\/v2\/tags?post=173789"}],"curies":[{"name":"wp","href":"https:\/\/api.w.org\/{rel}","templated":true}]}}