{"id":17379,"date":"2025-04-11T13:24:24","date_gmt":"2025-04-11T13:24:24","guid":{"rendered":"https:\/\/www.europesays.com\/fr\/17379\/"},"modified":"2025-04-11T13:24:24","modified_gmt":"2025-04-11T13:24:24","slug":"inauguration-de-scotch-soda-un-retour-avec-style-a-lyon","status":"publish","type":"post","link":"https:\/\/www.europesays.com\/fr\/17379\/","title":{"rendered":"Inauguration de Scotch &#038; Soda. Un retour avec style \u00e0 Lyon"},"content":{"rendered":"<p>\t\t\t\t<img fetchpriority=\"high\" decoding=\"async\" width=\"900\" height=\"700\" src=\"https:\/\/www.europesays.com\/fr\/wp-content\/uploads\/2025\/04\/01_Scotch-Sodas_AM_.jpg\" alt=\"\" title=\"01_Scotch &amp; Sodas_AM_\"   class=\"wp-image-157923\"\/><\/p>\n<p>Photos \u00a9 Alexandre Moulard<\/p>\n<p style=\"font-weight: 400;\">Ferm\u00e9e depuis l\u2019\u00e9t\u00e9 2024, la boutique Scotch &amp; Sodas de la rue Tupin a rouvert le 9 novembre dernier. Une reprise d\u2019activit\u00e9 orchestr\u00e9e par Mickaelle Druillet et Marie et Dominique Dufour, d\u00e9j\u00e0 \u00e0 la t\u00eate de la franchise Scotch &amp; Soda \u00e0 Annecy. En fusionnant les collections Femme et Homme dans un seul et unique espace, le lieu est pens\u00e9 comme un terrain d\u2019expression pour celles et ceux qui refusent l\u2019ordinaire.<\/p>\n<p style=\"font-weight: 400;\">Ce devait \u00eatre une f\u00eate, une renaissance pour Scotch &amp; Soda, Cette marque n\u00e9erlandaise qui c\u00e9l\u00e8bre l\u2019authenticit\u00e9, l\u2019optimisme et l\u2019expression personnelle, fait enfin son grand retour au c\u0153ur de la presqu\u2019\u00eele \u00e0 Lyon.\u00a0 Cinq mois apr\u00e8s la r\u00e9ouverture de la boutique, le pari est m\u00eame r\u00e9ussi pour cette marque \u00e0 l\u2019ADN bien \u00e9tablie, associant le chic et le non-conformisme. Lyon est ainsi la premi\u00e8re ville \u00e0 voir rena\u00eetre cet univers unique o\u00f9 chaque pi\u00e8ce est une invitation \u00e0 l\u2019audace et \u00e0 la cr\u00e9ativit\u00e9.<\/p>\n<p style=\"font-weight: 400;\">Mais alors que la nouvelle \u00e9quipe est d\u00e9j\u00e0 f\u00e9licit\u00e9e pour son accueil et son professionnalisme, que le trio, <strong>Mickaelle Druillet, Marie <\/strong>et<strong> Dominique Dufour<\/strong>, se devait de c\u00e9l\u00e9brer ce retour en force. Et ce, avec la complicit\u00e9 d\u2019une nouvelle \u00e9quipe, dirig\u00e9e par <strong>Celina Lapeira<\/strong>. La Personal Shopper de formation, ayant d\u00e9j\u00e0 prouv\u00e9 son expertise sur bien des plateaux t\u00e9l\u00e9s, a d\u00e9sormais pour mission de rendre la mode accessible \u00e0 tous, tout en mettant l\u2019accent sur la qualit\u00e9 et le style.<\/p>\n<p style=\"font-weight: 400;\">Au 31 rue Tupin, celle-ci se tient pr\u00eate \u00e0 guider les clients vers des pi\u00e8ces qui leur ressemblent, de mani\u00e8re \u00e0 se constituer un vestiaire \u00e0 la fois \u00e9l\u00e9gant et affirm\u00e9. Cela s\u2019est vu, au cours d\u2019un d\u00e9fil\u00e9 inaugurale organis\u00e9 jusqu\u2019aux tables de la pizzeria voisine, Valentina, partenaire de l\u2019\u00e9v\u00e8nement. Le tout, dans l\u2019all\u00e9gresse et l\u2019\u00e9l\u00e9gance d\u2019une inauguration r\u00e9sum\u00e9e en ces mots : \u00ab\u00a0the free spirit of Amsterdam\u00a0\u00bb\u00a0!<\/p>\n<p style=\"font-weight: 400; text-align: center;\"><strong>Scotch &amp; Soda<br \/>Vendredi 21 mars 2025<\/strong><\/p>\n<p>                                <a href=\"https:\/\/www.europesays.com\/fr\/wp-content\/uploads\/2025\/04\/1_Scotch-Sodas_AM_.jpg\" title=\"1. L\u2019\u00e9quipe de Scotch &amp; Sodas Lyon\" data-rl_title=\"1. L\u2019\u00e9quipe de Scotch &amp; Sodas Lyon\" class=\"rl-gallery-link\" data-rl_caption=\"\" data-rel=\"lightbox-gallery-bGlnaHRib3gtZ2FsbGVyeS0w\"><img loading=\"lazy\" decoding=\"async\" width=\"900\" height=\"599\" data-lazy-type=\"image\" src=\"https:\/\/www.europesays.com\/fr\/wp-content\/uploads\/2025\/04\/1_Scotch-Sodas_AM_.jpg\" class=\"lazy lazy-hidden attachment-large size-large\" alt=\"\" aria-describedby=\"gallery--157924\"  \/><\/a><\/p>\n<p>\n                                1. L\u2019\u00e9quipe de Scotch &amp; Sodas Lyon <\/p>\n<p>                                <a href=\"https:\/\/www.europesays.com\/fr\/wp-content\/uploads\/2025\/04\/2_Scotch-Sodas_AM_.jpg\" title=\"2. L\u2019\u00e9quipe de Scotch &amp; Sodas Lyon\" data-rl_title=\"2. L\u2019\u00e9quipe de Scotch &amp; Sodas Lyon\" class=\"rl-gallery-link\" data-rl_caption=\"\" data-rel=\"lightbox-gallery-bGlnaHRib3gtZ2FsbGVyeS0w\"><img loading=\"lazy\" decoding=\"async\" width=\"900\" height=\"599\" data-lazy-type=\"image\" src=\"https:\/\/www.europesays.com\/fr\/wp-content\/uploads\/2025\/04\/2_Scotch-Sodas_AM_.jpg\" class=\"lazy lazy-hidden attachment-large size-large\" alt=\"\" aria-describedby=\"gallery--157925\"  \/><\/a><\/p>\n<p>\n                                2. L\u2019\u00e9quipe de Scotch &amp; Sodas Lyon<\/p>\n<p><br style=\"clear: both\"\/><\/p>\n<p>                                <a href=\"https:\/\/www.europesays.com\/fr\/wp-content\/uploads\/2025\/04\/3_Scotch-Sodas_AM_.jpg\" title=\"3. DJ Julian Kollee.\" data-rl_title=\"3. DJ Julian Kollee.\" class=\"rl-gallery-link\" data-rl_caption=\"\" data-rel=\"lightbox-gallery-bGlnaHRib3gtZ2FsbGVyeS0w\"><img loading=\"lazy\" decoding=\"async\" width=\"900\" height=\"599\" data-lazy-type=\"image\" src=\"https:\/\/www.europesays.com\/fr\/wp-content\/uploads\/2025\/04\/3_Scotch-Sodas_AM_.jpg\" class=\"lazy lazy-hidden attachment-large size-large\" alt=\"\" aria-describedby=\"gallery--157926\"  \/><\/a><\/p>\n<p>\n                                3. DJ Julian Kollee.<\/p>\n<p>                                <a href=\"https:\/\/www.europesays.com\/fr\/wp-content\/uploads\/2025\/04\/4_Scotch-Sodas_AM_.jpg\" title=\"4. Sylvain, Marilyn et Lili Touratier, les mod\u00e8les du d\u00e9fil\u00e9.\" data-rl_title=\"4. Sylvain, Marilyn et Lili Touratier, les mod\u00e8les du d\u00e9fil\u00e9.\" class=\"rl-gallery-link\" data-rl_caption=\"\" data-rel=\"lightbox-gallery-bGlnaHRib3gtZ2FsbGVyeS0w\"><img loading=\"lazy\" decoding=\"async\" width=\"900\" height=\"599\" data-lazy-type=\"image\" src=\"https:\/\/www.europesays.com\/fr\/wp-content\/uploads\/2025\/04\/4_Scotch-Sodas_AM_.jpg\" class=\"lazy lazy-hidden attachment-large size-large\" alt=\"\" aria-describedby=\"gallery--157927\"  \/><\/a><\/p>\n<p>\n                                4. Sylvain, Marilyn et Lili Touratier, les mod\u00e8les du d\u00e9fil\u00e9.<\/p>\n<p><br style=\"clear: both\"\/><\/p>\n<p>                                <a href=\"https:\/\/www.europesays.com\/fr\/wp-content\/uploads\/2025\/04\/5_Scotch-Sodas_AM_.jpg\" title=\"5. Marie Dufour, associ\u00e9e Scotch &amp; Sodas Lyon entour\u00e9e du docteur Christine Dubost-Hocquart et de Virginie Colombat (Agence Bic).\" data-rl_title=\"5. Marie Dufour, associ\u00e9e Scotch &amp; Sodas Lyon entour\u00e9e du docteur Christine Dubost-Hocquart et de Virginie Colombat (Agence Bic).\" class=\"rl-gallery-link\" data-rl_caption=\"\" data-rel=\"lightbox-gallery-bGlnaHRib3gtZ2FsbGVyeS0w\"><img loading=\"lazy\" decoding=\"async\" width=\"900\" height=\"599\" data-lazy-type=\"image\" src=\"https:\/\/www.europesays.com\/fr\/wp-content\/uploads\/2025\/04\/5_Scotch-Sodas_AM_.jpg\" class=\"lazy lazy-hidden attachment-large size-large\" alt=\"\" aria-describedby=\"gallery--157928\"  \/><\/a><\/p>\n<p>\n                                5. Marie Dufour, associ\u00e9e Scotch &amp; Sodas Lyon entour\u00e9e du docteur Christine Dubost-Hocquart et de Virginie Colombat (Agence Bic).<\/p>\n<p>                                <a href=\"https:\/\/www.europesays.com\/fr\/wp-content\/uploads\/2025\/04\/6_Scotch-Sodas_AM_.jpg\" title=\"6. L\u2019\u00e9quipe de vente de Scotch &amp; Sodas Lyon.\" data-rl_title=\"6. L\u2019\u00e9quipe de vente de Scotch &amp; Sodas Lyon.\" class=\"rl-gallery-link\" data-rl_caption=\"\" data-rel=\"lightbox-gallery-bGlnaHRib3gtZ2FsbGVyeS0w\"><img loading=\"lazy\" decoding=\"async\" width=\"900\" height=\"599\" data-lazy-type=\"image\" src=\"https:\/\/www.europesays.com\/fr\/wp-content\/uploads\/2025\/04\/6_Scotch-Sodas_AM_.jpg\" class=\"lazy lazy-hidden attachment-large size-large\" alt=\"\" aria-describedby=\"gallery--157929\"  \/><\/a><\/p>\n<p>\n                                6. L\u2019\u00e9quipe de vente de Scotch &amp; Sodas Lyon.<\/p>\n<p><br style=\"clear: both\"\/><\/p>\n<p>                                <a href=\"https:\/\/www.europesays.com\/fr\/wp-content\/uploads\/2025\/04\/7_Scotch-Sodas_AM_.jpg\" title=\"7.\" data-rl_title=\"7.\" class=\"rl-gallery-link\" data-rl_caption=\"\" data-rel=\"lightbox-gallery-bGlnaHRib3gtZ2FsbGVyeS0w\"><img loading=\"lazy\" decoding=\"async\" width=\"900\" height=\"599\" data-lazy-type=\"image\" src=\"https:\/\/www.europesays.com\/fr\/wp-content\/uploads\/2025\/04\/7_Scotch-Sodas_AM_.jpg\" class=\"lazy lazy-hidden attachment-large size-large\" alt=\"\" aria-describedby=\"gallery--157930\"  \/><\/a><\/p>\n<p>\n                                7.<\/p>\n<p>                                <a href=\"https:\/\/www.europesays.com\/fr\/wp-content\/uploads\/2025\/04\/8_Scotch-Sodas_AM_.jpg\" title=\"8.\" data-rl_title=\"8.\" class=\"rl-gallery-link\" data-rl_caption=\"\" data-rel=\"lightbox-gallery-bGlnaHRib3gtZ2FsbGVyeS0w\"><img loading=\"lazy\" decoding=\"async\" width=\"900\" height=\"599\" data-lazy-type=\"image\" src=\"https:\/\/www.europesays.com\/fr\/wp-content\/uploads\/2025\/04\/8_Scotch-Sodas_AM_.jpg\" class=\"lazy lazy-hidden attachment-large size-large\" alt=\"\" aria-describedby=\"gallery--157931\"  \/><\/a><\/p>\n<p>\n                                8.<\/p>\n<p><br style=\"clear: both\"\/><\/p>\n<p>                                <a href=\"https:\/\/www.europesays.com\/fr\/wp-content\/uploads\/2025\/04\/9_Scotch-Sodas_AM_.jpg\" title=\"9.\" data-rl_title=\"9.\" class=\"rl-gallery-link\" data-rl_caption=\"\" data-rel=\"lightbox-gallery-bGlnaHRib3gtZ2FsbGVyeS0w\"><img loading=\"lazy\" decoding=\"async\" width=\"900\" height=\"599\" data-lazy-type=\"image\" src=\"https:\/\/www.europesays.com\/fr\/wp-content\/uploads\/2025\/04\/9_Scotch-Sodas_AM_.jpg\" class=\"lazy lazy-hidden attachment-large size-large\" alt=\"\" aria-describedby=\"gallery--157932\"  \/><\/a><\/p>\n<p>\n                                9. <\/p>\n<p>                                <a href=\"https:\/\/www.europesays.com\/fr\/wp-content\/uploads\/2025\/04\/10_Scotch-Sodas_AM_.jpg\" title=\"10. Le joueur de Volley Ball Steve Adu Kyeremeh entour\u00e9 de Th\u00e9o Delaye, Marie Dufour,et C\u00e9lina Lapeira (Scotch &amp; Sodas).\" data-rl_title=\"10. Le joueur de Volley Ball Steve Adu Kyeremeh entour\u00e9 de Th\u00e9o Delaye, Marie Dufour,et C\u00e9lina Lapeira (Scotch &amp; Sodas).\" class=\"rl-gallery-link\" data-rl_caption=\"\" data-rel=\"lightbox-gallery-bGlnaHRib3gtZ2FsbGVyeS0w\"><img loading=\"lazy\" decoding=\"async\" width=\"900\" height=\"599\" data-lazy-type=\"image\" src=\"https:\/\/www.europesays.com\/fr\/wp-content\/uploads\/2025\/04\/10_Scotch-Sodas_AM_.jpg\" class=\"lazy lazy-hidden attachment-large size-large\" alt=\"\" aria-describedby=\"gallery--157933\"  \/><\/a><\/p>\n<p>\n                                10. Le joueur de Volley Ball Steve Adu Kyeremeh entour\u00e9 de Th\u00e9o Delaye, Marie Dufour,et C\u00e9lina Lapeira (Scotch &amp; Sodas).<\/p>\n<p><br style=\"clear: both\"\/><\/p>\n<p>                                <a href=\"https:\/\/www.europesays.com\/fr\/wp-content\/uploads\/2025\/04\/11_Scotch-Sodas_AM_.jpg\" title=\"11. Anne Delaigle (Izzy Town) et C\u00e9lina Lapeira (Scotch &amp; Sodas).\" data-rl_title=\"11. Anne Delaigle (Izzy Town) et C\u00e9lina Lapeira (Scotch &amp; Sodas).\" class=\"rl-gallery-link\" data-rl_caption=\"\" data-rel=\"lightbox-gallery-bGlnaHRib3gtZ2FsbGVyeS0w\"><img loading=\"lazy\" decoding=\"async\" width=\"900\" height=\"599\" data-lazy-type=\"image\" src=\"https:\/\/www.europesays.com\/fr\/wp-content\/uploads\/2025\/04\/11_Scotch-Sodas_AM_.jpg\" class=\"lazy lazy-hidden attachment-large size-large\" alt=\"\" aria-describedby=\"gallery--157964\"  \/><\/a><\/p>\n<p>\n                                11. Anne Delaigle (Izzy Town) et C\u00e9lina Lapeira (Scotch &amp; Sodas).<\/p>\n<p>                                <a href=\"https:\/\/www.europesays.com\/fr\/wp-content\/uploads\/2025\/04\/12_Scotch-Sodas_AM_.jpg\" title=\"12. Paco Teste et Eug\u00e9nie Foraz.\" data-rl_title=\"12. Paco Teste et Eug\u00e9nie Foraz.\" class=\"rl-gallery-link\" data-rl_caption=\"\" data-rel=\"lightbox-gallery-bGlnaHRib3gtZ2FsbGVyeS0w\"><img loading=\"lazy\" decoding=\"async\" width=\"900\" height=\"599\" data-lazy-type=\"image\" src=\"https:\/\/www.europesays.com\/fr\/wp-content\/uploads\/2025\/04\/12_Scotch-Sodas_AM_.jpg\" class=\"lazy lazy-hidden attachment-large size-large\" alt=\"\" aria-describedby=\"gallery--157934\"  \/><\/a><\/p>\n<p>\n                                12. Paco Teste et Eug\u00e9nie Foraz.<\/p>\n<p><br style=\"clear: both\"\/><\/p>\n<p>                                <a href=\"https:\/\/www.europesays.com\/fr\/wp-content\/uploads\/2025\/04\/13_Scotch-Sodas_AM_.jpg\" title=\"13. DJ Julian Kollee entour\u00e9 de ses fans de Scotch &amp; Sodas.\" data-rl_title=\"13. DJ Julian Kollee entour\u00e9 de ses fans de Scotch &amp; Sodas.\" class=\"rl-gallery-link\" data-rl_caption=\"\" data-rel=\"lightbox-gallery-bGlnaHRib3gtZ2FsbGVyeS0w\"><img loading=\"lazy\" decoding=\"async\" width=\"900\" height=\"599\" data-lazy-type=\"image\" src=\"https:\/\/www.europesays.com\/fr\/wp-content\/uploads\/2025\/04\/13_Scotch-Sodas_AM_.jpg\" class=\"lazy lazy-hidden attachment-large size-large\" alt=\"\" aria-describedby=\"gallery--157935\"  \/><\/a><\/p>\n<p>\n                                13. DJ Julian Kollee entour\u00e9 de ses fans de Scotch &amp; Sodas.<\/p>\n<p>                                <a href=\"https:\/\/www.europesays.com\/fr\/wp-content\/uploads\/2025\/04\/14_Scotch-Sodas_AM_.jpg\" title=\"14. Anne Delaigle (Izzy Town) et L\u00e9o-Paul Dumas.\" data-rl_title=\"14. Anne Delaigle (Izzy Town) et L\u00e9o-Paul Dumas.\" class=\"rl-gallery-link\" data-rl_caption=\"\" data-rel=\"lightbox-gallery-bGlnaHRib3gtZ2FsbGVyeS0w\"><img loading=\"lazy\" decoding=\"async\" width=\"900\" height=\"599\" data-lazy-type=\"image\" src=\"https:\/\/www.europesays.com\/fr\/wp-content\/uploads\/2025\/04\/14_Scotch-Sodas_AM_.jpg\" class=\"lazy lazy-hidden attachment-large size-large\" alt=\"\" aria-describedby=\"gallery--157936\"  \/><\/a><\/p>\n<p>\n                                14. Anne Delaigle (Izzy Town) et L\u00e9o-Paul Dumas.<\/p>\n<p><br style=\"clear: both\"\/><\/p>\n<p>                                <a href=\"https:\/\/www.europesays.com\/fr\/wp-content\/uploads\/2025\/04\/15_Scotch-Sodas_AM_.jpg\" title=\"15. Clarisse Buccio (Scotch &amp; Sodas), l\u2019influenceuse mode @house_of_rbb et C\u00e9lina Lapeira (Scotch &amp; Sodas).\" data-rl_title=\"15. Clarisse Buccio (Scotch &amp; Sodas), l\u2019influenceuse mode @house_of_rbb et C\u00e9lina Lapeira (Scotch &amp; Sodas).\" class=\"rl-gallery-link\" data-rl_caption=\"\" data-rel=\"lightbox-gallery-bGlnaHRib3gtZ2FsbGVyeS0w\"><img loading=\"lazy\" decoding=\"async\" width=\"900\" height=\"599\" data-lazy-type=\"image\" src=\"https:\/\/www.europesays.com\/fr\/wp-content\/uploads\/2025\/04\/15_Scotch-Sodas_AM_.jpg\" class=\"lazy lazy-hidden attachment-large size-large\" alt=\"\" aria-describedby=\"gallery--157937\"  \/><\/a><\/p>\n<p>\n                                15. Clarisse Buccio (Scotch &amp; Sodas), l\u2019influenceuse mode @house_of_rbb et C\u00e9lina Lapeira (Scotch &amp; Sodas).<\/p>\n<p>                                <a href=\"https:\/\/www.europesays.com\/fr\/wp-content\/uploads\/2025\/04\/16_Scotch-Sodas_AM_.jpg\" title=\"16. Christian Desbois (Les Yatch de Lyon) et Dominique Dufour, associ\u00e9 Scotch &amp; Sodas Lyon.\" data-rl_title=\"16. Christian Desbois (Les Yatch de Lyon) et Dominique Dufour, associ\u00e9 Scotch &amp; Sodas Lyon.\" class=\"rl-gallery-link\" data-rl_caption=\"\" data-rel=\"lightbox-gallery-bGlnaHRib3gtZ2FsbGVyeS0w\"><img loading=\"lazy\" decoding=\"async\" width=\"900\" height=\"599\" data-lazy-type=\"image\" src=\"https:\/\/www.europesays.com\/fr\/wp-content\/uploads\/2025\/04\/16_Scotch-Sodas_AM_.jpg\" class=\"lazy lazy-hidden attachment-large size-large\" alt=\"\" aria-describedby=\"gallery--157938\"  \/><\/a><\/p>\n<p>\n                                16. Christian Desbois (Les Yatch de Lyon) et Dominique Dufour, associ\u00e9 Scotch &amp; Sodas Lyon.<\/p>\n<p><br style=\"clear: both\"\/><\/p>\n<p>                                <a href=\"https:\/\/www.europesays.com\/fr\/wp-content\/uploads\/2025\/04\/17_Scotch-Sodas_AM_.jpg\" title=\"17. Rapha\u00ebl David (mvcdf) et Jean-No\u00ebl Bel.\" data-rl_title=\"17. Rapha\u00ebl David (mvcdf) et Jean-No\u00ebl Bel.\" class=\"rl-gallery-link\" data-rl_caption=\"\" data-rel=\"lightbox-gallery-bGlnaHRib3gtZ2FsbGVyeS0w\"><img loading=\"lazy\" decoding=\"async\" width=\"900\" height=\"599\" data-lazy-type=\"image\" src=\"https:\/\/www.europesays.com\/fr\/wp-content\/uploads\/2025\/04\/17_Scotch-Sodas_AM_.jpg\" class=\"lazy lazy-hidden attachment-large size-large\" alt=\"\" aria-describedby=\"gallery--157939\"  \/><\/a><\/p>\n<p>\n                                17. Rapha\u00ebl David (mvcdf) et Jean-No\u00ebl Bel.<\/p>\n<p>                                <a href=\"https:\/\/www.europesays.com\/fr\/wp-content\/uploads\/2025\/04\/18_Scotch-Sodas_AM_.jpg\" title=\"18. Marie Dufour, associ\u00e9e Scotch &amp; Sodas Lyon et Sophie (Marie Claire Lyon).\" data-rl_title=\"18. Marie Dufour, associ\u00e9e Scotch &amp; Sodas Lyon et Sophie (Marie Claire Lyon).\" class=\"rl-gallery-link\" data-rl_caption=\"\" data-rel=\"lightbox-gallery-bGlnaHRib3gtZ2FsbGVyeS0w\"><img loading=\"lazy\" decoding=\"async\" width=\"900\" height=\"599\" data-lazy-type=\"image\" src=\"https:\/\/www.europesays.com\/fr\/wp-content\/uploads\/2025\/04\/18_Scotch-Sodas_AM_.jpg\" class=\"lazy lazy-hidden attachment-large size-large\" alt=\"\" aria-describedby=\"gallery--157940\"  \/><\/a><\/p>\n<p>\n                                18. Marie Dufour, associ\u00e9e Scotch &amp; Sodas Lyon et Sophie (Marie Claire Lyon).<\/p>\n<p><br style=\"clear: both\"\/><\/p>\n<p>                                <a href=\"https:\/\/www.europesays.com\/fr\/wp-content\/uploads\/2025\/04\/19_Scotch-Sodas_AM_.jpg\" title=\"19. Andr\u00e9 Carri\u00e8re et Alexandro Llamas, vendeurs pour Scotch &amp; Sodas Lyon.\" data-rl_title=\"19. Andr\u00e9 Carri\u00e8re et Alexandro Llamas, vendeurs pour Scotch &amp; Sodas Lyon.\" class=\"rl-gallery-link\" data-rl_caption=\"\" data-rel=\"lightbox-gallery-bGlnaHRib3gtZ2FsbGVyeS0w\"><img loading=\"lazy\" decoding=\"async\" width=\"900\" height=\"599\" data-lazy-type=\"image\" src=\"https:\/\/www.europesays.com\/fr\/wp-content\/uploads\/2025\/04\/19_Scotch-Sodas_AM_.jpg\" class=\"lazy lazy-hidden attachment-large size-large\" alt=\"\" aria-describedby=\"gallery--157941\"  \/><\/a><\/p>\n<p>\n                                19. Andr\u00e9 Carri\u00e8re et Alexandro Llamas, vendeurs pour Scotch &amp; Sodas Lyon.<\/p>\n<p>                                <a href=\"https:\/\/www.europesays.com\/fr\/wp-content\/uploads\/2025\/04\/20_Scotch-Sodas_AM_.jpg\" title=\"20. Place au d\u00e9fil\u00e9 avec Coralie Lhenry et Elsa Aubry !\" data-rl_title=\"20. Place au d\u00e9fil\u00e9 avec Coralie Lhenry et Elsa Aubry !\" class=\"rl-gallery-link\" data-rl_caption=\"\" data-rel=\"lightbox-gallery-bGlnaHRib3gtZ2FsbGVyeS0w\"><img loading=\"lazy\" decoding=\"async\" width=\"900\" height=\"599\" data-lazy-type=\"image\" src=\"https:\/\/www.europesays.com\/fr\/wp-content\/uploads\/2025\/04\/20_Scotch-Sodas_AM_.jpg\" class=\"lazy lazy-hidden attachment-large size-large\" alt=\"\" aria-describedby=\"gallery--157942\"  \/><\/a><\/p>\n<p>\n                                20. Place au d\u00e9fil\u00e9 avec Coralie Lhenry et Elsa Aubry !<\/p>\n<p><br style=\"clear: both\"\/><\/p>\n<p>                                <a href=\"https:\/\/www.europesays.com\/fr\/wp-content\/uploads\/2025\/04\/21_Scotch-Sodas_AM_.jpg\" title=\"21.\" data-rl_title=\"21.\" class=\"rl-gallery-link\" data-rl_caption=\"\" data-rel=\"lightbox-gallery-bGlnaHRib3gtZ2FsbGVyeS0w\"><img loading=\"lazy\" decoding=\"async\" width=\"900\" height=\"599\" data-lazy-type=\"image\" src=\"https:\/\/www.europesays.com\/fr\/wp-content\/uploads\/2025\/04\/21_Scotch-Sodas_AM_.jpg\" class=\"lazy lazy-hidden attachment-large size-large\" alt=\"\" aria-describedby=\"gallery--157943\"  \/><\/a><\/p>\n<p>\n                                21. <\/p>\n<p>                                <a href=\"https:\/\/www.europesays.com\/fr\/wp-content\/uploads\/2025\/04\/22_Scotch-Sodas_AM_.jpg\" title=\"22.\" data-rl_title=\"22.\" class=\"rl-gallery-link\" data-rl_caption=\"\" data-rel=\"lightbox-gallery-bGlnaHRib3gtZ2FsbGVyeS0w\"><img loading=\"lazy\" decoding=\"async\" width=\"900\" height=\"599\" data-lazy-type=\"image\" src=\"https:\/\/www.europesays.com\/fr\/wp-content\/uploads\/2025\/04\/22_Scotch-Sodas_AM_.jpg\" class=\"lazy lazy-hidden attachment-large size-large\" alt=\"\" aria-describedby=\"gallery--157944\"  \/><\/a><\/p>\n<p>\n                                22. <\/p>\n<p><br style=\"clear: both\"\/><\/p>\n<p>                                <a href=\"https:\/\/www.europesays.com\/fr\/wp-content\/uploads\/2025\/04\/23_Scotch-Sodas_AM_.jpg\" title=\"23. im de Ruiter et Arika Bansal, clients de Scotch &amp; Sodas.\" data-rl_title=\"23. im de Ruiter et Arika Bansal, clients de Scotch &amp; Sodas.\" class=\"rl-gallery-link\" data-rl_caption=\"\" data-rel=\"lightbox-gallery-bGlnaHRib3gtZ2FsbGVyeS0w\"><img loading=\"lazy\" decoding=\"async\" width=\"900\" height=\"599\" data-lazy-type=\"image\" src=\"https:\/\/www.europesays.com\/fr\/wp-content\/uploads\/2025\/04\/23_Scotch-Sodas_AM_.jpg\" class=\"lazy lazy-hidden attachment-large size-large\" alt=\"\" aria-describedby=\"gallery--157945\"  \/><\/a><\/p>\n<p>\n                                23. im de Ruiter et Arika Bansal, clients de Scotch &amp; Sodas.<\/p>\n<p>                                <a href=\"https:\/\/www.europesays.com\/fr\/wp-content\/uploads\/2025\/04\/24_Scotch-Sodas_AM_.jpg\" title=\"24. L\u2019\u00e9quipe de chez Pop &amp; Shoes.\" data-rl_title=\"24. L\u2019\u00e9quipe de chez Pop &amp; Shoes.\" class=\"rl-gallery-link\" data-rl_caption=\"\" data-rel=\"lightbox-gallery-bGlnaHRib3gtZ2FsbGVyeS0w\"><img loading=\"lazy\" decoding=\"async\" width=\"900\" height=\"599\" data-lazy-type=\"image\" src=\"https:\/\/www.europesays.com\/fr\/wp-content\/uploads\/2025\/04\/24_Scotch-Sodas_AM_.jpg\" class=\"lazy lazy-hidden attachment-large size-large\" alt=\"\" aria-describedby=\"gallery--157965\"  \/><\/a><\/p>\n<p>\n                                24. L\u2019\u00e9quipe de chez Pop &amp; Shoes.<\/p>\n<p><br style=\"clear: both\"\/><\/p>\n<p>                                <a href=\"https:\/\/www.europesays.com\/fr\/wp-content\/uploads\/2025\/04\/25_Scotch-Sodas_AM_.jpg\" title=\"25. Franck et Guillaume (Salon de coiffure La Loge)\" data-rl_title=\"25. Franck et Guillaume (Salon de coiffure La Loge)\" class=\"rl-gallery-link\" data-rl_caption=\"\" data-rel=\"lightbox-gallery-bGlnaHRib3gtZ2FsbGVyeS0w\"><img loading=\"lazy\" decoding=\"async\" width=\"900\" height=\"599\" data-lazy-type=\"image\" src=\"https:\/\/www.europesays.com\/fr\/wp-content\/uploads\/2025\/04\/25_Scotch-Sodas_AM_.jpg\" class=\"lazy lazy-hidden attachment-large size-large\" alt=\"\" aria-describedby=\"gallery--157946\"  \/><\/a><\/p>\n<p>\n                                25. Franck et Guillaume (Salon de coiffure La Loge)<\/p>\n<p>                                <a href=\"https:\/\/www.europesays.com\/fr\/wp-content\/uploads\/2025\/04\/26_Scotch-Sodas_AM_.jpg\" title=\"26. C\u00e9lina Lapeira (Scotch &amp; Sodas), S\u00e9bastien Dumotier (Au Merveilleux de Fred) et Marie Dufour, associ\u00e9e Scotch &amp; Sodas.\" data-rl_title=\"26. C\u00e9lina Lapeira (Scotch &amp; Sodas), S\u00e9bastien Dumotier (Au Merveilleux de Fred) et Marie Dufour, associ\u00e9e Scotch &amp; Sodas.\" class=\"rl-gallery-link\" data-rl_caption=\"\" data-rel=\"lightbox-gallery-bGlnaHRib3gtZ2FsbGVyeS0w\"><img loading=\"lazy\" decoding=\"async\" width=\"900\" height=\"599\" data-lazy-type=\"image\" src=\"https:\/\/www.europesays.com\/fr\/wp-content\/uploads\/2025\/04\/26_Scotch-Sodas_AM_.jpg\" class=\"lazy lazy-hidden attachment-large size-large\" alt=\"\" aria-describedby=\"gallery--157947\"  \/><\/a><\/p>\n<p>\n                                26. C\u00e9lina Lapeira (Scotch &amp; Sodas), S\u00e9bastien Dumotier (Au Merveilleux de Fred) et Marie Dufour, associ\u00e9e Scotch &amp; Sodas.<\/p>\n<p><br style=\"clear: both\"\/><\/p>\n<p>                                <a href=\"https:\/\/www.europesays.com\/fr\/wp-content\/uploads\/2025\/04\/27_Scotch-Sodas_AM_.jpg\" title=\"27. Fabrice Lanteri et Michelle Fialon.\" data-rl_title=\"27. Fabrice Lanteri et Michelle Fialon.\" class=\"rl-gallery-link\" data-rl_caption=\"\" data-rel=\"lightbox-gallery-bGlnaHRib3gtZ2FsbGVyeS0w\"><img loading=\"lazy\" decoding=\"async\" width=\"900\" height=\"599\" data-lazy-type=\"image\" src=\"https:\/\/www.europesays.com\/fr\/wp-content\/uploads\/2025\/04\/27_Scotch-Sodas_AM_.jpg\" class=\"lazy lazy-hidden attachment-large size-large\" alt=\"\" aria-describedby=\"gallery--157948\"  \/><\/a><\/p>\n<p>\n                                27. Fabrice Lanteri et Michelle Fialon.<\/p>\n<p>                                <a href=\"https:\/\/www.europesays.com\/fr\/wp-content\/uploads\/2025\/04\/28_Scotch-Sodas_AM_.jpg\" title=\"28. Stacy et Coleen.\" data-rl_title=\"28. Stacy et Coleen.\" class=\"rl-gallery-link\" data-rl_caption=\"\" data-rel=\"lightbox-gallery-bGlnaHRib3gtZ2FsbGVyeS0w\"><img loading=\"lazy\" decoding=\"async\" width=\"900\" height=\"599\" data-lazy-type=\"image\" src=\"https:\/\/www.europesays.com\/fr\/wp-content\/uploads\/2025\/04\/28_Scotch-Sodas_AM_.jpg\" class=\"lazy lazy-hidden attachment-large size-large\" alt=\"\" aria-describedby=\"gallery--157949\"  \/><\/a><\/p>\n<p>\n                                28. Stacy et Coleen.<\/p>\n<p><br style=\"clear: both\"\/><\/p>\n<p>                                <a href=\"https:\/\/www.europesays.com\/fr\/wp-content\/uploads\/2025\/04\/29_Scotch-Sodas_AM_.jpg\" title=\"29. La gourmandise \u00e0 la sauce Scotch &amp; Sodas, illustr\u00e9e par Coralie Lhenry, Elsa Aubry et Clarisse Buccio\" data-rl_title=\"29. La gourmandise \u00e0 la sauce Scotch &amp; Sodas, illustr\u00e9e par Coralie Lhenry, Elsa Aubry et Clarisse Buccio\" class=\"rl-gallery-link\" data-rl_caption=\"\" data-rel=\"lightbox-gallery-bGlnaHRib3gtZ2FsbGVyeS0w\"><img loading=\"lazy\" decoding=\"async\" width=\"900\" height=\"599\" data-lazy-type=\"image\" src=\"https:\/\/www.europesays.com\/fr\/wp-content\/uploads\/2025\/04\/29_Scotch-Sodas_AM_.jpg\" class=\"lazy lazy-hidden attachment-large size-large\" alt=\"\" aria-describedby=\"gallery--157950\"  \/><\/a><\/p>\n<p>\n                                29. La gourmandise \u00e0 la sauce Scotch &amp; Sodas, illustr\u00e9e par Coralie Lhenry, Elsa Aubry et Clarisse Buccio <\/p>\n<p>                                <a href=\"https:\/\/www.europesays.com\/fr\/wp-content\/uploads\/2025\/04\/30_Scotch-Sodas_AM_.jpg\" title=\"30. Ana\u00efs Lopes et Lisa Calogine (EAC Lyon marketing du luxe).\" data-rl_title=\"30. Ana\u00efs Lopes et Lisa Calogine (EAC Lyon marketing du luxe).\" class=\"rl-gallery-link\" data-rl_caption=\"\" data-rel=\"lightbox-gallery-bGlnaHRib3gtZ2FsbGVyeS0w\"><img loading=\"lazy\" decoding=\"async\" width=\"900\" height=\"599\" data-lazy-type=\"image\" src=\"https:\/\/www.europesays.com\/fr\/wp-content\/uploads\/2025\/04\/30_Scotch-Sodas_AM_.jpg\" class=\"lazy lazy-hidden attachment-large size-large\" alt=\"\" aria-describedby=\"gallery--157951\"  \/><\/a><\/p>\n<p>\n                                30. Ana\u00efs Lopes et Lisa Calogine (EAC Lyon marketing du luxe).<\/p>\n<p><br style=\"clear: both\"\/><\/p>\n<p>                                <a href=\"https:\/\/www.europesays.com\/fr\/wp-content\/uploads\/2025\/04\/31_Scotch-Sodas_AM_.jpg\" title=\"31. L\u2019influenceuse House_of_rbb avec Jovan et Guard (Universal Music).\" data-rl_title=\"31. L\u2019influenceuse House_of_rbb avec Jovan et Guard (Universal Music).\" class=\"rl-gallery-link\" data-rl_caption=\"\" data-rel=\"lightbox-gallery-bGlnaHRib3gtZ2FsbGVyeS0w\"><img loading=\"lazy\" decoding=\"async\" width=\"900\" height=\"599\" data-lazy-type=\"image\" src=\"https:\/\/www.europesays.com\/fr\/wp-content\/uploads\/2025\/04\/31_Scotch-Sodas_AM_.jpg\" class=\"lazy lazy-hidden attachment-large size-large\" alt=\"\" aria-describedby=\"gallery--157952\"  \/><\/a><\/p>\n<p>\n                                31. L\u2019influenceuse House_of_rbb avec Jovan et Guard (Universal Music).<\/p>\n<p>                                <a href=\"https:\/\/www.europesays.com\/fr\/wp-content\/uploads\/2025\/04\/32_Scotch-Sodas_AM_.jpg\" title=\"32. Pauline Tugend et Hugo Frances (BFM Lyon).\" data-rl_title=\"32. Pauline Tugend et Hugo Frances (BFM Lyon).\" class=\"rl-gallery-link\" data-rl_caption=\"\" data-rel=\"lightbox-gallery-bGlnaHRib3gtZ2FsbGVyeS0w\"><img loading=\"lazy\" decoding=\"async\" width=\"900\" height=\"599\" data-lazy-type=\"image\" src=\"https:\/\/www.europesays.com\/fr\/wp-content\/uploads\/2025\/04\/32_Scotch-Sodas_AM_.jpg\" class=\"lazy lazy-hidden attachment-large size-large\" alt=\"\" aria-describedby=\"gallery--157953\"  \/><\/a><\/p>\n<p>\n                                32. Pauline Tugend et Hugo Frances (BFM Lyon).<\/p>\n<p><br style=\"clear: both\"\/><\/p>\n<p>                                <a href=\"https:\/\/www.europesays.com\/fr\/wp-content\/uploads\/2025\/04\/33_Scotch-Sodas_AM_.jpg\" title=\"33. Jovan et Guard (Universal Music) accompagn\u00e9s de Dominique Dufour, associ\u00e9 Scotch &amp; Sodas Lyon.\" data-rl_title=\"33. Jovan et Guard (Universal Music) accompagn\u00e9s de Dominique Dufour, associ\u00e9 Scotch &amp; Sodas Lyon.\" class=\"rl-gallery-link\" data-rl_caption=\"\" data-rel=\"lightbox-gallery-bGlnaHRib3gtZ2FsbGVyeS0w\"><img loading=\"lazy\" decoding=\"async\" width=\"900\" height=\"599\" data-lazy-type=\"image\" src=\"https:\/\/www.europesays.com\/fr\/wp-content\/uploads\/2025\/04\/33_Scotch-Sodas_AM_.jpg\" class=\"lazy lazy-hidden attachment-large size-large\" alt=\"\" aria-describedby=\"gallery--157954\"  \/><\/a><\/p>\n<p>\n                                33. Jovan et Guard (Universal Music) accompagn\u00e9s de Dominique Dufour, associ\u00e9 Scotch &amp; Sodas Lyon.<\/p>\n<p>                                <a href=\"https:\/\/www.europesays.com\/fr\/wp-content\/uploads\/2025\/04\/34_Scotch-Sodas_AM_.jpg\" title=\"34. Armelle Descaillot et son mari S\u00e9bastien entour\u00e9s de leurs enfants.\" data-rl_title=\"34. Armelle Descaillot et son mari S\u00e9bastien entour\u00e9s de leurs enfants.\" class=\"rl-gallery-link\" data-rl_caption=\"\" data-rel=\"lightbox-gallery-bGlnaHRib3gtZ2FsbGVyeS0w\"><img loading=\"lazy\" decoding=\"async\" width=\"900\" height=\"599\" data-lazy-type=\"image\" src=\"https:\/\/www.europesays.com\/fr\/wp-content\/uploads\/2025\/04\/34_Scotch-Sodas_AM_.jpg\" class=\"lazy lazy-hidden attachment-large size-large\" alt=\"\" aria-describedby=\"gallery--157955\"  \/><\/a><\/p>\n<p>\n                                34. Armelle Descaillot et son mari S\u00e9bastien entour\u00e9s de leurs enfants.<\/p>\n<p><br style=\"clear: both\"\/><\/p>\n<p>                                <a href=\"https:\/\/www.europesays.com\/fr\/wp-content\/uploads\/2025\/04\/35_Scotch-Sodas_AM_.jpg\" title=\"35.\" data-rl_title=\"35.\" class=\"rl-gallery-link\" data-rl_caption=\"\" data-rel=\"lightbox-gallery-bGlnaHRib3gtZ2FsbGVyeS0w\"><img loading=\"lazy\" decoding=\"async\" width=\"900\" height=\"599\" data-lazy-type=\"image\" src=\"https:\/\/www.europesays.com\/fr\/wp-content\/uploads\/2025\/04\/35_Scotch-Sodas_AM_.jpg\" class=\"lazy lazy-hidden attachment-large size-large\" alt=\"\" aria-describedby=\"gallery--157956\"  \/><\/a><\/p>\n<p>\n                                35. <\/p>\n<p>                                <a href=\"https:\/\/www.europesays.com\/fr\/wp-content\/uploads\/2025\/04\/36_Scotch-Sodas_AM_.jpg\" title=\"36.\" data-rl_title=\"36.\" class=\"rl-gallery-link\" data-rl_caption=\"\" data-rel=\"lightbox-gallery-bGlnaHRib3gtZ2FsbGVyeS0w\"><img loading=\"lazy\" decoding=\"async\" width=\"900\" height=\"599\" data-lazy-type=\"image\" src=\"https:\/\/www.europesays.com\/fr\/wp-content\/uploads\/2025\/04\/36_Scotch-Sodas_AM_.jpg\" class=\"lazy lazy-hidden attachment-large size-large\" alt=\"\" aria-describedby=\"gallery--157957\"  \/><\/a><\/p>\n<p>\n                                36.<\/p>\n<p><br style=\"clear: both\"\/><\/p>\n<p>                                <a href=\"https:\/\/www.europesays.com\/fr\/wp-content\/uploads\/2025\/04\/37_Scotch-Sodas_AM_.jpg\" title=\"37.\" data-rl_title=\"37.\" class=\"rl-gallery-link\" data-rl_caption=\"\" data-rel=\"lightbox-gallery-bGlnaHRib3gtZ2FsbGVyeS0w\"><img loading=\"lazy\" decoding=\"async\" width=\"900\" height=\"599\" data-lazy-type=\"image\" src=\"https:\/\/www.europesays.com\/fr\/wp-content\/uploads\/2025\/04\/37_Scotch-Sodas_AM_.jpg\" class=\"lazy lazy-hidden attachment-large size-large\" alt=\"\" aria-describedby=\"gallery--157958\"  \/><\/a><\/p>\n<p>\n                                37. <\/p>\n<p>                                <a href=\"https:\/\/www.europesays.com\/fr\/wp-content\/uploads\/2025\/04\/39_Scotch-Sodas_AM_.jpg\" title=\"38.\" data-rl_title=\"38.\" class=\"rl-gallery-link\" data-rl_caption=\"\" data-rel=\"lightbox-gallery-bGlnaHRib3gtZ2FsbGVyeS0w\"><img loading=\"lazy\" decoding=\"async\" width=\"900\" height=\"599\" data-lazy-type=\"image\" src=\"https:\/\/www.europesays.com\/fr\/wp-content\/uploads\/2025\/04\/39_Scotch-Sodas_AM_.jpg\" class=\"lazy lazy-hidden attachment-large size-large\" alt=\"\" aria-describedby=\"gallery--157959\"  \/><\/a><\/p>\n<p>\n                                38. <\/p>\n<p><br style=\"clear: both\"\/><\/p>\n<p>                                <a href=\"https:\/\/www.europesays.com\/fr\/wp-content\/uploads\/2025\/04\/40_Scotch-Sodas_AM_.jpg\" title=\"39. Dominique et Marie Dufour associ\u00e9 Scotch &amp; Sodas, en compagnie du maire de la Clusaz, Didier Th\u00e9venet\" data-rl_title=\"39. Dominique et Marie Dufour associ\u00e9 Scotch &amp; Sodas, en compagnie du maire de la Clusaz, Didier Th\u00e9venet\" class=\"rl-gallery-link\" data-rl_caption=\"\" data-rel=\"lightbox-gallery-bGlnaHRib3gtZ2FsbGVyeS0w\"><img loading=\"lazy\" decoding=\"async\" width=\"900\" height=\"599\" data-lazy-type=\"image\" src=\"https:\/\/www.europesays.com\/fr\/wp-content\/uploads\/2025\/04\/40_Scotch-Sodas_AM_.jpg\" class=\"lazy lazy-hidden attachment-large size-large\" alt=\"\" aria-describedby=\"gallery--157960\"  \/><\/a><\/p>\n<p>\n                                39. Dominique et Marie Dufour associ\u00e9 Scotch &amp; Sodas, en compagnie du maire de la Clusaz, Didier Th\u00e9venet<\/p>\n<p>                                <a href=\"https:\/\/www.europesays.com\/fr\/wp-content\/uploads\/2025\/04\/41_Scotch-Sodas_AM_.jpg\" title=\"40.\" data-rl_title=\"40.\" class=\"rl-gallery-link\" data-rl_caption=\"\" data-rel=\"lightbox-gallery-bGlnaHRib3gtZ2FsbGVyeS0w\"><img loading=\"lazy\" decoding=\"async\" width=\"900\" height=\"599\" data-lazy-type=\"image\" src=\"https:\/\/www.europesays.com\/fr\/wp-content\/uploads\/2025\/04\/41_Scotch-Sodas_AM_.jpg\" class=\"lazy lazy-hidden attachment-large size-large\" alt=\"\" aria-describedby=\"gallery--157961\"  \/><\/a><\/p>\n<p>\n                                40. <\/p>\n<p><br style=\"clear: both\"\/><\/p>\n<p>                                <a href=\"https:\/\/www.europesays.com\/fr\/wp-content\/uploads\/2025\/04\/40_Scotch-Sodas_AM_-1.jpg\" title=\"41.\" data-rl_title=\"41.\" class=\"rl-gallery-link\" data-rl_caption=\"\" data-rel=\"lightbox-gallery-bGlnaHRib3gtZ2FsbGVyeS0w\"><img loading=\"lazy\" decoding=\"async\" width=\"900\" height=\"599\" data-lazy-type=\"image\" src=\"https:\/\/www.europesays.com\/fr\/wp-content\/uploads\/2025\/04\/40_Scotch-Sodas_AM_-1.jpg\" class=\"lazy lazy-hidden attachment-large size-large\" alt=\"\" aria-describedby=\"gallery--157966\"  \/><\/a><\/p>\n<p>\n                                41. <\/p>\n<p>                                <a href=\"https:\/\/www.europesays.com\/fr\/wp-content\/uploads\/2025\/04\/42_Scotch-Sodas_AM_.jpg\" title=\"42.\" data-rl_title=\"42.\" class=\"rl-gallery-link\" data-rl_caption=\"\" data-rel=\"lightbox-gallery-bGlnaHRib3gtZ2FsbGVyeS0w\"><img loading=\"lazy\" decoding=\"async\" width=\"900\" height=\"599\" data-lazy-type=\"image\" src=\"https:\/\/www.europesays.com\/fr\/wp-content\/uploads\/2025\/04\/42_Scotch-Sodas_AM_.jpg\" class=\"lazy lazy-hidden attachment-large size-large\" alt=\"\" aria-describedby=\"gallery--157962\"  \/><\/a><\/p>\n<p>\n                                42. <\/p>\n<p><br style=\"clear: both\"\/><\/p>\n<p>                                <a href=\"https:\/\/www.europesays.com\/fr\/wp-content\/uploads\/2025\/04\/43_Scotch-Sodas_AM_.jpg\" title=\"43.\" data-rl_title=\"43.\" class=\"rl-gallery-link\" data-rl_caption=\"\" data-rel=\"lightbox-gallery-bGlnaHRib3gtZ2FsbGVyeS0w\"><img loading=\"lazy\" decoding=\"async\" width=\"900\" height=\"599\" data-lazy-type=\"image\" src=\"https:\/\/www.europesays.com\/fr\/wp-content\/uploads\/2025\/04\/43_Scotch-Sodas_AM_.jpg\" class=\"lazy lazy-hidden attachment-large size-large\" alt=\"\" aria-describedby=\"gallery--157963\"  \/><\/a><\/p>\n<p>\n                                43. <\/p>\n<p>                        <br style=\"clear: both\"\/><\/p>\n","protected":false},"excerpt":{"rendered":"Photos \u00a9 Alexandre Moulard Ferm\u00e9e depuis l\u2019\u00e9t\u00e9 2024, la boutique Scotch &amp; Sodas de la rue Tupin a&hellip;\n","protected":false},"author":2,"featured_media":17380,"comment_status":"","ping_status":"","sticky":false,"template":"","format":"standard","meta":{"footnotes":""},"categories":[1889],"tags":[4257,1111,47,11,2430,1777,674,1011,27,2428,12,25,7022],"class_list":{"0":"post-17379","1":"post","2":"type-post","3":"status-publish","4":"format-standard","5":"has-post-thumbnail","7":"category-lyon","8":"tag-0top","9":"tag-actu","10":"tag-actualite","11":"tag-actualites","12":"tag-auvergne-rhone-alpes","13":"tag-eu","14":"tag-europe","15":"tag-fr","16":"tag-france","17":"tag-lyon","18":"tag-news","19":"tag-republique-francaise","20":"tag-scotch-sodas"},"share_on_mastodon":{"url":"https:\/\/pubeurope.com\/@fr\/114319554485858354","error":""},"_links":{"self":[{"href":"https:\/\/www.europesays.com\/fr\/wp-json\/wp\/v2\/posts\/17379","targetHints":{"allow":["GET"]}}],"collection":[{"href":"https:\/\/www.europesays.com\/fr\/wp-json\/wp\/v2\/posts"}],"about":[{"href":"https:\/\/www.europesays.com\/fr\/wp-json\/wp\/v2\/types\/post"}],"author":[{"embeddable":true,"href":"https:\/\/www.europesays.com\/fr\/wp-json\/wp\/v2\/users\/2"}],"replies":[{"embeddable":true,"href":"https:\/\/www.europesays.com\/fr\/wp-json\/wp\/v2\/comments?post=17379"}],"version-history":[{"count":0,"href":"https:\/\/www.europesays.com\/fr\/wp-json\/wp\/v2\/posts\/17379\/revisions"}],"wp:featuredmedia":[{"embeddable":true,"href":"https:\/\/www.europesays.com\/fr\/wp-json\/wp\/v2\/media\/17380"}],"wp:attachment":[{"href":"https:\/\/www.europesays.com\/fr\/wp-json\/wp\/v2\/media?parent=17379"}],"wp:term":[{"taxonomy":"category","embeddable":true,"href":"https:\/\/www.europesays.com\/fr\/wp-json\/wp\/v2\/categories?post=17379"},{"taxonomy":"post_tag","embeddable":true,"href":"https:\/\/www.europesays.com\/fr\/wp-json\/wp\/v2\/tags?post=17379"}],"curies":[{"name":"wp","href":"https:\/\/api.w.org\/{rel}","templated":true}]}}