{"id":173793,"date":"2025-06-13T16:41:09","date_gmt":"2025-06-13T16:41:09","guid":{"rendered":"https:\/\/www.europesays.com\/fr\/173793\/"},"modified":"2025-06-13T16:41:09","modified_gmt":"2025-06-13T16:41:09","slug":"en-raison-dune-greve-likea-de-nice-saint-isidore-est-ferme-a-partir-de-ce-samedi-matin","status":"publish","type":"post","link":"https:\/\/www.europesays.com\/fr\/173793\/","title":{"rendered":"En raison d\u2019une gr\u00e8ve, l\u2019Ikea de Nice Saint-Isidore est ferm\u00e9 \u00e0 partir de ce samedi matin"},"content":{"rendered":"<p>\u00ab\u00a0Stop au d\u00e9tricotage de nos droits \u00ab\u00a0, scandent \u00e0 l\u2019unisson la CGT, FO et la CFDT. L\u2019intersyndicale a appel\u00e9 les quelque 10 500 salari\u00e9s d\u2019Ikea \u00e0 entrer en gr\u00e8ve g\u00e9n\u00e9rale dans pr\u00e8s de 40 magasins, dont celui de Nice Saint-Isidore, \u00e0 partir de 8h30, ce samedi matin.<\/p>\n<p>Une mobilisation potentiellement reconductible sur les jours suivants. La direction du g\u00e9ant su\u00e9dois de l\u2019ameublement s\u2019attire de telles foudres apr\u00e8s avoir supprim\u00e9 l\u2019augmentation collective de ses employ\u00e9s au profit d\u2019augmentations individuelles.<\/p>\n<p>\u00ab\u00a0Surcharge de travail et objectifs irr\u00e9alistes\u00a0\u00bb<\/p>\n<p>\u00ab\u00a0\u00c7a met les travailleurs en concurrence et sape l\u2019esprit de solidarit\u00e9 n\u00e9cessaire pour faire du bon boulot\u00a0\u00bb, d\u00e9plore Abdelkader Mekki Daouadji d\u00e9l\u00e9gu\u00e9 syndical central de la CFDT. \u00ab\u00a0Alors que les salaires se tassent et que le prix de la vie augmente, les primes sur objectifs sont devenues inatteignables, exigeant des r\u00e9sultats irr\u00e9alistes. Tout \u00e7a engendre une surcharge de travail alors que l\u2019entreprise g\u00e9n\u00e8re des b\u00e9n\u00e9fices.\u00a0\u00bb<\/p>\n<p>Parce qu\u2019\u00e0 l\u2019international le groupe a aussi connu une vague de mobilisation sociale, le syndicaliste estime \u00ab\u00a0qu\u2019une politique g\u00e9n\u00e9ralis\u00e9e de r\u00e9duction des co\u00fbts est mise en \u0153uvre. Et la masse salariale semble en premi\u00e8re ligne\u00a0\u00bb. Une r\u00e9union avec la direction est pr\u00e9vue mercredi 18 juin, \u00e0 Paris.<\/p>\n","protected":false},"excerpt":{"rendered":"\u00ab\u00a0Stop au d\u00e9tricotage de nos droits \u00ab\u00a0, scandent \u00e0 l\u2019unisson la CGT, FO et la CFDT. L\u2019intersyndicale a&hellip;\n","protected":false},"author":2,"featured_media":173794,"comment_status":"","ping_status":"","sticky":false,"template":"","format":"standard","meta":{"footnotes":""},"categories":[2819],"tags":[1111,11,1777,674,1011,27,802,12,2401,882,25,801],"class_list":{"0":"post-173793","1":"post","2":"type-post","3":"status-publish","4":"format-standard","5":"has-post-thumbnail","7":"category-nice","8":"tag-actu","9":"tag-actualites","10":"tag-eu","11":"tag-europe","12":"tag-fr","13":"tag-france","14":"tag-greves-et-mouvements-sociaux","15":"tag-news","16":"tag-nice","17":"tag-provence-alpes-cote-dazur","18":"tag-republique-francaise","19":"tag-social"},"share_on_mastodon":{"url":"https:\/\/pubeurope.com\/@fr\/114677054540730081","error":""},"_links":{"self":[{"href":"https:\/\/www.europesays.com\/fr\/wp-json\/wp\/v2\/posts\/173793","targetHints":{"allow":["GET"]}}],"collection":[{"href":"https:\/\/www.europesays.com\/fr\/wp-json\/wp\/v2\/posts"}],"about":[{"href":"https:\/\/www.europesays.com\/fr\/wp-json\/wp\/v2\/types\/post"}],"author":[{"embeddable":true,"href":"https:\/\/www.europesays.com\/fr\/wp-json\/wp\/v2\/users\/2"}],"replies":[{"embeddable":true,"href":"https:\/\/www.europesays.com\/fr\/wp-json\/wp\/v2\/comments?post=173793"}],"version-history":[{"count":0,"href":"https:\/\/www.europesays.com\/fr\/wp-json\/wp\/v2\/posts\/173793\/revisions"}],"wp:featuredmedia":[{"embeddable":true,"href":"https:\/\/www.europesays.com\/fr\/wp-json\/wp\/v2\/media\/173794"}],"wp:attachment":[{"href":"https:\/\/www.europesays.com\/fr\/wp-json\/wp\/v2\/media?parent=173793"}],"wp:term":[{"taxonomy":"category","embeddable":true,"href":"https:\/\/www.europesays.com\/fr\/wp-json\/wp\/v2\/categories?post=173793"},{"taxonomy":"post_tag","embeddable":true,"href":"https:\/\/www.europesays.com\/fr\/wp-json\/wp\/v2\/tags?post=173793"}],"curies":[{"name":"wp","href":"https:\/\/api.w.org\/{rel}","templated":true}]}}