{"id":173795,"date":"2025-06-13T16:42:10","date_gmt":"2025-06-13T16:42:10","guid":{"rendered":"https:\/\/www.europesays.com\/fr\/173795\/"},"modified":"2025-06-13T16:42:10","modified_gmt":"2025-06-13T16:42:10","slug":"au-sommet-de-nice-un-nouvel-elan-pour-locean-qui-doit-desormais-se-transformer-en-actions-liberation","status":"publish","type":"post","link":"https:\/\/www.europesays.com\/fr\/173795\/","title":{"rendered":"Au sommet de Nice, un nouvel \u00e9lan pour l\u2019oc\u00e9an qui doit d\u00e9sormais se transformer en actions \u2013 Lib\u00e9ration"},"content":{"rendered":"<p class=\"sc-ksZaOG ehjQrN text-element\">\u00abA l\u2019heure o\u00f9 le multilat\u00e9ralisme est mis \u00e0 mal dans les enceintes onusiennes et o\u00f9 la science fait l\u2019objet d\u2019un d\u00e9ni d\u2019un certain nombre de grands Etats, nous avons voulu \u00e0 Nice [\u2026] tenter le pari d\u2019un changement transformateur\u00bb, a lanc\u00e9 l\u2019ambassadeur fran\u00e7ais des p\u00f4les et oc\u00e9ans, Olivier Poivre d\u2019Arvor, en cl\u00f4ture <a href=\"https:\/\/www.liberation.fr\/environnement\/biodiversite\/conference-des-nations-unies-a-nice-un-sommet-de-locean-entre-deux-eaux-20250606_336W2WDLEJDVRLXJSWT4PYIJRM\/\" target=\"_blank\" rel=\"nofollow noopener\" title=\"https:\/\/www.liberation.fr\/environnement\/biodiversite\/conference-des-nations-unies-a-nice-un-sommet-de-locean-entre-deux-eaux-20250606_336W2WDLEJDVRLXJSWT4PYIJRM\/\">du sommet des Nations Unies sur l\u2019oc\u00e9an<\/a> (Unoc) ce vendredi 13 juin. Depuis lundi, 64 chefs d\u2019Etats et 174 d\u00e9l\u00e9gations se sont r\u00e9unis sur la C\u00f4te d\u2019Azur pour se pencher sur la protection des \u00e9cosyst\u00e8mes marins et la r\u00e9silience des populations qui en d\u00e9pendent.<\/p>\n<p class=\"sc-ksZaOG ehjQrN text-element\">Ce grand raout se termine par la signature d\u2019<a href=\"https:\/\/www.un.org\/pga\/wp-content\/uploads\/sites\/109\/2025\/05\/UNOC3-declaration-final.pdf\" target=\"_blank\" rel=\"nofollow noopener\" title=\"https:\/\/www.un.org\/pga\/wp-content\/uploads\/sites\/109\/2025\/05\/UNOC3-declaration-final.pdf\">une d\u00e9claration de Nice<\/a> sans objectif chiffr\u00e9, \u00abdiscut\u00e9e assez durement, dans un contexte tendu aux Nations Unies\u00bb en amont de l\u2019Unoc, pr\u00e9cise l\u2019ambassadeur tricolore. Le tout, assorti d\u2019un texte recensant les engagements pris durant la semaine et sur lequel \u00abla soci\u00e9t\u00e9<\/p>\n","protected":false},"excerpt":{"rendered":"\u00abA l\u2019heure o\u00f9 le multilat\u00e9ralisme est mis \u00e0 mal dans les enceintes onusiennes et o\u00f9 la science fait&hellip;\n","protected":false},"author":2,"featured_media":173796,"comment_status":"","ping_status":"","sticky":false,"template":"","format":"standard","meta":{"footnotes":""},"categories":[2819],"tags":[1111,11,5253,312,1777,674,1011,27,12,2401,12687,882,5140,25],"class_list":{"0":"post-173795","1":"post","2":"type-post","3":"status-publish","4":"format-standard","5":"has-post-thumbnail","7":"category-nice","8":"tag-actu","9":"tag-actualites","10":"tag-biodiversite-cest-la-sante","11":"tag-diplomatie","12":"tag-eu","13":"tag-europe","14":"tag-fr","15":"tag-france","16":"tag-news","17":"tag-nice","18":"tag-oceans","19":"tag-provence-alpes-cote-dazur","20":"tag-rechauffement-climatique","21":"tag-republique-francaise"},"share_on_mastodon":{"url":"https:\/\/pubeurope.com\/@fr\/114677058373903512","error":""},"_links":{"self":[{"href":"https:\/\/www.europesays.com\/fr\/wp-json\/wp\/v2\/posts\/173795","targetHints":{"allow":["GET"]}}],"collection":[{"href":"https:\/\/www.europesays.com\/fr\/wp-json\/wp\/v2\/posts"}],"about":[{"href":"https:\/\/www.europesays.com\/fr\/wp-json\/wp\/v2\/types\/post"}],"author":[{"embeddable":true,"href":"https:\/\/www.europesays.com\/fr\/wp-json\/wp\/v2\/users\/2"}],"replies":[{"embeddable":true,"href":"https:\/\/www.europesays.com\/fr\/wp-json\/wp\/v2\/comments?post=173795"}],"version-history":[{"count":0,"href":"https:\/\/www.europesays.com\/fr\/wp-json\/wp\/v2\/posts\/173795\/revisions"}],"wp:featuredmedia":[{"embeddable":true,"href":"https:\/\/www.europesays.com\/fr\/wp-json\/wp\/v2\/media\/173796"}],"wp:attachment":[{"href":"https:\/\/www.europesays.com\/fr\/wp-json\/wp\/v2\/media?parent=173795"}],"wp:term":[{"taxonomy":"category","embeddable":true,"href":"https:\/\/www.europesays.com\/fr\/wp-json\/wp\/v2\/categories?post=173795"},{"taxonomy":"post_tag","embeddable":true,"href":"https:\/\/www.europesays.com\/fr\/wp-json\/wp\/v2\/tags?post=173795"}],"curies":[{"name":"wp","href":"https:\/\/api.w.org\/{rel}","templated":true}]}}