{"id":173805,"date":"2025-06-13T16:47:08","date_gmt":"2025-06-13T16:47:08","guid":{"rendered":"https:\/\/www.europesays.com\/fr\/173805\/"},"modified":"2025-06-13T16:47:08","modified_gmt":"2025-06-13T16:47:08","slug":"vigilance-orange-aux-orages-la-vitesse-reduite-sur-certaines-routes-de-haute-garonne-par-la-prefecture","status":"publish","type":"post","link":"https:\/\/www.europesays.com\/fr\/173805\/","title":{"rendered":"Vigilance orange aux orages, la vitesse r\u00e9duite sur certaines routes de Haute-Garonne par la pr\u00e9fecture"},"content":{"rendered":"<p>            Par<br \/>\n        <strong><br \/>\n            <a href=\"https:\/\/actu.fr\/auteur\/david-saint-sernin\" title=\"Consulter tous les articles de David Saint-Sernin\" target=\"_blank\" rel=\"noopener\">David Saint-Sernin<\/a><br \/>\n        <\/strong><\/p>\n<p>        Publi\u00e9 le<\/p>\n<p>            13 juin 2025 \u00e0 18h22        <\/p>\n<p>Alors que la Haute-Garonne a bascul\u00e9 en vigilance<a href=\"https:\/\/actu.fr\/occitanie\/toulouse_31555\/de-nouveaux-orages-annonces-pour-l-occitanie-7-departements-concernes-des-phenomenes-locaux-forts-possibles_62766576.html\" target=\"_blank\" rel=\"noopener\">\u00a0orange aux orages<\/a> \u00e0 18\u00a0heures, ce vendredi 13\u00a0juin 2025, le pr\u00e9fet de la Haute-Garonne vient d\u2019annoncer des mesures de restriction de la vitesse de circulation sur certaines routes dans le d\u00e9partement.<\/p>\n<p>Conditions de circulation difficiles<\/p>\n<p class=\" wall-content\">Le pr\u00e9fet <strong>Pierre-Andr\u00e9 Durand<\/strong> annonce\u2009:<\/p>\n<p class=\" wall-content\">\u00ab\u2009Cet <a href=\"https:\/\/actu.fr\/occitanie\/toulouse_31555\/la-haute-garonne-passe-en-vigilance-orange-aux-orages-ce-vendredi_62766893.html\" target=\"_blank\" rel=\"noopener\">\u00e9pisode orageux<\/a> pouvant pr\u00e9senter un caract\u00e8re fort voire localement violent, rendant de ce fait les conditions de circulation difficiles, des mesures de r\u00e9glementation provisoire de la circulation ont \u00e9t\u00e9 d\u00e9cid\u00e9es sur les routes d\u00e9partementales D1124 (ex-D824, soit la route qui traverse L\u00e9guevin, NDLR) et D820, ainsi que sur les routes nationales et autoroutes du d\u00e9partement\u2009\u00bb.<\/p>\n<p>70\u00a0km\/h maximum pour les poids lourds, 90 pour les voitures<\/p>\n<p class=\" wall-content\">Les mesures suivantes sont prises\u2009:<\/p>\n<ul class=\" wall-content\">\n<li>La vitesse de circulation des transports de marchandises, y compris les mati\u00e8res dangereuses, dont le PTAC (poids total autoris\u00e9 en charge) est sup\u00e9rieur \u00e0 7,5 tonnes, est<br \/>limit\u00e9e \u00e0 70km\/h avec interdiction de d\u00e9passer, dans les deux sens de circulation.<\/li>\n<li>La vitesse de circulation des v\u00e9hicules l\u00e9gers est abaiss\u00e9e de 20km\/h dans la limite de<br \/>90km\/h, dans les deux sens de circulation.<\/li>\n<\/ul>\n<p class=\" wall-content\">Ces mesures s\u2019appliquent jusqu\u2019\u00e0 la fin de la vigilance orange dans le d\u00e9partement de la Haute-Garonne.<\/p>\n<p>Vid\u00e9os : en ce moment sur Actu<\/p>\n<p class=\" wall-content\">\n<p>Une premi\u00e8re fois en mars dernier<\/p>\n<p class=\" wall-content\">C\u2019est en mars dernier que la pr\u00e9fecture de Haute-Garonne<a href=\"https:\/\/actu.fr\/occitanie\/toulouse_31555\/alerte-orange-aux-vents-violents-vitesse-reduite-et-mesures-de-restrictions-sur-les-routes-de-haute-garonne_62398709.html\" target=\"_blank\" rel=\"noopener\"> avait activ\u00e9 une premi\u00e8re fois ce genre de mesures de limitations de vitesse.<\/a> C\u2019\u00e9tait lors d\u2019un \u00e9pisode venteux durant lequel la Haute-Garonne avait \u00e9galement \u00e9t\u00e9 plac\u00e9e en vigilance orange.<\/p>\n<p class=\" wall-content\">Suivez toute l\u2019actualit\u00e9 de vos villes et m\u00e9dias favoris en vous inscrivant \u00e0 <a href=\"https:\/\/moncompte.actu.fr\" title=\"D\u00e9couvez Mon Actu\" rel=\"nofollow noopener\" data-trk=\"{&quot;cta&quot;:{&quot;action&quot;:&quot;https:\\\/\\\/moncompte.actu.fr&quot;,&quot;category&quot;:&quot;mon compte&quot;,&quot;from&quot;:&quot;article footer&quot;,&quot;name&quot;:&quot;Mon actu&quot;,&quot;type&quot;:&quot;cta&quot;}}\" target=\"_blank\">Mon Actu<\/a>.<\/p>\n","protected":false},"excerpt":{"rendered":"Par David Saint-Sernin Publi\u00e9 le 13 juin 2025 \u00e0 18h22 Alors que la Haute-Garonne a bascul\u00e9 en vigilance\u00a0orange&hellip;\n","protected":false},"author":2,"featured_media":173806,"comment_status":"","ping_status":"","sticky":false,"template":"","format":"standard","meta":{"footnotes":""},"categories":[2816],"tags":[1111,11,3542,1777,674,1011,27,12,2680,4594,25,104,2312],"class_list":{"0":"post-173805","1":"post","2":"type-post","3":"status-publish","4":"format-standard","5":"has-post-thumbnail","7":"category-toulouse","8":"tag-actu","9":"tag-actualites","10":"tag-circulation","11":"tag-eu","12":"tag-europe","13":"tag-fr","14":"tag-france","15":"tag-news","16":"tag-occitanie","17":"tag-orages","18":"tag-republique-francaise","19":"tag-societe","20":"tag-toulouse"},"share_on_mastodon":{"url":"https:\/\/pubeurope.com\/@fr\/114677078096149291","error":""},"_links":{"self":[{"href":"https:\/\/www.europesays.com\/fr\/wp-json\/wp\/v2\/posts\/173805","targetHints":{"allow":["GET"]}}],"collection":[{"href":"https:\/\/www.europesays.com\/fr\/wp-json\/wp\/v2\/posts"}],"about":[{"href":"https:\/\/www.europesays.com\/fr\/wp-json\/wp\/v2\/types\/post"}],"author":[{"embeddable":true,"href":"https:\/\/www.europesays.com\/fr\/wp-json\/wp\/v2\/users\/2"}],"replies":[{"embeddable":true,"href":"https:\/\/www.europesays.com\/fr\/wp-json\/wp\/v2\/comments?post=173805"}],"version-history":[{"count":0,"href":"https:\/\/www.europesays.com\/fr\/wp-json\/wp\/v2\/posts\/173805\/revisions"}],"wp:featuredmedia":[{"embeddable":true,"href":"https:\/\/www.europesays.com\/fr\/wp-json\/wp\/v2\/media\/173806"}],"wp:attachment":[{"href":"https:\/\/www.europesays.com\/fr\/wp-json\/wp\/v2\/media?parent=173805"}],"wp:term":[{"taxonomy":"category","embeddable":true,"href":"https:\/\/www.europesays.com\/fr\/wp-json\/wp\/v2\/categories?post=173805"},{"taxonomy":"post_tag","embeddable":true,"href":"https:\/\/www.europesays.com\/fr\/wp-json\/wp\/v2\/tags?post=173805"}],"curies":[{"name":"wp","href":"https:\/\/api.w.org\/{rel}","templated":true}]}}