{"id":173814,"date":"2025-06-13T16:52:09","date_gmt":"2025-06-13T16:52:09","guid":{"rendered":"https:\/\/www.europesays.com\/fr\/173814\/"},"modified":"2025-06-13T16:52:09","modified_gmt":"2025-06-13T16:52:09","slug":"la-nouvelle-place-castellane-inauguree-en-fanfare-a-marseille","status":"publish","type":"post","link":"https:\/\/www.europesays.com\/fr\/173814\/","title":{"rendered":"La nouvelle place Castellane inaugur\u00e9e en fanfare \u00e0 Marseille"},"content":{"rendered":"<p>Apr\u00e8s un an de travaux qui ont laiss\u00e9 la vie de quartier exsangue, la place Castellane (6e) rena\u00eet de ses cendres alors que se d\u00e9roule ce samedi apr\u00e8s-midi son inauguration. Pour\u00a0<a href=\"https:\/\/www.laprovence.com\/region\/Edition-marseille\" target=\"_blank\" rel=\"noopener\">Marseille<\/a>, c\u2019est plus qu\u2019un symbole : un changement d\u2019\u00e8re. \u00c0 la t\u00eate de la M\u00e9tropole, qui a transform\u00e9 le rond-point Cantini en une esplanade pi\u00e9tonne de 8 000 m\u00e8tres carr\u00e9s, Martine Vassal livrera la place Castellane aux habitants ce samedi apr\u00e8s-midi, deux mois apr\u00e8s y avoir salu\u00e9 \u00ab\u00a0un moment historique pour la r\u00e9volution des transports \u00e0 Marseille\u00a0\u00bb lors des essais de <a href=\"https:\/\/www.laprovence.com\/article\/region\/12326836569581\/marseille-l-extension-du-tramway-vers-la-castellane-et-la-rouviere-se-formalise\" target=\"_blank\" rel=\"noopener\">la ligne T3<\/a> reliant la rue de Rome et l\u2019avenue Jules-Cantini (6e) <a href=\"https:\/\/www.laprovence.com\/article\/region\/1846211842234515\/a-marseille-le-tramway-t3-circulera-sur-la-place-castellane-a-partir-du-mois-de-juin\" target=\"_blank\" rel=\"noopener\">dans le cadre l\u2019extension du tramway<\/a>.<\/p>\n","protected":false},"excerpt":{"rendered":"Apr\u00e8s un an de travaux qui ont laiss\u00e9 la vie de quartier exsangue, la place Castellane (6e) rena\u00eet&hellip;\n","protected":false},"author":2,"featured_media":173815,"comment_status":"","ping_status":"","sticky":false,"template":"","format":"standard","meta":{"footnotes":""},"categories":[2814],"tags":[17,1111,11,4110,1777,674,8259,1011,27,16478,884,12,2043,5536,882,16,25,3982],"class_list":{"0":"post-173814","1":"post","2":"type-post","3":"status-publish","4":"format-standard","5":"has-post-thumbnail","7":"category-marseille","8":"tag-17","9":"tag-actu","10":"tag-actualites","11":"tag-castellane","12":"tag-eu","13":"tag-europe","14":"tag-fanfare","15":"tag-fr","16":"tag-france","17":"tag-inauguree","18":"tag-marseille","19":"tag-news","20":"tag-nouvelle","21":"tag-place","22":"tag-provence-alpes-cote-dazur","23":"tag-region","24":"tag-republique-francaise","25":"tag-samedi"},"share_on_mastodon":{"url":"https:\/\/pubeurope.com\/@fr\/114677097799439705","error":""},"_links":{"self":[{"href":"https:\/\/www.europesays.com\/fr\/wp-json\/wp\/v2\/posts\/173814","targetHints":{"allow":["GET"]}}],"collection":[{"href":"https:\/\/www.europesays.com\/fr\/wp-json\/wp\/v2\/posts"}],"about":[{"href":"https:\/\/www.europesays.com\/fr\/wp-json\/wp\/v2\/types\/post"}],"author":[{"embeddable":true,"href":"https:\/\/www.europesays.com\/fr\/wp-json\/wp\/v2\/users\/2"}],"replies":[{"embeddable":true,"href":"https:\/\/www.europesays.com\/fr\/wp-json\/wp\/v2\/comments?post=173814"}],"version-history":[{"count":0,"href":"https:\/\/www.europesays.com\/fr\/wp-json\/wp\/v2\/posts\/173814\/revisions"}],"wp:featuredmedia":[{"embeddable":true,"href":"https:\/\/www.europesays.com\/fr\/wp-json\/wp\/v2\/media\/173815"}],"wp:attachment":[{"href":"https:\/\/www.europesays.com\/fr\/wp-json\/wp\/v2\/media?parent=173814"}],"wp:term":[{"taxonomy":"category","embeddable":true,"href":"https:\/\/www.europesays.com\/fr\/wp-json\/wp\/v2\/categories?post=173814"},{"taxonomy":"post_tag","embeddable":true,"href":"https:\/\/www.europesays.com\/fr\/wp-json\/wp\/v2\/tags?post=173814"}],"curies":[{"name":"wp","href":"https:\/\/api.w.org\/{rel}","templated":true}]}}