{"id":173818,"date":"2025-06-13T16:54:11","date_gmt":"2025-06-13T16:54:11","guid":{"rendered":"https:\/\/www.europesays.com\/fr\/173818\/"},"modified":"2025-06-13T16:54:11","modified_gmt":"2025-06-13T16:54:11","slug":"lyon-dans-un-etat-second-il-frappe-des-passantes-au-hasard-puis-se-jette-sous-un-bus-2","status":"publish","type":"post","link":"https:\/\/www.europesays.com\/fr\/173818\/","title":{"rendered":"Lyon. Dans un \u00e9tat second, il frappe des passantes au hasard puis se jette sous un bus"},"content":{"rendered":"<p>Un jeune homme de 25 ans, d\u00e9favorablement connu des services de police, doit faire prochainement l\u2019objet de deux expertises psychiatriques, apr\u00e8s une agression gratuite et un geste insens\u00e9, mercredi en fin de journ\u00e9e \u00e0 Lyon (5e).<\/p>\n<p>  Il vise deux jeunes femmes<\/p>\n<p>Vers 19\u00a0h\u00a030, cet individu qui semblait dans un \u00e9tat second s\u2019en est pris sans raison \u00e0 deux jeunes filles de 16 et 21 ans qu\u2019il ne connaissait pas, puis s\u2019est jet\u00e9 sous un bus mont\u00e9e de Choulans. Par chance, il n\u2019a \u00e9t\u00e9 que l\u00e9g\u00e8rement bless\u00e9 mais il s\u2019en est pris violemment aux pompiers qui lui prodiguaient les premiers soins. Refusant d\u2019\u00eatre pris en charge, il leur a port\u00e9 des coups avant d\u2019\u00eatre interpell\u00e9 par la police et plac\u00e9 en garde \u00e0 vue. Le d\u00e9pistage de stup\u00e9fiants a r\u00e9v\u00e9l\u00e9 qu\u2019il avait consomm\u00e9 du cannabis et de la coca\u00efne.<\/p>\n<p>Les deux jeunes femmes et trois pompiers ont d\u00e9pos\u00e9 plainte contre lui et il a reconnu les faits, sans les expliquer.<\/p>\n<p>Ce contenu est bloqu\u00e9 car vous n&rsquo;avez pas accept\u00e9 les cookies et autres traceurs.<\/p>\n<p>En cliquant sur \u00ab J\u2019accepte \u00bb, les cookies et autres traceurs seront d\u00e9pos\u00e9s et vous pourrez visualiser les contenus  (<a href=\"\" class=\"consentModule_policy\" target=\"_blank\" title=\"Consulter la politique de protection des donn\u00e9es du fournisseur\">plus d&rsquo;informations<\/a>).<\/p>\n<p>En cliquant sur \u00ab J\u2019accepte tous les cookies \u00bb, vous autorisez des d\u00e9p\u00f4ts de cookies et autres traceurs pour le stockage de vos donn\u00e9es sur nos sites et applications \u00e0 des fins de personnalisation et de ciblage publicitaire.<\/p>\n<p class=\"consentModule_secondaryText\">Vous gardez la possibilit\u00e9 de retirer votre consentement \u00e0 tout moment en consultant notre <a href=\"https:\/\/www.leprogres.fr\/protection-des-donnees\" target=\"_blank\" title=\"Consulter notre politique de protection des donn\u00e9es\" rel=\"noopener\">politique de protection des donn\u00e9es<\/a>. <br \/>&#13;<br \/>\n            <a href=\"https:\/\/www.leprogres.fr\/faits-divers-justice\/2025\/06\/13\/javascript:Didomi.notice.show()\" class=\"consentModule_cmp\" target=\"_blank\" rel=\"noopener\">G\u00e9rer mes choix<\/a>&#13;\n        <\/p>\n<p>&#13;<br \/>\n                        J&rsquo;accepte&#13;<br \/>\n            J&rsquo;accepte tous les cookies&#13;\n        <\/p>\n<p>Il a \u00e9t\u00e9 pr\u00e9sent\u00e9 ce vendredi 13\u00a0juin au parquet, en vue d\u2019une comparution \u00e0 d\u00e9lai diff\u00e9r\u00e9 pour violences aggrav\u00e9es.<\/p>\n","protected":false},"excerpt":{"rendered":"Un jeune homme de 25 ans, d\u00e9favorablement connu des services de police, doit faire prochainement l\u2019objet de deux&hellip;\n","protected":false},"author":2,"featured_media":173817,"comment_status":"","ping_status":"","sticky":false,"template":"","format":"standard","meta":{"footnotes":""},"categories":[1889],"tags":[1111,11,2430,271,272,2757,1777,674,274,1011,27,2428,15658,15657,12,25,2429],"class_list":{"0":"post-173818","1":"post","2":"type-post","3":"status-publish","4":"format-standard","5":"has-post-thumbnail","7":"category-lyon","8":"tag-actu","9":"tag-actualites","10":"tag-auvergne-rhone-alpes","11":"tag-crime","12":"tag-delit-et-contravention","13":"tag-edition-lyon-villeurbanne","14":"tag-eu","15":"tag-europe","16":"tag-faits-divers-justice","17":"tag-fr","18":"tag-france","19":"tag-lyon","20":"tag-lyon-5e","21":"tag-lyon-5e-arrondissement","22":"tag-news","23":"tag-republique-francaise","24":"tag-rhone"},"share_on_mastodon":{"url":"https:\/\/pubeurope.com\/@fr\/114677105618627049","error":""},"_links":{"self":[{"href":"https:\/\/www.europesays.com\/fr\/wp-json\/wp\/v2\/posts\/173818","targetHints":{"allow":["GET"]}}],"collection":[{"href":"https:\/\/www.europesays.com\/fr\/wp-json\/wp\/v2\/posts"}],"about":[{"href":"https:\/\/www.europesays.com\/fr\/wp-json\/wp\/v2\/types\/post"}],"author":[{"embeddable":true,"href":"https:\/\/www.europesays.com\/fr\/wp-json\/wp\/v2\/users\/2"}],"replies":[{"embeddable":true,"href":"https:\/\/www.europesays.com\/fr\/wp-json\/wp\/v2\/comments?post=173818"}],"version-history":[{"count":0,"href":"https:\/\/www.europesays.com\/fr\/wp-json\/wp\/v2\/posts\/173818\/revisions"}],"wp:featuredmedia":[{"embeddable":true,"href":"https:\/\/www.europesays.com\/fr\/wp-json\/wp\/v2\/media\/173817"}],"wp:attachment":[{"href":"https:\/\/www.europesays.com\/fr\/wp-json\/wp\/v2\/media?parent=173818"}],"wp:term":[{"taxonomy":"category","embeddable":true,"href":"https:\/\/www.europesays.com\/fr\/wp-json\/wp\/v2\/categories?post=173818"},{"taxonomy":"post_tag","embeddable":true,"href":"https:\/\/www.europesays.com\/fr\/wp-json\/wp\/v2\/tags?post=173818"}],"curies":[{"name":"wp","href":"https:\/\/api.w.org\/{rel}","templated":true}]}}