{"id":173821,"date":"2025-06-13T16:56:14","date_gmt":"2025-06-13T16:56:14","guid":{"rendered":"https:\/\/www.europesays.com\/fr\/173821\/"},"modified":"2025-06-13T16:56:14","modified_gmt":"2025-06-13T16:56:14","slug":"journee-exceptionnelle-sur-les-routes-dile-de-france-plus-de-400-km-de-bouchons-enregistres","status":"publish","type":"post","link":"https:\/\/www.europesays.com\/fr\/173821\/","title":{"rendered":"Journ\u00e9e \u00ab\u00a0exceptionnelle\u00a0\u00bb sur les routes d&rsquo;\u00cele-de-France, plus de 400 km de bouchons enregistr\u00e9s"},"content":{"rendered":"<p>            Par<br \/>\n        <strong><br \/>\n            <a href=\"https:\/\/actu.fr\/auteur\/redaction-paris\" title=\"Consulter tous les articles de R\u00e9daction Paris\" target=\"_blank\" rel=\"noopener\">R\u00e9daction Paris<\/a><br \/>\n        <\/strong><\/p>\n<p>        Publi\u00e9 le<\/p>\n<p>            13 juin 2025 \u00e0 18h06        <\/p>\n<p>Une journ\u00e9e enti\u00e8re dans le rouge. La<a href=\"https:\/\/actu.fr\/ile-de-france\/paris_75056\/les-embouteillages-encore-au-dessus-de-la-moyenne-les-routes-de-paris-et-d-ile-de-france-tres-obstruees_62766882.html\" target=\"_blank\" rel=\"noopener\"> circulation est exceptionnellement \u00e9lev\u00e9e<\/a> en \u00cele-de-France ce vendredi 13\u00a0juin 2025, rel\u00e8ve le site d\u2019information trafic Sytadin. Avant 18\u00a0heures, les embouteillages d\u00e9passaient d\u00e9j\u00e0 les <strong>400\u00a0km<\/strong>.<\/p>\n<p>Beaucoup de bouchons<\/p>\n<p class=\" wall-content\">Malgr\u00e9 la<a href=\"https:\/\/actu.fr\/ile-de-france\/paris_75056\/meteo-france-durcit-ses-previsions-paris-et-l-ile-de-france-passent-en-vigilance-orange-aux-orages_62767574.html\" target=\"_blank\" rel=\"noopener\"> vigilance orange orage<\/a> qui touche <strong>plusieurs d\u00e9partements<\/strong> d\u2019\u00cele-de-France, les Parisiens n\u2019ont visiblement pas \u00e9t\u00e9 d\u00e9courag\u00e9s de prendre leur voiture pour partir en week-end.<\/p>\n<p class=\" wall-content\">Quelques incidents sont signal\u00e9s sur les routes. Un<strong> accident<\/strong> entre une voiture et une moto sur l\u2019autoroute A1 est survenu vers 17\u00a0heures dans le sens Paris-province, au niveau du boulevard p\u00e9riph\u00e9rique \u00e0 Chapelle, vers Saint-Denis. Il a n\u00e9cessit\u00e9 la fermeture de la voie de gauche.<strong> Plusieurs pannes<\/strong> de v\u00e9hicules sont \u00e9galement enregistr\u00e9es, et sept d\u2019entre elles touchent plusieurs points de l\u2019A86.<\/p>\n<p>    <img   decoding=\"async\" loading=\"lazy\" src=\"https:\/\/www.europesays.com\/fr\/wp-content\/uploads\/2025\/06\/design-sans-titre-2025-06-13t180433316-960x640.png\" alt=\"La courbe de bouchons est rest\u00e9e toute la journ\u00e9e dans le rouge.\" width=\"960\" height=\"640\"\/><br \/>\n    La courbe de bouchons est rest\u00e9e toute la journ\u00e9e dans le rouge. (\u00a9Sytadin)<\/p>\n<p class=\" wall-content\">Une <strong>manifestation<\/strong> au niveau de la N330 dans le sens ext\u00e9rieur, \u00e0 hauteur de la commune de Saint-Soupplets, en Seine-et-Marne, a n\u00e9cessit\u00e9 la fermeture de la route, une d\u00e9viation locale a \u00e9t\u00e9 mise en place.<\/p>\n<p>Vid\u00e9os : en ce moment sur Actu<\/p>\n<p class=\" wall-content\">Suivez toute l\u2019actualit\u00e9 de vos villes et m\u00e9dias favoris en vous inscrivant \u00e0 <a href=\"https:\/\/moncompte.actu.fr\" title=\"D\u00e9couvez Mon Actu\" rel=\"nofollow noopener\" data-trk=\"{&quot;cta&quot;:{&quot;action&quot;:&quot;https:\\\/\\\/moncompte.actu.fr&quot;,&quot;category&quot;:&quot;mon compte&quot;,&quot;from&quot;:&quot;article footer&quot;,&quot;name&quot;:&quot;Mon actu&quot;,&quot;type&quot;:&quot;cta&quot;}}\" target=\"_blank\">Mon Actu<\/a>.<\/p>\n","protected":false},"excerpt":{"rendered":"Par R\u00e9daction Paris Publi\u00e9 le 13 juin 2025 \u00e0 18h06 Une journ\u00e9e enti\u00e8re dans le rouge. La circulation&hellip;\n","protected":false},"author":2,"featured_media":173822,"comment_status":"","ping_status":"","sticky":false,"template":"","format":"standard","meta":{"footnotes":""},"categories":[1592],"tags":[1111,11,646,3542,1777,674,1011,27,662,803,12,626,25,104],"class_list":{"0":"post-173821","1":"post","2":"type-post","3":"status-publish","4":"format-standard","5":"has-post-thumbnail","7":"category-ile-de-france","8":"tag-actu","9":"tag-actualites","10":"tag-automobile","11":"tag-circulation","12":"tag-eu","13":"tag-europe","14":"tag-fr","15":"tag-france","16":"tag-ile-de-france","17":"tag-info-trafic","18":"tag-news","19":"tag-paris","20":"tag-republique-francaise","21":"tag-societe"},"share_on_mastodon":{"url":"https:\/\/pubeurope.com\/@fr\/114677113449861811","error":""},"_links":{"self":[{"href":"https:\/\/www.europesays.com\/fr\/wp-json\/wp\/v2\/posts\/173821","targetHints":{"allow":["GET"]}}],"collection":[{"href":"https:\/\/www.europesays.com\/fr\/wp-json\/wp\/v2\/posts"}],"about":[{"href":"https:\/\/www.europesays.com\/fr\/wp-json\/wp\/v2\/types\/post"}],"author":[{"embeddable":true,"href":"https:\/\/www.europesays.com\/fr\/wp-json\/wp\/v2\/users\/2"}],"replies":[{"embeddable":true,"href":"https:\/\/www.europesays.com\/fr\/wp-json\/wp\/v2\/comments?post=173821"}],"version-history":[{"count":0,"href":"https:\/\/www.europesays.com\/fr\/wp-json\/wp\/v2\/posts\/173821\/revisions"}],"wp:featuredmedia":[{"embeddable":true,"href":"https:\/\/www.europesays.com\/fr\/wp-json\/wp\/v2\/media\/173822"}],"wp:attachment":[{"href":"https:\/\/www.europesays.com\/fr\/wp-json\/wp\/v2\/media?parent=173821"}],"wp:term":[{"taxonomy":"category","embeddable":true,"href":"https:\/\/www.europesays.com\/fr\/wp-json\/wp\/v2\/categories?post=173821"},{"taxonomy":"post_tag","embeddable":true,"href":"https:\/\/www.europesays.com\/fr\/wp-json\/wp\/v2\/tags?post=173821"}],"curies":[{"name":"wp","href":"https:\/\/api.w.org\/{rel}","templated":true}]}}