{"id":17383,"date":"2025-04-11T13:26:14","date_gmt":"2025-04-11T13:26:14","guid":{"rendered":"https:\/\/www.europesays.com\/fr\/17383\/"},"modified":"2025-04-11T13:26:14","modified_gmt":"2025-04-11T13:26:14","slug":"ikea-se-dote-dun-nouveau-centre-de-distribution-clients-en-ile-de-france","status":"publish","type":"post","link":"https:\/\/www.europesays.com\/fr\/17383\/","title":{"rendered":"Ikea se dote d&rsquo;un nouveau centre de distribution clients en Ile-de-France"},"content":{"rendered":"<p>Pour r\u00e9pondre \u00e0 la mont\u00e9e en puissance du e-commerce, Ikea France va se doter d\u2019un nouveau centre de distribution dans la r\u00e9gion. Actuellement en construction sur le port de Limay Porcheville, dans les Yvelines, sur un terrain appartenant \u00e0 Haropa Port (un ancien site de stockage de Citro\u00ebn), ce centre devrait \u00eatre op\u00e9rationnel d\u2019ici la fin de l\u2019ann\u00e9e 2026. Ce nouvel entrep\u00f4t logistique permettra alors \u00e0 l\u2019enseigne d\u2019ameublement su\u00e9doise de renforcer ses capacit\u00e9s de pr\u00e9paration de commandes, de stockage et de livraison \u00e0 domicile de ses clients \u00e0 Paris, dans toute l\u2019Ile-de-France mais aussi \u00e0 l\u2019ouest de la France. \u00ab En pleine capacit\u00e9, le nouveau centre de logistique traitera chaque ann\u00e9e un volume de 380 000 m3 de marchandises, permettant de livrer plus de 700 000 clients en Ile-de-France et dans l\u2019Ouest de la France \u00bb, pr\u00e9cise l\u2019entreprise. Ce centre de distribution de 60 000 m\u00b2 repr\u00e9sente un investissement total d\u2019environ 120 millions d\u2019euros.<\/p>\n<p><strong>Le march\u00e9 francilien, \u00ab un march\u00e9 prioritaire \u00bb<\/strong><\/p>\n<p>\u00ab Le futur centre logistique de Limay est une \u00e9tape cl\u00e9 dans notre strat\u00e9gie de croissance \u00bb, pose Johan Laurell, le pr\u00e9sident et Chief Sustainable Officer de Ikea France. Et pour cause : \u00ab le march\u00e9 francilien est un march\u00e9 prioritaire pour Ikea qui repr\u00e9sente un tiers du chiffre d\u2019affaires \u00bb, indique-t-il. Et \u00ab gr\u00e2ce \u00e0 sa position strat\u00e9gique, Limay deviendra un maillon essentiel du r\u00e9seau logique pour d\u00e9carboner les livraisons pour toujours plus de durabilit\u00e9 \u00bb. En misant sur le transport fluvial, moins polluant que le transport routier, Ikea France explique en effet vouloir \u00ab d\u00e9velopper son activit\u00e9 tout en r\u00e9duisant son impact environnemental \u00bb. L\u2019entreprise porte l\u2019objectif de livrer plus de 90% de ses clients en z\u00e9ro \u00e9mission d\u2019ici 2028.\u00a0<\/p>\n<p>\u00ab La premi\u00e8re exp\u00e9rience d\u2019Ikea \u00e0 Gennevilliers est venue les conforter dans l\u2019id\u00e9e que le transport fluvial est l\u2019une des pistes d\u2019avenir pour une chaine logistique durable \u00bb, souligne Beno\u00eet Rochet, le directeur g\u00e9n\u00e9ral d\u2019Haropa Port. L\u2019entrep\u00f4t de Limay va ainsi renforcer la pr\u00e9sence d\u2019Ikea sur la Seine. Elle qui d\u00e9veloppe, depuis d\u00e9cembre 2022, sa pr\u00e9sence sur le march\u00e9 parisien gr\u00e2ce \u00e0 une cha\u00eene de livraison \u00e0 domicile combinant transport fluvial et v\u00e9hicules \u00e9lectriques. \u00ab Les commandes, pr\u00e9par\u00e9es au centre de distribution de Gennevilliers sur le domaine de Haropa Port, sont achemin\u00e9es par bateau jusqu\u2019au port de Bercy avant d\u2019\u00eatre livr\u00e9es aux clients \u00bb, d\u00e9taille l\u2019entreprise qui assure qu&rsquo;\u201den deux ans, cette approche a permis de livrer plus de 140 000 clients parisiens tout en \u00e9vitant l\u2019\u00e9quivalent de 15 000 trajets de camions aux entr\u00e9es de Paris \u00bb.<\/p>\n<p>Et ce souci environnemental s\u2019applique aussi \u00e0 la conception et \u00e0 la construction du nouveau centre de distribution de Limay. \u00ab Le projet sera certifi\u00e9 BREEAM \u00ab Very Good \u00bb et con\u00e7u pour minimiser l\u2019imperm\u00e9abilisation des sols, avec 33 000 m\u00b2 v\u00e9g\u00e9talis\u00e9s et la plantation de 187 arbres \u00bb, annonce l\u2019entreprise. En utilisant la Seine et l\u2019Oise comme principales voies d\u2019acheminement, \u00ab les mat\u00e9riaux excav\u00e9s du chantier pourrons \u00eatre revaloris\u00e9s sur d\u2019autres sites portuaires d\u00e9di\u00e9s\u201c, ajoute Ikea France qui affirme que \u201c900 trajets en camion et autant d\u2019\u00e9missions de CO2 ont pu \u00eatre \u00e9vit\u00e9s \u00bb. \u00ab Au total, ce sont environ 30 000 tonnes qui ont \u00e9t\u00e9 \u00e9vacu\u00e9s par voie fluviale, en collaboration avec l\u2019entreprise Medinger \u00bb, pr\u00e9cise-t-elle encore.<\/p>\n<p><strong>\u00ab Une tr\u00e8s bonne nouvelle pour l\u2019emploi local \u00bb<\/strong><\/p>\n<p>\u00ab En succ\u00e9dant \u00e0 Citro\u00ebn, ce nouveau vaisseau amiral logistique d\u2019Ikea, connect\u00e9 au fleuve, perp\u00e9tuera la tradition d\u2019innovation et d\u2019entreprenariat qui caract\u00e9rise ce territoire, se r\u00e9jouit Pierre B\u00e9dier, le pr\u00e9sident (LR) des Yvelines. Entre Mantes-la-Jolie et Poissy, le port de Limay-Porcheville est un maillon \u00e9conomique essentiel qu\u2019\u00e0 n\u2019en pas douter cette implantation permettra de dynamiser, au plus grand profit de l\u2019attractivit\u00e9 des Yvelines. \u00bb Un enthousiasme partag\u00e9 par Djamel Nedjar, le maire (DVG) de Limay, qui y voit aussi \u00ab une tr\u00e8s bonne nouvelle pour l\u2019emploi local \u00bb. L\u2019ouverture du site doit en effet g\u00e9n\u00e9rer la cr\u00e9ation d\u2019environ 350 emplois chez Ikea \u00ab en favorisant le recrutement local \u00bb, promet l\u2019entreprise.<\/p>\n","protected":false},"excerpt":{"rendered":"Pour r\u00e9pondre \u00e0 la mont\u00e9e en puissance du e-commerce, Ikea France va se doter d\u2019un nouveau centre de&hellip;\n","protected":false},"author":2,"featured_media":17384,"comment_status":"","ping_status":"","sticky":false,"template":"","format":"standard","meta":{"footnotes":""},"categories":[1592],"tags":[1111,11,7023,7024,7025,7026,7027,313,7028,436,1777,674,1011,27,7029,714,7030,662,7031,7032,7033,2726,12,626,25,7034,7035,2542,1938],"class_list":{"0":"post-17383","1":"post","2":"type-post","3":"status-publish","4":"format-standard","5":"has-post-thumbnail","7":"category-ile-de-france","8":"tag-actu","9":"tag-actualites","10":"tag-ameublement","11":"tag-centre-de-distribution","12":"tag-centre-de-distribution-clients","13":"tag-commandes","14":"tag-e-commerce","15":"tag-entreprises","16":"tag-entrepu00f4t","17":"tag-environnement","18":"tag-eu","19":"tag-europe","20":"tag-fr","21":"tag-france","22":"tag-haropa-port","23":"tag-ikea","24":"tag-ikea-france","25":"tag-ile-de-france","26":"tag-limay","27":"tag-livraison","28":"tag-livraison-u00e0-domicile","29":"tag-logistique","30":"tag-news","31":"tag-paris","32":"tag-republique-francaise","33":"tag-stockage","34":"tag-transport-fluvial","35":"tag-u00e9conomie","36":"tag-yvelines"},"share_on_mastodon":{"url":"https:\/\/pubeurope.com\/@fr\/114319562292194064","error":""},"_links":{"self":[{"href":"https:\/\/www.europesays.com\/fr\/wp-json\/wp\/v2\/posts\/17383","targetHints":{"allow":["GET"]}}],"collection":[{"href":"https:\/\/www.europesays.com\/fr\/wp-json\/wp\/v2\/posts"}],"about":[{"href":"https:\/\/www.europesays.com\/fr\/wp-json\/wp\/v2\/types\/post"}],"author":[{"embeddable":true,"href":"https:\/\/www.europesays.com\/fr\/wp-json\/wp\/v2\/users\/2"}],"replies":[{"embeddable":true,"href":"https:\/\/www.europesays.com\/fr\/wp-json\/wp\/v2\/comments?post=17383"}],"version-history":[{"count":0,"href":"https:\/\/www.europesays.com\/fr\/wp-json\/wp\/v2\/posts\/17383\/revisions"}],"wp:featuredmedia":[{"embeddable":true,"href":"https:\/\/www.europesays.com\/fr\/wp-json\/wp\/v2\/media\/17384"}],"wp:attachment":[{"href":"https:\/\/www.europesays.com\/fr\/wp-json\/wp\/v2\/media?parent=17383"}],"wp:term":[{"taxonomy":"category","embeddable":true,"href":"https:\/\/www.europesays.com\/fr\/wp-json\/wp\/v2\/categories?post=17383"},{"taxonomy":"post_tag","embeddable":true,"href":"https:\/\/www.europesays.com\/fr\/wp-json\/wp\/v2\/tags?post=17383"}],"curies":[{"name":"wp","href":"https:\/\/api.w.org\/{rel}","templated":true}]}}