{"id":173833,"date":"2025-06-13T17:02:12","date_gmt":"2025-06-13T17:02:12","guid":{"rendered":"https:\/\/www.europesays.com\/fr\/173833\/"},"modified":"2025-06-13T17:02:12","modified_gmt":"2025-06-13T17:02:12","slug":"pronostic-finlande-21-ukraine-21-euro-u21","status":"publish","type":"post","link":"https:\/\/www.europesays.com\/fr\/173833\/","title":{"rendered":"Pronostic Finlande -21 Ukraine -21 &#8211; Euro U21"},"content":{"rendered":"<p class=\"text-xs leading-5 text-gray-400 mb-2\">\n                        Publi\u00e9 le 13\/06\/2025 11:00<br \/>\n                        \u00a0par<br \/>\n                                                            <a href=\"https:\/\/www.sportytrader.com\/auteur\/baptiste-couturiaux-3\/\" rel=\"nofollow noopener\" target=\"_blank\">Baptiste Couturiaux<\/a><\/p>\n<p>                                                                                                            dans<br \/>\n                                <a data-trans=\"tips.published.competition %competition%\" href=\"https:\/\/www.sportytrader.com\/pronostics\/football\/europe\/euro-espoirs-95339\/\" rel=\"nofollow noopener\" target=\"_blank\"><br \/>\n                                    Pronostic Euro U21<br \/>\n                                <\/a><\/p>\n<p>Apr\u00e8s une d\u00e9faite face au Danemark sur le score de 3-2, il est d\u00e9j\u00e0 temps pour l\u2019Ukraine de r\u00e9agir ! Un nouveau revers \u00e0 Kosice serait synonyme d\u2019\u00e9limination. Brazhko et ses partenaires peuvent nourrir de grands regrets car ils avaient l\u2019avantage au score et tenaient le point du match nul \u00e0 dix minutes de la fin. Face \u00e0 une s\u00e9lection finlandaise qui vient de tenir t\u00eate aux Pays-Bas, les Ukrainiens savent qu\u2019une prestation sous le signe de la perfection sera n\u00e9cessaire pour esp\u00e9rer grappiller quelques places dans la poule D. Comme en 2020 o\u00f9 les jaunes et bleus s\u2019\u00e9taient impos\u00e9s sur le score de 2-0. Vous l\u2019avez compris, la s\u00e9lection dirig\u00e9e par Melgosa ne peut se permettre un match avec de nouveaux trous d\u2019air sinon le retour \u00e0 la maison sera exp\u00e9ditif !\u00a0<\/p>\n<p>La Finlande \u00e9tait \u00e0 deux doigts de l\u2019exploit. Un avantage de 2-0 \u00e0 la mi-temps, avant de voir les N\u00e9erlandais revenir au score dans les ultimes secondes de la partie. Une frustration qui doit se transformer en motivation pour les hommes dirig\u00e9s par Markku Kanevra car une qualification au prochain tour est envisageable si la performance ressemble aux 45 premi\u00e8res minutes, notamment dans l\u2019efficacit\u00e9 : 5 tentatives, 2 cadr\u00e9es et 2 buts. Si l\u2019arri\u00e8re-garde bleue et blanche ne craque pas sous la pression, le succ\u00e8s tant attendu pourrait arriver \u00e0 l\u2019issue des 90 minutes.\u00a0<\/p>\n","protected":false},"excerpt":{"rendered":"Publi\u00e9 le 13\/06\/2025 11:00 \u00a0par Baptiste Couturiaux dans Pronostic Euro U21 Apr\u00e8s une d\u00e9faite face au Danemark sur&hellip;\n","protected":false},"author":2,"featured_media":173834,"comment_status":"","ping_status":"","sticky":false,"template":"","format":"standard","meta":{"footnotes":""},"categories":[1590],"tags":[11,1777,29977,674,30900,12,1817,1821,220,29975],"class_list":{"0":"post-173833","1":"post","2":"type-post","3":"status-publish","4":"format-standard","5":"has-post-thumbnail","7":"category-ukraine","8":"tag-actualites","9":"tag-eu","10":"tag-euro-u21","11":"tag-europe","12":"tag-finlande-21","13":"tag-news","14":"tag-pronostic","15":"tag-pronostics","16":"tag-ukraine","17":"tag-ukraine-21"},"share_on_mastodon":{"url":"https:\/\/pubeurope.com\/@fr\/114677137038189799","error":""},"_links":{"self":[{"href":"https:\/\/www.europesays.com\/fr\/wp-json\/wp\/v2\/posts\/173833","targetHints":{"allow":["GET"]}}],"collection":[{"href":"https:\/\/www.europesays.com\/fr\/wp-json\/wp\/v2\/posts"}],"about":[{"href":"https:\/\/www.europesays.com\/fr\/wp-json\/wp\/v2\/types\/post"}],"author":[{"embeddable":true,"href":"https:\/\/www.europesays.com\/fr\/wp-json\/wp\/v2\/users\/2"}],"replies":[{"embeddable":true,"href":"https:\/\/www.europesays.com\/fr\/wp-json\/wp\/v2\/comments?post=173833"}],"version-history":[{"count":0,"href":"https:\/\/www.europesays.com\/fr\/wp-json\/wp\/v2\/posts\/173833\/revisions"}],"wp:featuredmedia":[{"embeddable":true,"href":"https:\/\/www.europesays.com\/fr\/wp-json\/wp\/v2\/media\/173834"}],"wp:attachment":[{"href":"https:\/\/www.europesays.com\/fr\/wp-json\/wp\/v2\/media?parent=173833"}],"wp:term":[{"taxonomy":"category","embeddable":true,"href":"https:\/\/www.europesays.com\/fr\/wp-json\/wp\/v2\/categories?post=173833"},{"taxonomy":"post_tag","embeddable":true,"href":"https:\/\/www.europesays.com\/fr\/wp-json\/wp\/v2\/tags?post=173833"}],"curies":[{"name":"wp","href":"https:\/\/api.w.org\/{rel}","templated":true}]}}