{"id":173839,"date":"2025-06-13T17:05:12","date_gmt":"2025-06-13T17:05:12","guid":{"rendered":"https:\/\/www.europesays.com\/fr\/173839\/"},"modified":"2025-06-13T17:05:12","modified_gmt":"2025-06-13T17:05:12","slug":"dans-cette-residence-les-habitants-ne-paient-que-88-centimes-de-loyer-par-an","status":"publish","type":"post","link":"https:\/\/www.europesays.com\/fr\/173839\/","title":{"rendered":"Dans cette r\u00e9sidence, les habitants ne paient que 88 centimes de loyer\u2026 par an"},"content":{"rendered":"<p>C\u2019est un loyer d\u00e9risoire\u00a0et il n\u2019a pas chang\u00e9 depuis\u00a01521, malgr\u00e9 l\u2019<a href=\"https:\/\/www.20minutes.fr\/economie\/inflation\/\" class=\"color-ultramarine c-link\" rel=\"nofollow noopener\" target=\"_blank\">inflation<\/a>. Comme le rapporte le <a href=\"https:\/\/www.dailymail.co.uk\/travel\/article-14802275\/Europe-village-rent-1520-augsburg-fuggerei.html\" target=\"_blank\" class=\"color-ultramarine c-link\" rel=\"nofollow noopener\">Daily Mail<\/a>\u00a0dans un article publi\u00e9 mercredi, les occupants de la r\u00e9sidence Fuggerei, situ\u00e9e \u00e0 Augsbourg\u00a0pr\u00e8s de Munich (<a href=\"https:\/\/www.20minutes.fr\/dossier\/allemagne\" class=\"color-ultramarine c-link\" rel=\"nofollow noopener\" target=\"_blank\">Allemagne<\/a>), ne paient que 0,88 euro de <a href=\"https:\/\/www.20minutes.fr\/dossier\/loyer\" class=\"color-ultramarine c-link\" rel=\"nofollow noopener\" target=\"_blank\">loyer<\/a>\u2026 par an\u00a0! Oui oui, vous avez bien lu.<\/p>\n<p>Cette r\u00e9sidence, o\u00f9 le loyer est purement symbolique, a \u00e9t\u00e9 fond\u00e9e en\u00a01521 par Jakob Fugger, un riche marchand bavarois. Son objectif \u00e9tait alors d\u2019aider les habitants d\u00e9munis de la ville. La Fuggerei comprend 142 logements r\u00e9partis sur un terrain de 15.000 m\u00e8tres carr\u00e9s. Chaque appartement a en moyenne une surface de 60 m\u00e8tres carr\u00e9s et dispose de trois pi\u00e8ces. Les locataires du rez-de-chauss\u00e9e b\u00e9n\u00e9ficient g\u00e9n\u00e9ralement d\u2019un petit jardin.<\/p>\n<p>Couvre-feu \u00e0 22 heures<\/p>\n<p>Mais tout le monde ne peut pas devenir locataire de ce lieu privil\u00e9gi\u00e9, et quasiment gratuit. Seuls les Augsbourgeois catholiques et \u00e0 faibles revenus peuvent postuler, comme le pr\u00e9cise le site Internet de la r\u00e9sidence. En \u00e9change de ce loyer symbolique, plusieurs r\u00e8gles doivent \u00eatre respect\u00e9es, \u00e0 commencer par le\u00a0couvre-feu de 22 heures. Il est possible de le d\u00e9passer en payant une taxe de 50 centimes avant minuit et d\u2019un euro apr\u00e8s.<\/p>\n<\/p>\n<p>Les locataires doivent \u00e9galement prier trois fois par jour\u00a0en l\u2019honneur des actuels propri\u00e9taires des lieux. Enfin, chacun est tenu de consacrer du temps \u00e0 \u00ab\u00a0de petits services pour le bien commun\u00a0\u00bb, comme la surveillance ou le jardinage. La r\u00e9sidence, qui comprend aussi un mus\u00e9e et une maison t\u00e9moin, est ouverte aux visiteurs. Le prix d\u2019entr\u00e9e est de 8 euros par personne, soit l\u2019\u00e9quivalent de neuf ann\u00e9es de loyer.<\/p>\n","protected":false},"excerpt":{"rendered":"C\u2019est un loyer d\u00e9risoire\u00a0et il n\u2019a pas chang\u00e9 depuis\u00a01521, malgr\u00e9 l\u2019inflation. Comme le rapporte le Daily Mail\u00a0dans un&hellip;\n","protected":false},"author":2,"featured_media":173840,"comment_status":"","ping_status":"","sticky":false,"template":"","format":"standard","meta":{"footnotes":""},"categories":[1587],"tags":[47,11,672,1804,1805,1803,1777,674,1801,1116,1757,1908,74,12,1802],"class_list":{"0":"post-173839","1":"post","2":"type-post","3":"status-publish","4":"format-standard","5":"has-post-thumbnail","7":"category-allemagne","8":"tag-actualite","9":"tag-actualites","10":"tag-allemagne","11":"tag-bundesrepublik-deutschland","12":"tag-de","13":"tag-deutschland","14":"tag-eu","15":"tag-europe","16":"tag-germany","17":"tag-immobilier","18":"tag-insolite","19":"tag-logement","20":"tag-monde","21":"tag-news","22":"tag-republique-federale-dallemagne"},"share_on_mastodon":{"url":"https:\/\/pubeurope.com\/@fr\/114677148835568688","error":""},"_links":{"self":[{"href":"https:\/\/www.europesays.com\/fr\/wp-json\/wp\/v2\/posts\/173839","targetHints":{"allow":["GET"]}}],"collection":[{"href":"https:\/\/www.europesays.com\/fr\/wp-json\/wp\/v2\/posts"}],"about":[{"href":"https:\/\/www.europesays.com\/fr\/wp-json\/wp\/v2\/types\/post"}],"author":[{"embeddable":true,"href":"https:\/\/www.europesays.com\/fr\/wp-json\/wp\/v2\/users\/2"}],"replies":[{"embeddable":true,"href":"https:\/\/www.europesays.com\/fr\/wp-json\/wp\/v2\/comments?post=173839"}],"version-history":[{"count":0,"href":"https:\/\/www.europesays.com\/fr\/wp-json\/wp\/v2\/posts\/173839\/revisions"}],"wp:featuredmedia":[{"embeddable":true,"href":"https:\/\/www.europesays.com\/fr\/wp-json\/wp\/v2\/media\/173840"}],"wp:attachment":[{"href":"https:\/\/www.europesays.com\/fr\/wp-json\/wp\/v2\/media?parent=173839"}],"wp:term":[{"taxonomy":"category","embeddable":true,"href":"https:\/\/www.europesays.com\/fr\/wp-json\/wp\/v2\/categories?post=173839"},{"taxonomy":"post_tag","embeddable":true,"href":"https:\/\/www.europesays.com\/fr\/wp-json\/wp\/v2\/tags?post=173839"}],"curies":[{"name":"wp","href":"https:\/\/api.w.org\/{rel}","templated":true}]}}