{"id":173841,"date":"2025-06-13T17:06:12","date_gmt":"2025-06-13T17:06:12","guid":{"rendered":"https:\/\/www.europesays.com\/fr\/173841\/"},"modified":"2025-06-13T17:06:12","modified_gmt":"2025-06-13T17:06:12","slug":"leurope-finit-dans-le-rouge-le-petrole-grimpe-avec-les-tensions-au-moyen-orient-13-06-2025-a-1826","status":"publish","type":"post","link":"https:\/\/www.europesays.com\/fr\/173841\/","title":{"rendered":"L&rsquo;Europe finit dans le rouge, le p\u00e9trole grimpe avec les tensions au Moyen-Orient &#8211; 13\/06\/2025 \u00e0 18:26"},"content":{"rendered":"<p>        <img fetchpriority=\"high\" decoding=\"async\" src=\"https:\/\/www.europesays.com\/fr\/wp-content\/uploads\/2025\/06\/f2c3aa203b7c6c415af0459eca0055f7-760x439.jpg\" alt=\"Le graphique du DAX, l'indice allemand des prix des actions, \u00e0 la bourse de Francfort.\" loading=\"eager\" width=\"760\" height=\"439\" style=\"max-width: 100%!important; height: auto;\"\/><\/p>\n<p class=\"c-image-news__legend\">Le graphique du DAX, l&rsquo;indice allemand des prix des actions, \u00e0 la bourse de Francfort.<\/p>\n<p>\n par Mara  Vilcu\n<\/p>\n<p>\n Les Bourses europ\u00e9ennes ont termin\u00e9 en nette baisse vendredi apr\u00e8s que les frappes isra\u00e9liennes dans la nuit sur les installations nucl\u00e9aires iraniennes ont fait flamber les prix du p\u00e9trole et provoqu\u00e9 la ru\u00e9e des investisseurs vers les valeurs refuge.\n<\/p>\n<p>\n \u00c0 Paris, le CAC 40 a perdu 1,04% \u00e0 7.684,68 points. A Francfort, le Dax a abandonn\u00e9 1,14% et \u00e0 Londres, le FTSE 100 a recul\u00e9 de 0,39%.\n<\/p>\n<p>\n L&rsquo;indice EuroStoxx 50 a abandonn\u00e9 1,35%, le FTSEurofirst 300 a perdu 0,91% et le Stoxx 600 a recul\u00e9 de 0,98%.\n<\/p>\n<p>\n Sur la semaine, le Stoxx 600 a abandonn\u00e9 1,66% et le CAC 40 a perdu 1,54%.\n<\/p>\n<p>\n L&rsquo;arm\u00e9e isra\u00e9lienne a bombard\u00e9 dans la nuit de jeudi \u00e0 vendredi des dizaines de cibles en Iran, notamment des sites nucl\u00e9aires et des usines de missiles balistiques, et tu\u00e9 des commandants militaires et des scientifiques.\n<\/p>\n<p>\n Vendredi, Donald Trump a exhort\u00e9 l&rsquo;Iran \u00e0 conclure un accord sur son programme nucl\u00e9aire sous peine de subir de nouvelles attaques encore plus dures que celles inflig\u00e9es dans la matin\u00e9e par Isra\u00ebl.\n<\/p>\n<p>\n L&rsquo;Iran, qui d\u00e9ment toute ambition d&rsquo;acqu\u00e9rir l&rsquo;arme nucl\u00e9aire, a promis une riposte implacable \u00e0 cette attaque, \u00e0 laquelle les Etats-Unis, engag\u00e9s dans des n\u00e9gociations avec T\u00e9h\u00e9ran sur son programme nucl\u00e9aire, ont dit ne pas \u00eatre associ\u00e9s alors que de nombreux pays, dont la France, ont appel\u00e9 \u00e0 l&rsquo;apaisement.\n<\/p>\n<p>\n L&rsquo;escalade au Moyen-Orient, une r\u00e9gion importante pour la production p\u00e9troli\u00e8re, accentue l&rsquo;incertitude qui r\u00e8gne sur les march\u00e9s alors que l&rsquo;\u00e9conomie mondiale subit une pression accrue en raison des politiques commerciales agressives et impr\u00e9visibles du pr\u00e9sident am\u00e9ricain Donald Trump.\n<\/p>\n<p>\n \u00ab\u00a0L&rsquo;escalade g\u00e9opolitique ajoute une strate suppl\u00e9mentaire d&rsquo;incertitude \u00e0 un climat d\u00e9j\u00e0 fragile\u00a0\u00bb, a d\u00e9clar\u00e9 Charu Chanana, strat\u00e8ge en chef des investissements chez Saxo. Selon elle, le p\u00e9trole brut et les actifs refuges resteront sur une trajectoire ascendante si les tensions continuent de s&rsquo;intensifier.\n<\/p>\n<p>\n Les prix du p\u00e9trole s&rsquo;envolent vendredi, atteignant leur niveau le plus \u00e9lev\u00e9 depuis plusieurs mois, alors que les tensions au Moyen-Orient suscitent des inqui\u00e9tudes quant \u00e0 la perturbation de l&rsquo;approvisionnement.\n<\/p>\n<p>\n Le Brent avance de 5,8% \u00e0 73,38 dollars le baril et le brut l\u00e9ger am\u00e9ricain (West Texas Intermediate, WTI) prend 6,06% \u00e0 72,16 dollars.\n<\/p>\n<p>\n VALEURS\n<\/p>\n<p>\n TotalEnergies a gagn\u00e9 0,11%, aid\u00e9, comme le reste du secteur p\u00e9trolier, par la hausse des prix du brut. A Londres, Shell a progress\u00e9 de 0,63%.\n<\/p>\n<p>\n Les grandes entreprises de d\u00e9fense europ\u00e9ennes, telles que le britannique BAE Systems et le su\u00e9dois Saab AB ont gagn\u00e9 2,87% et \t2,82% respectivement, soutenues par l&rsquo;escalade des tensions au Moyen-Orient.\n<\/p>\n<p>\n Le secteur a\u00e9rien a souffert, en revanche, alors que de nombreuses compagnies a\u00e9riennes ont cess\u00e9 de survoler l&rsquo;espace a\u00e9rien au-dessus d&rsquo;Isra\u00ebl, de l&rsquo;Iran, de l&rsquo;Irak et de la Jordanie vendredi. Air France-KLM a perdu 4,74% et Lufthansa 2,77%.\n<\/p>\n<p>\n A WALL STREET\n<\/p>\n<p>\n A l&rsquo;heure de la cl\u00f4ture en Europe, le Dow Jones abandonne 0,87%, le Standard &amp; Poor&rsquo;s 500 0,36% et le Nasdaq Composite 0,46%.\n<\/p>\n<p>\n LES INDICATEURS DU JOUR\n<\/p>\n<p>\n La production industrielle en zone euro a diminu\u00e9 plus que pr\u00e9vu sur un mois en avril, montrent les donn\u00e9es publi\u00e9es vendredi par Eurostat, l&rsquo;office statistique de l&rsquo;Union europ\u00e9enne.\n<\/p>\n<p>\n L&rsquo;inflation allemande calcul\u00e9e selon les normes europ\u00e9ennes (IPCH) a ralenti \u00e0 2,1% sur un an en mai, conform\u00e9ment aux donn\u00e9es pr\u00e9liminaires et au consensus des analystes, montrent vendredi les donn\u00e9es d\u00e9finitives de l&rsquo;Office f\u00e9d\u00e9ral de la statistique.\n<\/p>\n<p>\n CHANGES\n<\/p>\n<p>\n Le dollar am\u00e9ricain s&rsquo;appr\u00e9cie vendredi face aux principales devises, notamment l&rsquo;euro et le yen, les march\u00e9s recherchant des valeurs refuges dans un contexte de tensions g\u00e9opolitiques croissantes suite au d\u00e9clenchement d&rsquo;un conflit entre Isra\u00ebl et l&rsquo;Iran.\n<\/p>\n<p>\n Le dollar gagne 0,11% face \u00e0 un panier de devises de r\u00e9f\u00e9rence.\n<\/p>\n<p>\n L&rsquo;euro perd 0,17% \u00e0 1,1563 dollar.\n<\/p>\n<p>\n TAUX\n<\/p>\n<p>\n Les rendements obligataires am\u00e9ricains sont en petite hausse apr\u00e8s avoir baiss\u00e9 plus t\u00f4t dans la journ\u00e9e.\n<\/p>\n<p>\n Le rendement des Treasuries \u00e0 dix ans gagne 7,1 points de base \u00e0 4,4284%. Le deux ans avance de 6,5 points de base \u00e0 3,9706%.\n<\/p>\n<p>\n En Europe, le rendement du Bund allemand \u00e0 dix ans a avanc\u00e9 de 5,8 points de base \u00e0 2,5360%. Le deux ans a gagn\u00e9 4,1 points de base \u00e0 1,8540%.\n<\/p>\n<p>\n M\u00c9TAUX\n<\/p>\n<p>\n Le prix de l&rsquo;or grimpe, les investisseurs se tournant vers les valeurs refuges apr\u00e8s l&rsquo;attaque isra\u00e9lienne contre l&rsquo;Iran.\n<\/p>\n<p>\n L&rsquo;or au comptant avance de 1,21% \u00e0 3.425,99 dollars l&rsquo;once.\n<\/p>\n<p>\n A SUIVRE LE 16 JUIN :\n<\/p>\n<p>\n (Certaines donn\u00e9es peuvent accuser un l\u00e9ger d\u00e9calage)\n<\/p>\n<p>\n (R\u00e9dig\u00e9 par Mara V\u00eelcu, \u00e9dit\u00e9 par Blandine H\u00e9nault)<\/p>\n","protected":false},"excerpt":{"rendered":"Le graphique du DAX, l&rsquo;indice allemand des prix des actions, \u00e0 la bourse de Francfort. par Mara Vilcu&hellip;\n","protected":false},"author":2,"featured_media":173842,"comment_status":"","ping_status":"","sticky":false,"template":"","format":"standard","meta":{"footnotes":""},"categories":[1586],"tags":[400,11,398,408,405,1777,674,1011,27,403,402,399,404,12,25,401,406,407],"class_list":{"0":"post-173841","1":"post","2":"type-post","3":"status-publish","4":"format-standard","5":"has-post-thumbnail","7":"category-europe","8":"tag-action-cac-40","9":"tag-actualites","10":"tag-bourse-de-paris","11":"tag-boursorama","12":"tag-cotations","13":"tag-eu","14":"tag-europe","15":"tag-fr","16":"tag-france","17":"tag-indices-devises","18":"tag-investir","19":"tag-investissement","20":"tag-marche-boursier","21":"tag-news","22":"tag-republique-francaise","23":"tag-sicav","24":"tag-trackers","25":"tag-warrants"},"share_on_mastodon":{"url":"https:\/\/pubeurope.com\/@fr\/114677152799416095","error":""},"_links":{"self":[{"href":"https:\/\/www.europesays.com\/fr\/wp-json\/wp\/v2\/posts\/173841","targetHints":{"allow":["GET"]}}],"collection":[{"href":"https:\/\/www.europesays.com\/fr\/wp-json\/wp\/v2\/posts"}],"about":[{"href":"https:\/\/www.europesays.com\/fr\/wp-json\/wp\/v2\/types\/post"}],"author":[{"embeddable":true,"href":"https:\/\/www.europesays.com\/fr\/wp-json\/wp\/v2\/users\/2"}],"replies":[{"embeddable":true,"href":"https:\/\/www.europesays.com\/fr\/wp-json\/wp\/v2\/comments?post=173841"}],"version-history":[{"count":0,"href":"https:\/\/www.europesays.com\/fr\/wp-json\/wp\/v2\/posts\/173841\/revisions"}],"wp:featuredmedia":[{"embeddable":true,"href":"https:\/\/www.europesays.com\/fr\/wp-json\/wp\/v2\/media\/173842"}],"wp:attachment":[{"href":"https:\/\/www.europesays.com\/fr\/wp-json\/wp\/v2\/media?parent=173841"}],"wp:term":[{"taxonomy":"category","embeddable":true,"href":"https:\/\/www.europesays.com\/fr\/wp-json\/wp\/v2\/categories?post=173841"},{"taxonomy":"post_tag","embeddable":true,"href":"https:\/\/www.europesays.com\/fr\/wp-json\/wp\/v2\/tags?post=173841"}],"curies":[{"name":"wp","href":"https:\/\/api.w.org\/{rel}","templated":true}]}}