{"id":173843,"date":"2025-06-13T17:07:13","date_gmt":"2025-06-13T17:07:13","guid":{"rendered":"https:\/\/www.europesays.com\/fr\/173843\/"},"modified":"2025-06-13T17:07:13","modified_gmt":"2025-06-13T17:07:13","slug":"mick-foley-a-eu-des-frissons-avec-la-promo-de-r-truth-lundi-soir","status":"publish","type":"post","link":"https:\/\/www.europesays.com\/fr\/173843\/","title":{"rendered":"Mick Foley a eu des frissons avec la promo de R-Truth lundi soir"},"content":{"rendered":"<p>\u00a0<\/p>\n<p style=\"text-align: justify;\"><strong>Apr\u00e8s son retour inattendu<\/strong> \u00e0 Money in the Bank la semaine derni\u00e8re, R-Truth a effectu\u00e9 une promo l\u00e9gendaire \u00e0 Raw ce lundi.<\/p>\n<p style=\"text-align: justify;\">Le catcheur de 53 ans s&rsquo;\u00eatre exprim\u00e9 face au public de Phoenix, puis il s&rsquo;est coup\u00e9 les cheveux en demandant que l&rsquo;on mette du respect sur son nom : <strong>Ron Killings.<\/strong> Aujourd&rsquo;hui, dans sa story Instagram, le triple champion du monde <strong>Mick Foley<\/strong> a abord\u00e9 ce segment, qui lui a litt\u00e9ralement donn\u00e9 des frissons.<\/p>\n<p>Il d\u00e9clare :\u00a0<\/p>\n<blockquote><p>&#13;<\/p>\n<p style=\"text-align: justify;\"><strong>\u00ab Respect ! Je suis dans le monde du catch depuis plus de 40 ans. Lorsqu&rsquo; un segment me donne des frissons, c&rsquo;est cool. R-Truth&#8230; (en s&rsquo;adressant \u00e0 lui) je ne pouvais pas \u00eatre plus impressionn\u00e9 ! \u00bb<\/strong><\/p>\n<p>&#13;\n<\/p><\/blockquote>\n<p style=\"text-align: justify;\">Ce segment de Ron Killings a fait de nombreuses vues sur YouTube notamment. L&rsquo;extrait publi\u00e9 par la WWE <strong>compte 2,5 millions\u00a0de vues<\/strong> et est le segment le plus visionn\u00e9 du Raw du 9 juin. Quelle est la suite pour R-Truth selon vous ?<\/p>\n<p style=\"text-align: justify;\">Le segment est disponible enti\u00e8rement sur YouTube !<\/p>\n<\/p>\n<p style=\"text-align: right;\">Cr\u00e9dit photo : WWE<\/p>\n","protected":false},"excerpt":{"rendered":"\u00a0 Apr\u00e8s son retour inattendu \u00e0 Money in the Bank la semaine derni\u00e8re, R-Truth a effectu\u00e9 une promo&hellip;\n","protected":false},"author":2,"featured_media":173844,"comment_status":"","ping_status":"","sticky":false,"template":"","format":"standard","meta":{"footnotes":""},"categories":[1586],"tags":[47,11,1777,674,1779,1011,27,12,2043,2054,2055,2052,25,2057,2058,2053,2059,1778,364,2056,2051],"class_list":{"0":"post-173843","1":"post","2":"type-post","3":"status-publish","4":"format-standard","5":"has-post-thumbnail","7":"category-europe","8":"tag-actualite","9":"tag-actualites","10":"tag-eu","11":"tag-europe","12":"tag-european-union","13":"tag-fr","14":"tag-france","15":"tag-news","16":"tag-nouvelle","17":"tag-nxt","18":"tag-ppv","19":"tag-raw","20":"tag-republique-francaise","21":"tag-royal","22":"tag-rumble","23":"tag-smackdown","24":"tag-summerslam","25":"tag-ue","26":"tag-union-europeenne","27":"tag-wrestlemania","28":"tag-wwe"},"share_on_mastodon":{"url":"https:\/\/pubeurope.com\/@fr\/114677156749551024","error":""},"_links":{"self":[{"href":"https:\/\/www.europesays.com\/fr\/wp-json\/wp\/v2\/posts\/173843","targetHints":{"allow":["GET"]}}],"collection":[{"href":"https:\/\/www.europesays.com\/fr\/wp-json\/wp\/v2\/posts"}],"about":[{"href":"https:\/\/www.europesays.com\/fr\/wp-json\/wp\/v2\/types\/post"}],"author":[{"embeddable":true,"href":"https:\/\/www.europesays.com\/fr\/wp-json\/wp\/v2\/users\/2"}],"replies":[{"embeddable":true,"href":"https:\/\/www.europesays.com\/fr\/wp-json\/wp\/v2\/comments?post=173843"}],"version-history":[{"count":0,"href":"https:\/\/www.europesays.com\/fr\/wp-json\/wp\/v2\/posts\/173843\/revisions"}],"wp:featuredmedia":[{"embeddable":true,"href":"https:\/\/www.europesays.com\/fr\/wp-json\/wp\/v2\/media\/173844"}],"wp:attachment":[{"href":"https:\/\/www.europesays.com\/fr\/wp-json\/wp\/v2\/media?parent=173843"}],"wp:term":[{"taxonomy":"category","embeddable":true,"href":"https:\/\/www.europesays.com\/fr\/wp-json\/wp\/v2\/categories?post=173843"},{"taxonomy":"post_tag","embeddable":true,"href":"https:\/\/www.europesays.com\/fr\/wp-json\/wp\/v2\/tags?post=173843"}],"curies":[{"name":"wp","href":"https:\/\/api.w.org\/{rel}","templated":true}]}}