{"id":173852,"date":"2025-06-13T17:12:10","date_gmt":"2025-06-13T17:12:10","guid":{"rendered":"https:\/\/www.europesays.com\/fr\/173852\/"},"modified":"2025-06-13T17:12:10","modified_gmt":"2025-06-13T17:12:10","slug":"le-tours-vb-prend-le-pari-isaac-heslinga","status":"publish","type":"post","link":"https:\/\/www.europesays.com\/fr\/173852\/","title":{"rendered":"le Tours VB prend le pari Isaac Heslinga"},"content":{"rendered":"<p>Si <a target=\"_self\" href=\"https:\/\/www.lanouvellerepublique.fr\/tours\/msl-ils-seront-six-tourangeaux-a-defendre-leur-titre-de-champion-l-an-prochain-1747602364\" rel=\"nofollow noopener\">Ryan Sclater ne sera plus l\u00e0<\/a> la saison prochaine, le Tours Volley-Ball comptera toujours un Canadien dans ses rangs\u00a0! Le club a annonc\u00e9, ce vendredi 13\u00a0juin 2025, l\u2019arriv\u00e9e du r\u00e9ceptionneur-attaquant Isaac Heslinga, originaire d\u2019Orangeville, dans l\u2019Ontario. Un jeune joueur de 23\u00a0ans (2\u00a0m, 97\u00a0kg) qui sort de quatre saisons \u00e0 l\u2019universit\u00e9 canadienne d\u2019Alberta.\u00a0L\u00e0-bas, il a eu le temps de faire \u00e9talage de tout son potentiel, jusqu\u2019\u00e0 marquer l\u2019histoire de son programme \u2013 qui a notamment vu passer l\u2019ex-Tourangeau Ryley Barnes (Nice) ou encore le talentueux passeur Brett Walsh (Chaumont) \u2013, et est l\u2019un des plus titr\u00e9s du championnat universitaire national (U Sports)&#8230;. <\/p>\n<p>    Cet article a \u00e9t\u00e9 tronqu\u00e9. Abonnez-vous pour lire l&rsquo;article complet sur notre site.<\/p>\n<p style=\"margin: 0 !important; padding: 0 !important; font-size: 12px !important;\">Cet article a \u00e9t\u00e9 tronqu\u00e9. Abonnez-vous pour lire l&rsquo;article complet.<\/p>\n<p>    <a href=\"https:\/\/www.lanouvellerepublique.fr\/abonnements\" style=\"display: inline-block; margin-top: 5px !important; padding: 6px 12px !important; background: #cb1c27; color: white; text-decoration: none; border-radius: 4px; font-size: 12px !important;\" rel=\"nofollow noopener\" target=\"_blank\"><br \/>\n      S&rsquo;abonner<br \/>\n    <\/a><\/p>\n","protected":false},"excerpt":{"rendered":"Si Ryan Sclater ne sera plus l\u00e0 la saison prochaine, le Tours Volley-Ball comptera toujours un Canadien dans&hellip;\n","protected":false},"author":2,"featured_media":173853,"comment_status":"","ping_status":"","sticky":false,"template":"","format":"standard","meta":{"footnotes":""},"categories":[1417],"tags":[1392,1011,27,1387,1655,60,1390,1471,2767,1470,1469],"class_list":{"0":"post-173852","1":"post","2":"type-post","3":"status-publish","4":"format-standard","5":"has-post-thumbnail","7":"category-volley","8":"tag-a-la-une-local","9":"tag-fr","10":"tag-france","11":"tag-indre-et-loire","12":"tag-ligue-a","13":"tag-sports","14":"tag-tours","15":"tag-tours-volley-ball","16":"tag-tvb-37","17":"tag-volley","18":"tag-volleyball"},"share_on_mastodon":{"url":"https:\/\/pubeurope.com\/@fr\/114677177271241445","error":""},"_links":{"self":[{"href":"https:\/\/www.europesays.com\/fr\/wp-json\/wp\/v2\/posts\/173852","targetHints":{"allow":["GET"]}}],"collection":[{"href":"https:\/\/www.europesays.com\/fr\/wp-json\/wp\/v2\/posts"}],"about":[{"href":"https:\/\/www.europesays.com\/fr\/wp-json\/wp\/v2\/types\/post"}],"author":[{"embeddable":true,"href":"https:\/\/www.europesays.com\/fr\/wp-json\/wp\/v2\/users\/2"}],"replies":[{"embeddable":true,"href":"https:\/\/www.europesays.com\/fr\/wp-json\/wp\/v2\/comments?post=173852"}],"version-history":[{"count":0,"href":"https:\/\/www.europesays.com\/fr\/wp-json\/wp\/v2\/posts\/173852\/revisions"}],"wp:featuredmedia":[{"embeddable":true,"href":"https:\/\/www.europesays.com\/fr\/wp-json\/wp\/v2\/media\/173853"}],"wp:attachment":[{"href":"https:\/\/www.europesays.com\/fr\/wp-json\/wp\/v2\/media?parent=173852"}],"wp:term":[{"taxonomy":"category","embeddable":true,"href":"https:\/\/www.europesays.com\/fr\/wp-json\/wp\/v2\/categories?post=173852"},{"taxonomy":"post_tag","embeddable":true,"href":"https:\/\/www.europesays.com\/fr\/wp-json\/wp\/v2\/tags?post=173852"}],"curies":[{"name":"wp","href":"https:\/\/api.w.org\/{rel}","templated":true}]}}