{"id":173858,"date":"2025-06-13T17:15:08","date_gmt":"2025-06-13T17:15:08","guid":{"rendered":"https:\/\/www.europesays.com\/fr\/173858\/"},"modified":"2025-06-13T17:15:08","modified_gmt":"2025-06-13T17:15:08","slug":"la-retrogradation-de-tarbes-en-ligue-regionale-confirmee-en-appel","status":"publish","type":"post","link":"https:\/\/www.europesays.com\/fr\/173858\/","title":{"rendered":"La r\u00e9trogradation de Tarbes en Ligue R\u00e9gionale confirm\u00e9e en appel"},"content":{"rendered":"<p style=\"margin: 0px; text-align: justify;\">Apr\u00e8s examen des \u00e9l\u00e9ments produits, la Chambre d\u2019Appel a pris les d\u00e9cisions suivantes :<\/p>\n<p style=\"margin: 0px; text-align: justify;\">\u00a0<\/p>\n<p style=\"margin: 0px; text-align: justify;\"><strong>TARBES GB :<\/strong>\u00a0<\/p>\n<p style=\"margin: 0px; text-align: justify;\">Confirmation de la d\u00e9cision de la CCG &#8211;\u00a0R\u00e9trogradation en Championnat de Ligue R\u00e9gionale de l\u2019ensemble des \u00e9quipes s\u00e9niors au terme de la saison 2024\/25<\/p>\n<p style=\"margin: 0px; text-align: justify;\">\u00a0<\/p>\n<p style=\"margin: 0px; text-align: justify;\"><strong>ROCHE VENDEE BC :<\/strong><\/p>\n<p style=\"margin: 0px; text-align: justify;\">Engagement de l\u2019\u00e9quipe 1\u00e8re\u00a0en LBWL pour la saison 2025\/26<\/p>\n<p style=\"margin: 0px; list-style-type: disc;\">Saisine de la CCG pour la validation du budget 2025\/26 et l\u2019encadrement des charges de personnels<\/p>\n<p style=\"margin: 0px;\">Maintien de l\u2019ensemble des \u00e9quipes s\u00e9niors (Championnat de France) dans leurs championnats respectifs pour la saison 2025\/26<\/p>\n<p style=\"margin: 0px; text-align: justify;\">\u00a0<\/p>\n<p style=\"margin: 0px; text-align: justify;\"><strong>AURORE VITRE<\/strong>\u00a0:<\/p>\n<p style=\"margin: 0px; list-style-type: disc;\">Engagement de l\u2019\u00e9quipe 1\u00e8re\u00a0en NM1 pour la saison 2025\/26<\/p>\n<p style=\"margin: 0px;\">Saisine de la CCG pour la validation du budget 2025\/26 et l\u2019encadrement des charges de personnels<\/p>\n<p style=\"margin: 0px; text-align: justify;\">\u00a0<\/p>\n<p style=\"margin: 0px 0px 0cm; line-height: normal; text-align: justify;\"><a name=\"m_4183038568373390564__Hlk200715994\" style=\"color: inherit; text-decoration: underline;\">Les clubs ont la possibilit\u00e9 de contester ces d\u00e9cisions aupr\u00e8s du Tribunal Administratif. Pr\u00e9alablement \u00e0 cette saisine, un recours est obligatoire aupr\u00e8s du CNOSF, dans un d\u00e9lai de quinze (15) jours conform\u00e9ment \u00e0 l\u2019article R.141-15 du Code du sport.<\/a><\/p>\n<p style=\"margin: 0px 0px 0cm; line-height: normal; text-align: justify;\">\u00a0<\/p>\n<p style=\"margin: 0px 0px 0cm; line-height: normal; text-align: justify;\">Ce relev\u00e9 de d\u00e9cision est rendu public conform\u00e9ment \u00e0 l\u2019article L.132-2 alin\u00e9a 4 du Code du Sport.<\/p>\n","protected":false},"excerpt":{"rendered":"Apr\u00e8s examen des \u00e9l\u00e9ments produits, la Chambre d\u2019Appel a pris les d\u00e9cisions suivantes : \u00a0 TARBES GB :\u00a0&hellip;\n","protected":false},"author":2,"featured_media":173859,"comment_status":"","ping_status":"","sticky":false,"template":"","format":"standard","meta":{"footnotes":""},"categories":[1414],"tags":[1465,1464,1011,27,60],"class_list":{"0":"post-173858","1":"post","2":"type-post","3":"status-publish","4":"format-standard","5":"has-post-thumbnail","7":"category-basket","8":"tag-basket","9":"tag-basketball","10":"tag-fr","11":"tag-france","12":"tag-sports"},"share_on_mastodon":{"url":"https:\/\/pubeurope.com\/@fr\/114677188064433203","error":""},"_links":{"self":[{"href":"https:\/\/www.europesays.com\/fr\/wp-json\/wp\/v2\/posts\/173858","targetHints":{"allow":["GET"]}}],"collection":[{"href":"https:\/\/www.europesays.com\/fr\/wp-json\/wp\/v2\/posts"}],"about":[{"href":"https:\/\/www.europesays.com\/fr\/wp-json\/wp\/v2\/types\/post"}],"author":[{"embeddable":true,"href":"https:\/\/www.europesays.com\/fr\/wp-json\/wp\/v2\/users\/2"}],"replies":[{"embeddable":true,"href":"https:\/\/www.europesays.com\/fr\/wp-json\/wp\/v2\/comments?post=173858"}],"version-history":[{"count":0,"href":"https:\/\/www.europesays.com\/fr\/wp-json\/wp\/v2\/posts\/173858\/revisions"}],"wp:featuredmedia":[{"embeddable":true,"href":"https:\/\/www.europesays.com\/fr\/wp-json\/wp\/v2\/media\/173859"}],"wp:attachment":[{"href":"https:\/\/www.europesays.com\/fr\/wp-json\/wp\/v2\/media?parent=173858"}],"wp:term":[{"taxonomy":"category","embeddable":true,"href":"https:\/\/www.europesays.com\/fr\/wp-json\/wp\/v2\/categories?post=173858"},{"taxonomy":"post_tag","embeddable":true,"href":"https:\/\/www.europesays.com\/fr\/wp-json\/wp\/v2\/tags?post=173858"}],"curies":[{"name":"wp","href":"https:\/\/api.w.org\/{rel}","templated":true}]}}