{"id":173888,"date":"2025-06-13T17:31:09","date_gmt":"2025-06-13T17:31:09","guid":{"rendered":"https:\/\/www.europesays.com\/fr\/173888\/"},"modified":"2025-06-13T17:31:09","modified_gmt":"2025-06-13T17:31:09","slug":"une-des-boites-noires-a-ete-retrouvee","status":"publish","type":"post","link":"https:\/\/www.europesays.com\/fr\/173888\/","title":{"rendered":"Une des bo\u00eetes noires a \u00e9t\u00e9 retrouv\u00e9e"},"content":{"rendered":"<p>Le d\u00e9but d\u2019une r\u00e9ponse\u00a0? Les enqu\u00eateurs ont retrouv\u00e9 vendredi une des deux bo\u00eetes noires du <a href=\"https:\/\/www.20minutes.fr\/monde\/royaume-uni\/4158277-20250612-bilan-survivant-enquete-sait-crash-boeing-787-inde\" class=\"color-ultramarine c-link\" rel=\"nofollow noopener\" target=\"_blank\">Boeing 787 d\u2019Air India qui s\u2019est \u00e9cras\u00e9<\/a> jeudi sur un quartier r\u00e9sidentiel d\u2019Ahmedabad, dans le nord-ouest de l\u2019Inde, tuant au moins 265 personnes. \u00ab\u00a0Les \u00e9quipes de la direction de l\u2019aviation civile indienne ont r\u00e9cup\u00e9r\u00e9 une <a href=\"https:\/\/www.20minutes.fr\/dossier\/boite_noire\" class=\"color-ultramarine c-link\" rel=\"nofollow noopener\" target=\"_blank\">bo\u00eete noire<\/a> sur le site de la catastrophe\u00a0\u00bb, a d\u00e9clar\u00e9 sous couvert d\u2019anonymat \u00e0 l\u2019AFP un responsable de la police.<\/p>\n<p>L\u2019unique survivant de ce vol \u00e0 destination de Londres, <a href=\"https:\/\/www.20minutes.fr\/monde\/angleterre\/4158253-20250612-crash-boeing-787-inde-sait-passager-miracule-vishwash-kumar-ramesh-siege-11a\" class=\"color-ultramarine c-link\" rel=\"nofollow noopener\" target=\"_blank\">Vishwash Kumar Ramesh<\/a>, un Britannique d\u2019origine indienne, \u00e9tait assis \u00e0 l\u2019avant gauche de l\u2019appareil, place 11 A, tout pr\u00e8s d\u2019une des portes de secours. \u00ab\u00a0Juste une minute apr\u00e8s le d\u00e9collage, soudain [\u2026] j\u2019ai eu l\u2019impression qu\u2019on restait coinc\u00e9s, que quelque chose n\u2019allait pas\u00a0\u00bb, a racont\u00e9 vendredi Vishwash Kumar Ramesh \u00e0 la t\u00e9l\u00e9vision indienne DD.<\/p>\n<\/p>\n<p>Un appel de d\u00e9tresse<\/p>\n<p>\u00ab\u00a0L\u2019avion a sembl\u00e9 acc\u00e9l\u00e9rer et se diriger tout droit vers ce qui s\u2019est av\u00e9r\u00e9 \u00eatre une r\u00e9sidence [\u2026] Et puis tout d\u2019un coup, des lumi\u00e8res vertes et blanches se sont allum\u00e9es dans tout l\u2019avion\u00a0\u00bb, a-t-il poursuivi depuis son lit d\u2019h\u00f4pital. \u00ab\u00a0Tout s\u2019est pass\u00e9 sous mes yeux et je n\u2019arrive toujours pas \u00e0 croire comment j\u2019ai pu sortir vivant de tout \u00e7a\u00a0\u00bb, a confi\u00e9 le miracul\u00e9.<\/p>\n<p>L\u2019avion s\u2019est \u00e9cras\u00e9 jeudi moins d\u2019une minute apr\u00e8s son d\u00e9collage \u00e0 13h39 (9h09 heure fran\u00e7aise), selon l\u2019aviation civile indienne. Il avait \u00e9mis un appel de d\u00e9tresse presque aussit\u00f4t apr\u00e8s avoir quitt\u00e9 le sol, avant de s\u2019\u00e9craser lourdement au-del\u00e0 de l\u2019a\u00e9roport.<\/p>\n<p>Trop t\u00f4t pour une explication<\/p>\n<p>Selon une source proche du dossier, ce crash est le premier d\u2019un Boeing B-787 Dreamliner, un long-courrier entr\u00e9 en service en\u00a02011. Les bureaux d\u2019enqu\u00eate britannique et am\u00e9ricain ont annonc\u00e9 qu\u2019ils d\u00e9p\u00eachaient des \u00e9quipes pour assister leurs homologues indiens du Bureau d\u2019enqu\u00eates des accidents a\u00e9ronautiques (AAIB). De nombreux experts ont estim\u00e9 qu\u2019il \u00e9tait encore trop t\u00f4t pour expliquer la catastrophe.<\/p>\n<p>\u00ab\u00a0L\u2019avion est con\u00e7u pour voler sur un seul moteur, la cause la plus probable reste donc une panne des deux moteurs\u00a0\u00bb, a toutefois avanc\u00e9 Jason Knight, de l\u2019universit\u00e9 britannique de Portsmouth. Le crash d\u2019Ahmedabad est un des pires de l\u2019histoire de l\u2019Inde, o\u00f9 le trafic a\u00e9rien a grimp\u00e9 en fl\u00e8che ces derni\u00e8res ann\u00e9es. Depuis\u00a02000, dans le monde, six catastrophes a\u00e9riennes ont fait plus de 200 morts.<\/p>\n","protected":false},"excerpt":{"rendered":"Le d\u00e9but d\u2019une r\u00e9ponse\u00a0? Les enqu\u00eateurs ont retrouv\u00e9 vendredi une des deux bo\u00eetes noires du Boeing 787 d\u2019Air&hellip;\n","protected":false},"author":2,"featured_media":173889,"comment_status":"","ping_status":"","sticky":false,"template":"","format":"standard","meta":{"footnotes":""},"categories":[5],"tags":[10996,47,11,7182,37,888,30903,30904,4098,1011,27,5072,5595,14,74,12,28],"class_list":{"0":"post-173888","1":"post","2":"type-post","3":"status-publish","4":"format-standard","5":"has-post-thumbnail","7":"category-international","8":"tag-accident-davion","9":"tag-actualite","10":"tag-actualites","11":"tag-aviation","12":"tag-avion","13":"tag-boeing","14":"tag-boeing-787","15":"tag-boite-noire","16":"tag-crash","17":"tag-fr","18":"tag-france","19":"tag-grande-bretagne","20":"tag-inde","21":"tag-international","22":"tag-monde","23":"tag-news","24":"tag-world"},"share_on_mastodon":{"url":"https:\/\/pubeurope.com\/@fr\/114677251219709051","error":""},"_links":{"self":[{"href":"https:\/\/www.europesays.com\/fr\/wp-json\/wp\/v2\/posts\/173888","targetHints":{"allow":["GET"]}}],"collection":[{"href":"https:\/\/www.europesays.com\/fr\/wp-json\/wp\/v2\/posts"}],"about":[{"href":"https:\/\/www.europesays.com\/fr\/wp-json\/wp\/v2\/types\/post"}],"author":[{"embeddable":true,"href":"https:\/\/www.europesays.com\/fr\/wp-json\/wp\/v2\/users\/2"}],"replies":[{"embeddable":true,"href":"https:\/\/www.europesays.com\/fr\/wp-json\/wp\/v2\/comments?post=173888"}],"version-history":[{"count":0,"href":"https:\/\/www.europesays.com\/fr\/wp-json\/wp\/v2\/posts\/173888\/revisions"}],"wp:featuredmedia":[{"embeddable":true,"href":"https:\/\/www.europesays.com\/fr\/wp-json\/wp\/v2\/media\/173889"}],"wp:attachment":[{"href":"https:\/\/www.europesays.com\/fr\/wp-json\/wp\/v2\/media?parent=173888"}],"wp:term":[{"taxonomy":"category","embeddable":true,"href":"https:\/\/www.europesays.com\/fr\/wp-json\/wp\/v2\/categories?post=173888"},{"taxonomy":"post_tag","embeddable":true,"href":"https:\/\/www.europesays.com\/fr\/wp-json\/wp\/v2\/tags?post=173888"}],"curies":[{"name":"wp","href":"https:\/\/api.w.org\/{rel}","templated":true}]}}