{"id":173892,"date":"2025-06-13T17:33:09","date_gmt":"2025-06-13T17:33:09","guid":{"rendered":"https:\/\/www.europesays.com\/fr\/173892\/"},"modified":"2025-06-13T17:33:09","modified_gmt":"2025-06-13T17:33:09","slug":"la-pluie-et-le-tonnerre-arrivent","status":"publish","type":"post","link":"https:\/\/www.europesays.com\/fr\/173892\/","title":{"rendered":"la pluie et le tonnerre arrivent"},"content":{"rendered":"<p>            Par<br \/>\n        <strong><br \/>\n            <a href=\"https:\/\/actu.fr\/auteur\/vanessa-leroy\" title=\"Consulter tous les articles de Vanessa Leroy\" target=\"_blank\" rel=\"noopener\">Vanessa Leroy<\/a><br \/>\n        <\/strong><\/p>\n<p>        Publi\u00e9 le<\/p>\n<p>            13 juin 2025 \u00e0 18h02<br \/>\n        ; mis \u00e0 jour le 13 juin 2025 \u00e0 19h13    <\/p>\n<p>La<strong> Seine-Maritime<\/strong> fait partie des 29 d\u00e9partements plac\u00e9s <a href=\"https:\/\/actu.fr\/meteo\/rafales-grele-de-violents-orages-vont-frapper-la-seine-maritime-le-departement-en-vigilance-orange_62766747.html\" target=\"_blank\" rel=\"noopener\">\u00a0en alerte orange pour orages<\/a> par <strong>M\u00e9t\u00e9o France<\/strong> ce vendredi 13 juin 2025. C\u2019est en fin de journ\u00e9e, apr\u00e8s 18 heures et jusqu\u2019\u00e0 minuit, que la perturbation arrivant de la Mayenne et des Pays de la Loire devrait toucher la Normandie.<\/p>\n<p class=\" wall-content\">Des rafales de vent pouvant atteindre <strong>100, voire 120 km\/h<\/strong>, de la <strong>pluie<\/strong> et de la <strong>gr\u00eale<\/strong> sont pr\u00e9vues par les m\u00e9t\u00e9orologues.<\/p>\n<p>18 h 00 \u2013 Les premiers coups de tonnerre se font entendre<\/p>\n<p class=\" wall-content\">Alors que l\u2019\u00e9pisode orageux arrive en Normandie par l\u2019Orne et le Calvados, les premiers coups de tonnerre se font entendre depuis 18 heures au Havre notamment, accompagn\u00e9s d\u2019une faible pluie pour le moment. Des \u00e9clairs ont \u00e9galement vus par des lecteurs \u00e0 Octeville-sur-Mer.<\/p>\n<p>17h00 \u2013 La SNCF invite les usagers \u00e0 reporter leur voyage<\/p>\n<p class=\" wall-content\">De son c\u00f4t\u00e9, sur ses r\u00e9seaux sociaux, la SNCF invite les usagers \u00e0 reporter leur voyage \u00ab\u00a0dans la mesure du possible\u00a0\u00bb, des <strong>perturbations sur le trafic<\/strong> pouvant survenir \u00e0 cause des vents violents entre ce vendredi et samedi midi.<\/p>\n<p>16h30 \u2013 Les ponts de Tancarville et Normandie ferm\u00e9s aux pi\u00e9tons et aux deux-roues<\/p>\n<p class=\" wall-content\">En pr\u00e9vision, le pr\u00e9fet de la Seine-Maritime a interdit la circulation pour les pi\u00e9tons et deux-roues, <strong>vendredi 13 juin, de 19 heures \u00e0 minuit<\/strong>, sur le pont de Tancarville dans les deux sens et sur le pont de Normandie ainsi que sur le viaduc du Grand Canal dans les deux sens.<\/p>\n<p class=\" wall-content\">\n<p>Suivez l\u2019actualit\u00e9 du Havre et de <a href=\"https:\/\/www.whatsapp.com\/channel\/0029VaKfnf99hXF2ddApFB1D\" target=\"_blank\" rel=\"noopener\">Rouen<\/a> sur nos cha\u00eenes WhatsApp et <a href=\"https:\/\/www.tiktok.com\/@76actu.fr?lang=fr\" target=\"_blank\" rel=\"noopener\">sur notre copte TikTok<\/a>Vid\u00e9os : en ce moment sur Actu<\/p>\n<p class=\" wall-content\">Suivez toute l\u2019actualit\u00e9 de vos villes et m\u00e9dias favoris en vous inscrivant \u00e0 <a href=\"https:\/\/moncompte.actu.fr\" title=\"D\u00e9couvez Mon Actu\" rel=\"nofollow noopener\" data-trk=\"{&quot;cta&quot;:{&quot;action&quot;:&quot;https:\\\/\\\/moncompte.actu.fr&quot;,&quot;category&quot;:&quot;mon compte&quot;,&quot;from&quot;:&quot;article footer&quot;,&quot;name&quot;:&quot;Mon actu&quot;,&quot;type&quot;:&quot;cta&quot;}}\" target=\"_blank\">Mon Actu<\/a>.<\/p>\n<p>                    <script async src=\"\/\/www.tiktok.com\/embed.js\"><\/script><\/p>\n","protected":false},"excerpt":{"rendered":"Par Vanessa Leroy Publi\u00e9 le 13 juin 2025 \u00e0 18h02 ; mis \u00e0 jour le 13 juin 2025&hellip;\n","protected":false},"author":2,"featured_media":173893,"comment_status":"","ping_status":"","sticky":false,"template":"","format":"standard","meta":{"footnotes":""},"categories":[2],"tags":[11,1011,27,3059,2487,2357,12,4594],"class_list":{"0":"post-173892","1":"post","2":"type-post","3":"status-publish","4":"format-standard","5":"has-post-thumbnail","7":"category-actualites","8":"tag-actualites","9":"tag-fr","10":"tag-france","11":"tag-intemperies","12":"tag-meteo","13":"tag-meteo-france","14":"tag-news","15":"tag-orages"},"share_on_mastodon":{"url":"https:\/\/pubeurope.com\/@fr\/114677258883301039","error":""},"_links":{"self":[{"href":"https:\/\/www.europesays.com\/fr\/wp-json\/wp\/v2\/posts\/173892","targetHints":{"allow":["GET"]}}],"collection":[{"href":"https:\/\/www.europesays.com\/fr\/wp-json\/wp\/v2\/posts"}],"about":[{"href":"https:\/\/www.europesays.com\/fr\/wp-json\/wp\/v2\/types\/post"}],"author":[{"embeddable":true,"href":"https:\/\/www.europesays.com\/fr\/wp-json\/wp\/v2\/users\/2"}],"replies":[{"embeddable":true,"href":"https:\/\/www.europesays.com\/fr\/wp-json\/wp\/v2\/comments?post=173892"}],"version-history":[{"count":0,"href":"https:\/\/www.europesays.com\/fr\/wp-json\/wp\/v2\/posts\/173892\/revisions"}],"wp:featuredmedia":[{"embeddable":true,"href":"https:\/\/www.europesays.com\/fr\/wp-json\/wp\/v2\/media\/173893"}],"wp:attachment":[{"href":"https:\/\/www.europesays.com\/fr\/wp-json\/wp\/v2\/media?parent=173892"}],"wp:term":[{"taxonomy":"category","embeddable":true,"href":"https:\/\/www.europesays.com\/fr\/wp-json\/wp\/v2\/categories?post=173892"},{"taxonomy":"post_tag","embeddable":true,"href":"https:\/\/www.europesays.com\/fr\/wp-json\/wp\/v2\/tags?post=173892"}],"curies":[{"name":"wp","href":"https:\/\/api.w.org\/{rel}","templated":true}]}}