{"id":173894,"date":"2025-06-13T17:34:15","date_gmt":"2025-06-13T17:34:15","guid":{"rendered":"https:\/\/www.europesays.com\/fr\/173894\/"},"modified":"2025-06-13T17:34:15","modified_gmt":"2025-06-13T17:34:15","slug":"saint-etienne-pour-la-saison-2025-2026-la-comedie-devoile-un-programme-eclectique","status":"publish","type":"post","link":"https:\/\/www.europesays.com\/fr\/173894\/","title":{"rendered":"Saint-\u00c9tienne. Pour la saison 2025-2026, La Com\u00e9die d\u00e9voile un programme \u00e9clectique"},"content":{"rendered":"<p>C\u2019est un fil conducteur \u00e0 la Com\u00e9die de Saint-\u00c9tienne. Et Beno\u00eet Lambert son directeur l\u2019a rappel\u00e9 jeudi soir en pr\u00e9sentant la saison 2025-2026\u00a0: \u00ab\u00a0\u00c0 la Com\u00e9die on aime les contrastes\u00a0\u00bb, a-t-il lanc\u00e9. Cela convient parfaitement aux spectateurs fid\u00e8les puisqu\u2019il a soulign\u00e9 que cette saison le taux de remplissage des spectacles de la Com\u00e9die s\u2019\u00e9levait \u00e0 95\u00a0%.<\/p>\n<p>Horizons \u00e0 d\u00e9couvrir<\/p>\n<p>Alors du contraste, bien s\u00fbr, il y en a dans ce programme \u00e9gren\u00e9 devant une salle comble. Il y a du foisonnement \u00e0 la fois dans les genres th\u00e9\u00e2traux et dans les horizons bien diff\u00e9rents qui seront \u00e0 d\u00e9couvrir. Du poignant avec Lacrima  de Caroline Guiela Nguyen, du mythique avec L\u2019id\u00e9al club de Philippe Nicolle, qui rappelle le style des Monty Python, de l\u2019humour grin\u00e7ant avec Cornocupia d\u2019autres mondes possibles , une pi\u00e8ce de&#8230;<\/p>\n","protected":false},"excerpt":{"rendered":"C\u2019est un fil conducteur \u00e0 la Com\u00e9die de Saint-\u00c9tienne. Et Beno\u00eet Lambert son directeur l\u2019a rappel\u00e9 jeudi soir&hellip;\n","protected":false},"author":2,"featured_media":173895,"comment_status":"","ping_status":"","sticky":false,"template":"","format":"standard","meta":{"footnotes":""},"categories":[9653],"tags":[1111,11,2430,1687,7539,1777,674,1011,27,12,25,4001,7538,3140],"class_list":{"0":"post-173894","1":"post","2":"type-post","3":"status-publish","4":"format-standard","5":"has-post-thumbnail","7":"category-saint-etienne","8":"tag-actu","9":"tag-actualites","10":"tag-auvergne-rhone-alpes","11":"tag-culture-loisirs","12":"tag-edition-loire-sud","13":"tag-eu","14":"tag-europe","15":"tag-fr","16":"tag-france","17":"tag-news","18":"tag-republique-francaise","19":"tag-saint-etienne","20":"tag-saint-etienne-ville","21":"tag-spectacle"},"share_on_mastodon":{"url":"https:\/\/pubeurope.com\/@fr\/114677262885301035","error":""},"_links":{"self":[{"href":"https:\/\/www.europesays.com\/fr\/wp-json\/wp\/v2\/posts\/173894","targetHints":{"allow":["GET"]}}],"collection":[{"href":"https:\/\/www.europesays.com\/fr\/wp-json\/wp\/v2\/posts"}],"about":[{"href":"https:\/\/www.europesays.com\/fr\/wp-json\/wp\/v2\/types\/post"}],"author":[{"embeddable":true,"href":"https:\/\/www.europesays.com\/fr\/wp-json\/wp\/v2\/users\/2"}],"replies":[{"embeddable":true,"href":"https:\/\/www.europesays.com\/fr\/wp-json\/wp\/v2\/comments?post=173894"}],"version-history":[{"count":0,"href":"https:\/\/www.europesays.com\/fr\/wp-json\/wp\/v2\/posts\/173894\/revisions"}],"wp:featuredmedia":[{"embeddable":true,"href":"https:\/\/www.europesays.com\/fr\/wp-json\/wp\/v2\/media\/173895"}],"wp:attachment":[{"href":"https:\/\/www.europesays.com\/fr\/wp-json\/wp\/v2\/media?parent=173894"}],"wp:term":[{"taxonomy":"category","embeddable":true,"href":"https:\/\/www.europesays.com\/fr\/wp-json\/wp\/v2\/categories?post=173894"},{"taxonomy":"post_tag","embeddable":true,"href":"https:\/\/www.europesays.com\/fr\/wp-json\/wp\/v2\/tags?post=173894"}],"curies":[{"name":"wp","href":"https:\/\/api.w.org\/{rel}","templated":true}]}}