{"id":173896,"date":"2025-06-13T17:35:21","date_gmt":"2025-06-13T17:35:21","guid":{"rendered":"https:\/\/www.europesays.com\/fr\/173896\/"},"modified":"2025-06-13T17:35:21","modified_gmt":"2025-06-13T17:35:21","slug":"saint-etienne-apres-sa-fermeture-administrative-la-pizzeria-la-grotte-est-autorisee-a-rouvrir","status":"publish","type":"post","link":"https:\/\/www.europesays.com\/fr\/173896\/","title":{"rendered":"Saint-\u00c9tienne. Apr\u00e8s sa fermeture administrative, la pizzeria La Grotte est autoris\u00e9e \u00e0 rouvrir"},"content":{"rendered":"<p>Le 22\u00a0mai dernier, \u00e0 la suite d\u2019un contr\u00f4le sanitaire effectu\u00e9 par un organisme agr\u00e9\u00e9, la Pr\u00e9fecture de la Loire faisait fermer la pizzeria La Grotte, situ\u00e9e au 34 rue des Fr\u00e8res-Chappe, tout pr\u00e8s de Fourneyron, \u00e0 Saint-\u00c9tienne. Une v\u00e9ritable institution, fond\u00e9e en 1977, et qui fut longtemps un des repaires des joueurs de l\u2019ASSE.<\/p>\n<p>Le contr\u00f4le du 22\u00a0mai avait mis en lumi\u00e8re <a href=\"https:\/\/www.leprogres.fr\/economie\/2025\/05\/23\/blattes-souris-moisissure-la-pizzeria-la-grotte-fermee-par-decision-administrative\" target=\"_blank\" rel=\"nofollow noopener\">plusieurs graves dysfonctionnements<\/a> au sein de l\u2019\u00e9tablissement\u00a0: hygi\u00e8ne d\u00e9faillante, denr\u00e9es mal conserv\u00e9es, \u00e9quipements non entretenus, mais aussi pr\u00e9sence de moisissures et m\u00eame de nuisibles, tels que des blattes et des souris.<\/p>\n<p>  \u00ab\u00a0Les dysfonctionnements ont \u00e9t\u00e9 r\u00e9gularis\u00e9s\u00a0\u00bb<\/p>\n<p>L\u2019annonce de cette fermeture administrative avait provoqu\u00e9 un vif \u00e9moi sur les r\u00e9seaux sociaux, o\u00f9 de nombreux St\u00e9phanois avaient pris la d\u00e9fense de l\u2019\u00e9tablissement en louant la qualit\u00e9 de sa cuisine.<\/p>\n<p>On a appris ce vendredi apr\u00e8s-midi que la Pr\u00e9fecture avait autoris\u00e9 La Grotte \u00e0 rouvrir, dans la mesure o\u00f9 \u00ab\u00a0les dysfonctionnements relev\u00e9s lors du contr\u00f4le ont \u00e9t\u00e9 pris en compte et r\u00e9gularis\u00e9s, tant en mati\u00e8re d\u2019hygi\u00e8ne des locaux que de fonctionnement\u00a0\u00bb.<\/p>\n<p>Reste \u00e0 savoir si cette affaire n\u2019aura pas trop entach\u00e9 la r\u00e9putation du restaurant et si les clients seront toujours au rendez-vous.<\/p>\n<p>  Le Fournil de l\u2019Orient peut aussi rouvrir<\/p>\n<p>La boulangerie Le Fournil de l\u2019Orient, 20 avenue \u00c9mile-Loubet, dans le quartier de Beaubrun-Tarentaize, avait \u00e9galement \u00e9t\u00e9 ferm\u00e9e apr\u00e8s un contr\u00f4le en date du 16\u00a0mai. Elle vient elle aussi de recevoir le feu vert pour accueillir \u00e0 nouveau ses clients.<\/p>\n","protected":false},"excerpt":{"rendered":"Le 22\u00a0mai dernier, \u00e0 la suite d\u2019un contr\u00f4le sanitaire effectu\u00e9 par un organisme agr\u00e9\u00e9, la Pr\u00e9fecture de la&hellip;\n","protected":false},"author":2,"featured_media":173897,"comment_status":"","ping_status":"","sticky":false,"template":"","format":"standard","meta":{"footnotes":""},"categories":[9653],"tags":[1111,11,2430,4406,33,7539,1777,674,1011,27,3367,12,25,4001,7538],"class_list":{"0":"post-173896","1":"post","2":"type-post","3":"status-publish","4":"format-standard","5":"has-post-thumbnail","7":"category-saint-etienne","8":"tag-actu","9":"tag-actualites","10":"tag-auvergne-rhone-alpes","11":"tag-commerce-et-services","12":"tag-economie","13":"tag-edition-loire-sud","14":"tag-eu","15":"tag-europe","16":"tag-fr","17":"tag-france","18":"tag-loire","19":"tag-news","20":"tag-republique-francaise","21":"tag-saint-etienne","22":"tag-saint-etienne-ville"},"share_on_mastodon":{"url":"https:\/\/pubeurope.com\/@fr\/114677266774601774","error":""},"_links":{"self":[{"href":"https:\/\/www.europesays.com\/fr\/wp-json\/wp\/v2\/posts\/173896","targetHints":{"allow":["GET"]}}],"collection":[{"href":"https:\/\/www.europesays.com\/fr\/wp-json\/wp\/v2\/posts"}],"about":[{"href":"https:\/\/www.europesays.com\/fr\/wp-json\/wp\/v2\/types\/post"}],"author":[{"embeddable":true,"href":"https:\/\/www.europesays.com\/fr\/wp-json\/wp\/v2\/users\/2"}],"replies":[{"embeddable":true,"href":"https:\/\/www.europesays.com\/fr\/wp-json\/wp\/v2\/comments?post=173896"}],"version-history":[{"count":0,"href":"https:\/\/www.europesays.com\/fr\/wp-json\/wp\/v2\/posts\/173896\/revisions"}],"wp:featuredmedia":[{"embeddable":true,"href":"https:\/\/www.europesays.com\/fr\/wp-json\/wp\/v2\/media\/173897"}],"wp:attachment":[{"href":"https:\/\/www.europesays.com\/fr\/wp-json\/wp\/v2\/media?parent=173896"}],"wp:term":[{"taxonomy":"category","embeddable":true,"href":"https:\/\/www.europesays.com\/fr\/wp-json\/wp\/v2\/categories?post=173896"},{"taxonomy":"post_tag","embeddable":true,"href":"https:\/\/www.europesays.com\/fr\/wp-json\/wp\/v2\/tags?post=173896"}],"curies":[{"name":"wp","href":"https:\/\/api.w.org\/{rel}","templated":true}]}}