{"id":173906,"date":"2025-06-13T17:40:09","date_gmt":"2025-06-13T17:40:09","guid":{"rendered":"https:\/\/www.europesays.com\/fr\/173906\/"},"modified":"2025-06-13T17:40:09","modified_gmt":"2025-06-13T17:40:09","slug":"surveille-puis-arrete-un-homme-pris-en-pleine-vente-de-drogue","status":"publish","type":"post","link":"https:\/\/www.europesays.com\/fr\/173906\/","title":{"rendered":"surveill\u00e9 puis arr\u00eat\u00e9, un homme pris en pleine vente de drogue"},"content":{"rendered":"<p>            Par<br \/>\n        <strong><br \/>\n            <a href=\"https:\/\/actu.fr\/auteur\/lea-pippinato\" title=\"Consulter tous les articles de L\u00e9a Pippinato\" rel=\"nofollow noopener\" target=\"_blank\">L\u00e9a Pippinato<\/a><br \/>\n        <\/strong><\/p>\n<p>        Publi\u00e9 le<\/p>\n<p>            13 juin 2025 \u00e0 18h39        <\/p>\n<p>Les policiers nationaux du tout nouveau commissariat de secteur Mosson n\u2019ont pas perdu de temps. <strong>Ce jeudi 12 juin 2025<\/strong>, vers 17h50, ils ont interpell\u00e9 un homme en flagrant d\u00e9lit de trafic de stup\u00e9fiants dans le quartier de la Paillade, \u00e0 Montpellier. L\u2019op\u00e9ration a eu lieu au niveau du square de Causse.<\/p>\n<p>    <a href=\"https:\/\/www.google.com\/maps\/embed?pb=!1m18!1m12!1m3!1d11552.395208990074!2d3.797106471362631!3d43.62530249549529!2m3!1f0!2f0!3f0!3m2!1i1024!2i768!4f13.1!3m3!1m2!1s0x12b6ac248ab9ae69%3A0x41a1dc76bab80777!2sLa%20Paillade%2C%2034080%20Montpellier!5e0!3m2!1sfr!2sfr!4v1749827472887!5m2!1sfr!2sfr\" title=\"Ouvrie le lien\" rel=\"nofollow noopener\" target=\"_blank\">Cliquez ici pour visualiser le contenu<\/a><\/p>\n<p class=\" wall-content\">Ce point de deal est bien identifi\u00e9 par les forces de l\u2019ordre. Il fait l\u2019objet de surveillances r\u00e9guli\u00e8res. Ce jeudi-l\u00e0, un dispositif avait \u00e9t\u00e9 mis en place en fin de journ\u00e9e. Les policiers ont rapidement rep\u00e9r\u00e9 des all\u00e9es et venues suspectes. Un homme multipliait les \u00e9changes avec des passants, dans un ballet bien r\u00f4d\u00e9. Les agents n\u2019ont pas h\u00e9sit\u00e9. Ils ont proc\u00e9d\u00e9 \u00e0 l\u2019interpellation imm\u00e9diate du suspect, \u00e2g\u00e9 de 34 ans, et d\u00e9j\u00e0 connu des services de police.<\/p>\n<p>Flagrant d\u00e9lit et interpellation<\/p>\n<p class=\" wall-content\">Dans ses poches ou dissimul\u00e9s \u00e0 proximit\u00e9, les policiers ont mis la main sur une quantit\u00e9 non n\u00e9gligeable de drogue. Le butin est pr\u00e9cis : 80 grammes de r\u00e9sine de cannabis, 90 grammes d\u2019herbe, et 1750 euros en esp\u00e8ces. Les billets, de diff\u00e9rentes coupures, pourraient provenir de ventes r\u00e9alis\u00e9es dans la journ\u00e9e. L\u2019homme a \u00e9t\u00e9 conduit en garde \u00e0 vue.<\/p>\n<p class=\" wall-content\">Au cours de ses auditions, le suspect n\u2019a pas totalement ni\u00e9 les faits. Il a reconnu une partie de sa responsabilit\u00e9, tout en brouillant les pistes. Il a parl\u00e9 d\u2019une possession partag\u00e9e ou d\u2019une implication floue, sans donner de noms ni de pr\u00e9cisions concr\u00e8tes. Une strat\u00e9gie souvent observ\u00e9e dans ce type d\u2019affaire. Les \u00e9l\u00e9ments rassembl\u00e9s ont conduit \u00e0 d\u00e9cider d\u2019une comparution imm\u00e9diate. L\u2019homme a \u00e9t\u00e9 pr\u00e9sent\u00e9 <strong>ce vendredi 13 juin<\/strong> devant le tribunal judiciaire de Montpellier.<\/p>\n<p>Vid\u00e9os : en ce moment sur Actu<\/p>\n<p class=\" wall-content\">Suivez toute l\u2019actualit\u00e9 de vos villes et m\u00e9dias favoris en vous inscrivant \u00e0 <a href=\"https:\/\/moncompte.actu.fr\" title=\"D\u00e9couvez Mon Actu\" rel=\"nofollow noopener\" data-trk=\"{&quot;cta&quot;:{&quot;action&quot;:&quot;https:\\\/\\\/moncompte.actu.fr&quot;,&quot;category&quot;:&quot;mon compte&quot;,&quot;from&quot;:&quot;article footer&quot;,&quot;name&quot;:&quot;Mon actu&quot;,&quot;type&quot;:&quot;cta&quot;}}\" target=\"_blank\">Mon Actu<\/a>.<\/p>\n","protected":false},"excerpt":{"rendered":"Par L\u00e9a Pippinato Publi\u00e9 le 13 juin 2025 \u00e0 18h39 Les policiers nationaux du tout nouveau commissariat de&hellip;\n","protected":false},"author":2,"featured_media":173907,"comment_status":"","ping_status":"","sticky":false,"template":"","format":"standard","meta":{"footnotes":""},"categories":[9599],"tags":[1111,11,1052,1777,674,118,1011,27,303,2208,12,2680,1072,25],"class_list":{"0":"post-173906","1":"post","2":"type-post","3":"status-publish","4":"format-standard","5":"has-post-thumbnail","7":"category-montpellier","8":"tag-actu","9":"tag-actualites","10":"tag-drogue","11":"tag-eu","12":"tag-europe","13":"tag-faits-divers","14":"tag-fr","15":"tag-france","16":"tag-justice","17":"tag-montpellier","18":"tag-news","19":"tag-occitanie","20":"tag-police","21":"tag-republique-francaise"},"share_on_mastodon":{"url":"https:\/\/pubeurope.com\/@fr\/114677286580410074","error":""},"_links":{"self":[{"href":"https:\/\/www.europesays.com\/fr\/wp-json\/wp\/v2\/posts\/173906","targetHints":{"allow":["GET"]}}],"collection":[{"href":"https:\/\/www.europesays.com\/fr\/wp-json\/wp\/v2\/posts"}],"about":[{"href":"https:\/\/www.europesays.com\/fr\/wp-json\/wp\/v2\/types\/post"}],"author":[{"embeddable":true,"href":"https:\/\/www.europesays.com\/fr\/wp-json\/wp\/v2\/users\/2"}],"replies":[{"embeddable":true,"href":"https:\/\/www.europesays.com\/fr\/wp-json\/wp\/v2\/comments?post=173906"}],"version-history":[{"count":0,"href":"https:\/\/www.europesays.com\/fr\/wp-json\/wp\/v2\/posts\/173906\/revisions"}],"wp:featuredmedia":[{"embeddable":true,"href":"https:\/\/www.europesays.com\/fr\/wp-json\/wp\/v2\/media\/173907"}],"wp:attachment":[{"href":"https:\/\/www.europesays.com\/fr\/wp-json\/wp\/v2\/media?parent=173906"}],"wp:term":[{"taxonomy":"category","embeddable":true,"href":"https:\/\/www.europesays.com\/fr\/wp-json\/wp\/v2\/categories?post=173906"},{"taxonomy":"post_tag","embeddable":true,"href":"https:\/\/www.europesays.com\/fr\/wp-json\/wp\/v2\/tags?post=173906"}],"curies":[{"name":"wp","href":"https:\/\/api.w.org\/{rel}","templated":true}]}}