{"id":17391,"date":"2025-04-11T13:30:17","date_gmt":"2025-04-11T13:30:17","guid":{"rendered":"https:\/\/www.europesays.com\/fr\/17391\/"},"modified":"2025-04-11T13:30:17","modified_gmt":"2025-04-11T13:30:17","slug":"a-paris-les-signes-encourageants-de-la-reprise-immobiliere-on-a-plusieurs-offres-sur-certains-biens","status":"publish","type":"post","link":"https:\/\/www.europesays.com\/fr\/17391\/","title":{"rendered":"\u00c0 Paris, les signes encourageants de la reprise immobili\u00e8re\u00a0: \u00ab\u00a0On a plusieurs offres sur certains biens\u00a0\u00bb"},"content":{"rendered":"<p class=\"paragraph text_align_left\">Les acheteurs sont, selon lui, de retour avec, ce qui \u00e9tait devenu rare ces derniers temps, \u00e0 nouveau de la concurrence sur certains biens : \u00ab Pour un appartement de 94 m2 avec terrasse situ\u00e9 dans le XIIe arrondissement, on a eu sept offres dont quatre au prix (1 470 000 euros). Pour un bien dans le Xe, on a eu quatre offres, dont une au prix\u2026 \u00c9videmment, ce sont surtout les biens sans d\u00e9fauts qui sont concern\u00e9s, mais j\u2019ai plusieurs exemples \u00bb, reprend le professionnel qui y voit un inversement de tendance.<\/p>\n","protected":false},"excerpt":{"rendered":"Les acheteurs sont, selon lui, de retour avec, ce qui \u00e9tait devenu rare ces derniers temps, \u00e0 nouveau&hellip;\n","protected":false},"author":2,"featured_media":17392,"comment_status":"","ping_status":"","sticky":false,"template":"","format":"standard","meta":{"footnotes":""},"categories":[1888],"tags":[11,1777,674,1011,27,1116,12,626,25],"class_list":{"0":"post-17391","1":"post","2":"type-post","3":"status-publish","4":"format-standard","5":"has-post-thumbnail","7":"category-paris","8":"tag-actualites","9":"tag-eu","10":"tag-europe","11":"tag-fr","12":"tag-france","13":"tag-immobilier","14":"tag-news","15":"tag-paris","16":"tag-republique-francaise"},"share_on_mastodon":{"url":"https:\/\/pubeurope.com\/@fr\/114319577996406920","error":""},"_links":{"self":[{"href":"https:\/\/www.europesays.com\/fr\/wp-json\/wp\/v2\/posts\/17391","targetHints":{"allow":["GET"]}}],"collection":[{"href":"https:\/\/www.europesays.com\/fr\/wp-json\/wp\/v2\/posts"}],"about":[{"href":"https:\/\/www.europesays.com\/fr\/wp-json\/wp\/v2\/types\/post"}],"author":[{"embeddable":true,"href":"https:\/\/www.europesays.com\/fr\/wp-json\/wp\/v2\/users\/2"}],"replies":[{"embeddable":true,"href":"https:\/\/www.europesays.com\/fr\/wp-json\/wp\/v2\/comments?post=17391"}],"version-history":[{"count":0,"href":"https:\/\/www.europesays.com\/fr\/wp-json\/wp\/v2\/posts\/17391\/revisions"}],"wp:featuredmedia":[{"embeddable":true,"href":"https:\/\/www.europesays.com\/fr\/wp-json\/wp\/v2\/media\/17392"}],"wp:attachment":[{"href":"https:\/\/www.europesays.com\/fr\/wp-json\/wp\/v2\/media?parent=17391"}],"wp:term":[{"taxonomy":"category","embeddable":true,"href":"https:\/\/www.europesays.com\/fr\/wp-json\/wp\/v2\/categories?post=17391"},{"taxonomy":"post_tag","embeddable":true,"href":"https:\/\/www.europesays.com\/fr\/wp-json\/wp\/v2\/tags?post=17391"}],"curies":[{"name":"wp","href":"https:\/\/api.w.org\/{rel}","templated":true}]}}