{"id":173910,"date":"2025-06-13T17:43:13","date_gmt":"2025-06-13T17:43:13","guid":{"rendered":"https:\/\/www.europesays.com\/fr\/173910\/"},"modified":"2025-06-13T17:43:13","modified_gmt":"2025-06-13T17:43:13","slug":"concerts-vide-greniers-week-end-charge-pour-le-comite-des-fetes-de-ce-village","status":"publish","type":"post","link":"https:\/\/www.europesays.com\/fr\/173910\/","title":{"rendered":"Concerts, vide-greniers\u00a0: week-end charg\u00e9 pour le comit\u00e9 des f\u00eates de ce village"},"content":{"rendered":"<p>Les membres b\u00e9n\u00e9voles du comit\u00e9 des f\u00eates du village de Saint-R\u00e9my-des-Monts seront sur le qui-vive ce samedi\u00a014 et dimanche 15\u00a0juin 2025. Avec tout le programme d\u2019activit\u00e9s qui les attend, la nuit de samedi \u00e0 dimanche devrait effectivement leur sembler tr\u00e8s courte.<\/p>\n<p><a href=\"https:\/\/lemans.maville.com\/actu\/actudet_-ateliers-concerts-animations-c-est-parti-pour-une-nouvelle-saison-a-moulinsart-_14-6770605_actu.Htm\" target=\"_blank\" rel=\"nofollow noopener\"> <strong>+ Ateliers, concerts, animations\u00a0: c\u2019est parti pour une nouvelle saison \u00e0 MoulinSart<\/strong> <\/a><\/p>\n<p>D\u00e9but des festivit\u00e9s \u00e0 18\u00a0heures<\/p>\n<p>En effet, l\u2019\u00e9quipe sera sur le pont d\u00e8s 18\u00a0heures le samedi pour terminer vers 1\u00a0heure du matin, avec l\u2019organisation des festivit\u00e9s li\u00e9es \u00e0 la f\u00eate de la musique. Entre le concert des enfants des \u00e9coles de Saint-R\u00e9my-des-Monts et Saint-Vincent des Pr\u00e9s, suivi du groupe de musique \u00ab\u00a0So\u2019n CO\u00a0\u00bb qui devrait faire revivre au public les meilleurs souvenirs des tubes, chansons, et danses des ann\u00e9es 80\u00a0jusqu\u2019\u00e0 21\u00a0heures, le d\u00e9but de soir\u00e9e donnera le ton pour la nuit et le groupe suivant.<\/p>\n<p><a href=\"https:\/\/lemans.maville.com\/actu\/actudet_-correspondant-local-de-presse-je-redecouvre-ma-region-_14-6812051_actu.Htm\" target=\"_blank\" rel=\"nofollow noopener\"> <strong>+ Correspondant local de presse, \u00ab\u00a0je red\u00e9couvre ma r\u00e9gion\u00a0\u00bb<\/strong> <\/a><\/p>\n<p>Le passage de relais sera donn\u00e9 \u00e0 Caroline, \u00c9lodie, Fran\u00e7ois et J\u00e9r\u00e9my qui chanteront des tubes incontournables pour faire danser les pr\u00e9sents jusqu\u2019au bout de la nuit. Ces artistes ont particip\u00e9 \u00e0 plusieurs \u00e9missions de t\u00e9l\u00e9vision et au concours de la chanson fran\u00e7aise. Cette fin de journ\u00e9e et la nuit, un point de restauration et une buvette tenues par les membres du comit\u00e9 des f\u00eates viendront r\u00e9conforter les participants.<\/p>\n<p>Brocante d\u00e8s 6\u00a0heures<\/p>\n<p>Le lendemain, dimanche 15\u00a0juin, les b\u00e9n\u00e9voles seront pr\u00e9sents d\u00e8s 6\u00a0heures du matin pour accueillir les participants au vide-greniers organis\u00e9 dans les rues de la commune. Les emplacements sont gratuits pour les particuliers et de l\u2019ordre de 10\u00a0\u20ac pour les professionnels. Cette manifestation est ouverte au public de 7\u00a0heures \u00e0 18\u00a0heures. L\u00e0 encore, toute la journ\u00e9e, les b\u00e9n\u00e9voles du comit\u00e9 des f\u00eates tiendront une buvette et proposeront une restauration sur place. Durant ces deux jours, les festivit\u00e9s auront lieu \u00e0 l\u2019espace Jacques L\u00e9v\u00eaque.<\/p>\n<p>\u00a0<\/p>\n","protected":false},"excerpt":{"rendered":"Les membres b\u00e9n\u00e9voles du comit\u00e9 des f\u00eates du village de Saint-R\u00e9my-des-Monts seront sur le qui-vive ce samedi\u00a014 et&hellip;\n","protected":false},"author":2,"featured_media":173911,"comment_status":"","ping_status":"","sticky":false,"template":"","format":"standard","meta":{"footnotes":""},"categories":[9587],"tags":[1111,11,17070,9639,4156,1777,674,14537,1011,27,2047,12,5161,25,9590,3365,6456,4064],"class_list":{"0":"post-173910","1":"post","2":"type-post","3":"status-publish","4":"format-standard","5":"has-post-thumbnail","7":"category-rouen","8":"tag-actu","9":"tag-actualites","10":"tag-charge","11":"tag-comite","12":"tag-concerts","13":"tag-eu","14":"tag-europe","15":"tag-fetes","16":"tag-fr","17":"tag-france","18":"tag-mans","19":"tag-news","20":"tag-normandie","21":"tag-republique-francaise","22":"tag-rouen","23":"tag-vide-greniers","24":"tag-village","25":"tag-week-end"},"share_on_mastodon":{"url":"https:\/\/pubeurope.com\/@fr\/114677298173180517","error":""},"_links":{"self":[{"href":"https:\/\/www.europesays.com\/fr\/wp-json\/wp\/v2\/posts\/173910","targetHints":{"allow":["GET"]}}],"collection":[{"href":"https:\/\/www.europesays.com\/fr\/wp-json\/wp\/v2\/posts"}],"about":[{"href":"https:\/\/www.europesays.com\/fr\/wp-json\/wp\/v2\/types\/post"}],"author":[{"embeddable":true,"href":"https:\/\/www.europesays.com\/fr\/wp-json\/wp\/v2\/users\/2"}],"replies":[{"embeddable":true,"href":"https:\/\/www.europesays.com\/fr\/wp-json\/wp\/v2\/comments?post=173910"}],"version-history":[{"count":0,"href":"https:\/\/www.europesays.com\/fr\/wp-json\/wp\/v2\/posts\/173910\/revisions"}],"wp:featuredmedia":[{"embeddable":true,"href":"https:\/\/www.europesays.com\/fr\/wp-json\/wp\/v2\/media\/173911"}],"wp:attachment":[{"href":"https:\/\/www.europesays.com\/fr\/wp-json\/wp\/v2\/media?parent=173910"}],"wp:term":[{"taxonomy":"category","embeddable":true,"href":"https:\/\/www.europesays.com\/fr\/wp-json\/wp\/v2\/categories?post=173910"},{"taxonomy":"post_tag","embeddable":true,"href":"https:\/\/www.europesays.com\/fr\/wp-json\/wp\/v2\/tags?post=173910"}],"curies":[{"name":"wp","href":"https:\/\/api.w.org\/{rel}","templated":true}]}}