{"id":173916,"date":"2025-06-13T17:48:14","date_gmt":"2025-06-13T17:48:14","guid":{"rendered":"https:\/\/www.europesays.com\/fr\/173916\/"},"modified":"2025-06-13T17:48:14","modified_gmt":"2025-06-13T17:48:14","slug":"a-rennes-un-geste-simple-contre-lextinction-les-abeilles-planter-des-fleurs-melliferes","status":"publish","type":"post","link":"https:\/\/www.europesays.com\/fr\/173916\/","title":{"rendered":"\u00c0 Rennes, un geste simple contre l\u2019extinction les abeilles\u00a0: planter des fleurs mellif\u00e8res"},"content":{"rendered":"<p>La semaine des fleurs pour les abeilles est organis\u00e9e jusqu\u2019au dimanche 15\u00a0juin 2025 chez de nombreux professionnels\u00a0: fleuristes, jardineries, producteurs horticoles, grossistes, paysagistes,\u00a0etc. Tous ces sp\u00e9cialistes du v\u00e9g\u00e9tal proposent une s\u00e9lection de plantes mellif\u00e8res destin\u00e9es \u00e0 nourrir les pollinisateurs.<\/p>\n<p><strong>Lire aussi.<\/strong>\u00a0<a href=\"https:\/\/rennes.maville.com\/actu\/actudet_-dans-cet-espace-protege-pres-de-rennes-les-abeilles-noires-produisent-leur-miel-_7-6318380_actu.Htm\" target=\"_blank\" rel=\"noopener\">Dans cet espace prot\u00e9g\u00e9 pr\u00e8s de Rennes, les abeilles noires produisent leur miel<\/a><\/p>\n<p>En semant ou en plantant chez soi des fleurs mellif\u00e8res, on contribue par un petit geste \u00e0 lutter contre l\u2019extinction des abeilles. En effet, cela permet d\u2019augmenter la ressource en nectar pour les insectes pollinisateurs. Les fleurs plantes mellif\u00e8res sont, par exemple, le lavandin, le framboisier, le rhododendron, l\u2019ang\u00e9lique la gentiane jaune ou le tournesol.<\/p>\n<p>\u00c0 Rennes (Ille-et-Vilaine) et dans les environs,<a href=\"https:\/\/levegetalcestlavie.fr\/participants-la-semaine-des-fleurs-pour-les-abeilles\/\" target=\"_blank\" rel=\"noopener\"> les enseignes qui participent \u00e0 l\u2019op\u00e9ration<\/a> sont Monceau fleurs (rue de Nantes, \u00e0 Saint-Jacques-de-la-Lande\u00a0; rue de Rennes, \u00e0 Cesson-S\u00e9vign\u00e9), Lilium (5,\u00a0rue du Puits-Mauger), jardinerie Gamm Vert (rue des Landelles, \u00e0 Cesson-S\u00e9vign\u00e9), Jardiland (avenue des peupliers, \u00e0 Cesson-S\u00e9vign\u00e9).<\/p>\n<p>\u00a0<\/p>\n","protected":false},"excerpt":{"rendered":"La semaine des fleurs pour les abeilles est organis\u00e9e jusqu\u2019au dimanche 15\u00a0juin 2025 chez de nombreux professionnels\u00a0: fleuristes,&hellip;\n","protected":false},"author":2,"featured_media":173917,"comment_status":"","ping_status":"","sticky":false,"template":"","format":"standard","meta":{"footnotes":""},"categories":[2821],"tags":[30906,1111,11,829,1777,674,30905,2574,1011,27,24671,30907,12,55,3086,584,25,12558],"class_list":{"0":"post-173916","1":"post","2":"type-post","3":"status-publish","4":"format-standard","5":"has-post-thumbnail","7":"category-rennes","8":"tag-abeilles","9":"tag-actu","10":"tag-actualites","11":"tag-bretagne","12":"tag-eu","13":"tag-europe","14":"tag-extinction","15":"tag-fleurs","16":"tag-fr","17":"tag-france","18":"tag-geste","19":"tag-melliferes","20":"tag-news","21":"tag-planter","22":"tag-redon","23":"tag-rennes","24":"tag-republique-francaise","25":"tag-simple"},"share_on_mastodon":{"url":"https:\/\/pubeurope.com\/@fr\/114677317848366935","error":""},"_links":{"self":[{"href":"https:\/\/www.europesays.com\/fr\/wp-json\/wp\/v2\/posts\/173916","targetHints":{"allow":["GET"]}}],"collection":[{"href":"https:\/\/www.europesays.com\/fr\/wp-json\/wp\/v2\/posts"}],"about":[{"href":"https:\/\/www.europesays.com\/fr\/wp-json\/wp\/v2\/types\/post"}],"author":[{"embeddable":true,"href":"https:\/\/www.europesays.com\/fr\/wp-json\/wp\/v2\/users\/2"}],"replies":[{"embeddable":true,"href":"https:\/\/www.europesays.com\/fr\/wp-json\/wp\/v2\/comments?post=173916"}],"version-history":[{"count":0,"href":"https:\/\/www.europesays.com\/fr\/wp-json\/wp\/v2\/posts\/173916\/revisions"}],"wp:featuredmedia":[{"embeddable":true,"href":"https:\/\/www.europesays.com\/fr\/wp-json\/wp\/v2\/media\/173917"}],"wp:attachment":[{"href":"https:\/\/www.europesays.com\/fr\/wp-json\/wp\/v2\/media?parent=173916"}],"wp:term":[{"taxonomy":"category","embeddable":true,"href":"https:\/\/www.europesays.com\/fr\/wp-json\/wp\/v2\/categories?post=173916"},{"taxonomy":"post_tag","embeddable":true,"href":"https:\/\/www.europesays.com\/fr\/wp-json\/wp\/v2\/tags?post=173916"}],"curies":[{"name":"wp","href":"https:\/\/api.w.org\/{rel}","templated":true}]}}