{"id":173918,"date":"2025-06-13T17:49:13","date_gmt":"2025-06-13T17:49:13","guid":{"rendered":"https:\/\/www.europesays.com\/fr\/173918\/"},"modified":"2025-06-13T17:49:13","modified_gmt":"2025-06-13T17:49:13","slug":"cinq-oeuvres-a-voir-absolument-a-lexposition-pinault-a-rennes","status":"publish","type":"post","link":"https:\/\/www.europesays.com\/fr\/173918\/","title":{"rendered":"Cinq \u0153uvres \u00e0 voir absolument \u00e0 l\u2019exposition Pinault \u00e0 Rennes"},"content":{"rendered":"<p>\u00c0 partir de ce week-end et jusqu\u2019au 14 septembre, les curieux d\u2019art pourront d\u00e9couvrir la nouvelle exposition Pinault au Couvent des Jacobins, \u00e0 Rennes. L\u2019exposition s\u2019intitule \u00ab Les yeux dans les yeux \u00bb et met en valeur le portrait. Au travers de l\u2019exposition et ses 90 \u0153uvres expos\u00e9es, les visages des uns invitent le regard du visiteur \u00e0 observer dans le d\u00e9tail la personne repr\u00e9sent\u00e9e. Photos, peintures mais aussi sculptures, nous avons fait la visite et voici les \u0153uvres que nous avons retenues.<\/p>\n<p>\u00ab Brad Pitt \u00bb, Annie Leibovitz<\/p>\n<p>Ce portrait de Brad Pitt allong\u00e9, c\u2019est le travail de la photographe Annie Leibovitz. L\u2019artiste compose ses photographies de c\u00e9l\u00e9brit\u00e9 avec minutie. Elle cherche le bon cadrage, la bonne composition afin de faire une repr\u00e9sentation d\u2019une personne \u00e9lev\u00e9e au rang de star. Sur cette \u0153uvre, on voit un homme pensif, au corps presque trop long. La photographe fait un clin d\u2019\u0153il au chef-d\u2019\u0153uvre d\u2019\u00ab Olympia \u00bb de Manet (1863) et son corps disproportionn\u00e9 par rapport aux codes classiques. Et cette fois, les r\u00f4les sont invers\u00e9s. C\u2019est Annie Leibovitz qui prend en photographie un homme, Brad Pitt. <\/p>\n<p><img decoding=\"async\" src=\"https:\/\/www.europesays.com\/fr\/wp-content\/uploads\/2025\/06\/684c615f52a56abe480ffbe7.1.jpeg\" width=\"480\" height=\"300\" class=\"web_golden_m\" loading=\"lazy\" alt=\"\u00ab\u00a0Brad Pitt\u00a0\u00bb, Annie Leibovitz, 1994.\"\/>\u00ab\u00a0Brad Pitt\u00a0\u00bb, Annie Leibovitz, 1994. (Le T\u00e9l\u00e9gramme\/Sam Delaunay) \u00ab Red bonnet, Xinyi Cheng \u00bb<\/p>\n<p>C\u2019est l\u2019\u0153uvre qui sert la communication de l\u2019exposition \u00ab Les yeux dans les yeux \u00bb. C\u2019est le tableau de l\u2019artiste chinoise Xinyi Cheng qui en arrivant dans la capitale fran\u00e7aise, se met \u00e0 faire des portraits. Elle peint des sujets pleins de complexit\u00e9 sur l\u2019intimit\u00e9 et la fragilit\u00e9 contemporaine, celles d\u2019une g\u00e9n\u00e9ration qui assume sa fragilit\u00e9.<\/p>\n<p><img decoding=\"async\" src=\"https:\/\/www.europesays.com\/fr\/wp-content\/uploads\/2025\/06\/684c615f300bd2dac702f7b3.1.jpeg\" width=\"480\" height=\"300\" class=\"web_golden_m\" loading=\"lazy\" alt=\"\u00ab\u00a0Red Bonnet\u00a0\u00bb, Xinyi Cheng, 2000.\"\/>\u00ab\u00a0Red Bonnet\u00a0\u00bb, Xinyi Cheng, 2000. (Le T\u00e9l\u00e9gramme\/Sam Delaunay)\u00ab Gro\u00dfer Frauenkopf \u00bb, Thomas Sch\u00fctte<\/p>\n<p>Sculpture monumentale et imposante, Thomas Sch\u00fctte affectionne particuli\u00e8rement la figure. L\u2019artiste aime caricaturer, presque malmen\u00e9 ses sujets mais toujours d\u2019une mani\u00e8re tr\u00e8s sensible. Il pose son regard sur la condition humaine. \u00c0 travers la mati\u00e8re, ici l\u2019argile, la femme n\u2019est pas id\u00e9alis\u00e9e mais complexe. Ses traits sont marqu\u00e9s et pourtant, elle semble \u00eatre d\u2019un calme int\u00e9rieur.<\/p>\n<p><img decoding=\"async\" src=\"https:\/\/www.europesays.com\/fr\/wp-content\/uploads\/2025\/06\/684c615eadd5f89b2100e5d9.1.jpeg\" width=\"480\" height=\"300\" class=\"web_golden_m\" loading=\"lazy\" alt=\"\u00ab\u00a0Gro\u00dfer Frauenkopf\u00a0\u00bb de Thomas Sch\u00fctte, 2021.\"\/>\u00ab\u00a0Gro\u00dfer Frauenkopf\u00a0\u00bb de Thomas Sch\u00fctte, 2021. (Le T\u00e9l\u00e9gramme\/Sam Delaunay)\u00ab Crying Portrait of Kim Alexis as a Renaissance Madonna with Holy Child \u00bb, Francesco Vezzoli<\/p>\n<p>R\u00e9unir culture pop et la Renaissance ? C\u2019est ce que Francesco Vezzoli a r\u00e9ussi \u00e0 faire. L\u2019artiste italien repr\u00e9sente la mannequin Kim Alexis dans la pose d\u2019une Madone \u00e0 l\u2019Enfant de la Renaissance. Sans oublier les larmes qui tombent du visage des deux sujets. Francesco Vezzoli a fait le constat que les pleurs sont tr\u00e8s peu repr\u00e9sent\u00e9s dans la peinture. C\u2019est pourquoi il d\u00e9cide de broder des larmes\u2026<\/p>\n<p><img decoding=\"async\" src=\"https:\/\/www.europesays.com\/fr\/wp-content\/uploads\/2025\/06\/684c615e7b411380bd07a009.1.jpeg\" width=\"480\" height=\"300\" class=\"web_golden_m\" loading=\"lazy\" alt=\"\u00ab\u00a0Crying Portrait of Kim Alexis as a Renaissance Madonna with Holy Child\u00a0\u00bb de Francesco Vezzoli, 2010.\"\/>\u00ab\u00a0Crying Portrait of Kim Alexis as a Renaissance Madonna with Holy Child\u00a0\u00bb de Francesco Vezzoli, 2010. (Le T\u00e9l\u00e9gramme\/Sam Delaunay)\u00ab D\u00e9figuration-Refiguration \u00bb, ORLAN<\/p>\n<p>Dans cette s\u00e9rie, l\u2019artiste fran\u00e7aise utilise son propre corps pour cr\u00e9er. \u00c0 l\u2019heure o\u00f9 les \u00ab Brazilian butt lift \u00bb &#8211; proc\u00e9dure qui augmente la taille des fesses &#8211; s\u00e9duisent de plus en plus de jeunes filles sur les r\u00e9seaux sociaux, l\u2019artiste explore d\u00e8s 1998, les fronti\u00e8res de l\u2019identit\u00e9 \u00e0 travers la chirurgie esth\u00e9tique. Elle fusionne plusieurs canons de beaut\u00e9. De quoi, questionner notre regard sur ces nouveaux corps d\u00e9j\u00e0 bien r\u00e9els.<\/p>\n<p><img decoding=\"async\" src=\"https:\/\/www.europesays.com\/fr\/wp-content\/uploads\/2025\/06\/684c615eadd5f89b2100e5d8.1.jpeg\" width=\"480\" height=\"300\" class=\"web_golden_m\" loading=\"lazy\" alt=\"\u00ab\u00a0D\u00e9figuration-Refiguration, Self-hybridation pr\u00e9colombienne\u00a0\u00bb de ORLAN, 1998.\"\/>\u00ab\u00a0D\u00e9figuration-Refiguration, Self-hybridation pr\u00e9colombienne\u00a0\u00bb de ORLAN, 1998. (Le T\u00e9l\u00e9gramme\/Sam Delaunay)Pratique<\/p>\n<p class=\"note\">Les yeux dans les yeux, couvent des Jacobins, Rennes. Du 14 juin au 14 septembre, du mardi au dimanche, de 10 h \u00e0 19 h, (fermeture des portes \u00e0 18 h). Nocturne le mercredi jusqu\u2019\u00e0 22 h. Tarif normal : 12 euros. R\u00e9duit : 7 euros.<\/p>\n","protected":false},"excerpt":{"rendered":"\u00c0 partir de ce week-end et jusqu\u2019au 14 septembre, les curieux d\u2019art pourront d\u00e9couvrir la nouvelle exposition Pinault&hellip;\n","protected":false},"author":2,"featured_media":173919,"comment_status":"","ping_status":"","sticky":false,"template":"","format":"standard","meta":{"footnotes":""},"categories":[2821],"tags":[1111,11,829,3173,872,1777,674,1011,27,12,584,25],"class_list":{"0":"post-173918","1":"post","2":"type-post","3":"status-publish","4":"format-standard","5":"has-post-thumbnail","7":"category-rennes","8":"tag-actu","9":"tag-actualites","10":"tag-bretagne","11":"tag-culture-a-rennes","12":"tag-culture-et-loisirs","13":"tag-eu","14":"tag-europe","15":"tag-fr","16":"tag-france","17":"tag-news","18":"tag-rennes","19":"tag-republique-francaise"},"share_on_mastodon":{"url":"https:\/\/pubeurope.com\/@fr\/114677322224219625","error":""},"_links":{"self":[{"href":"https:\/\/www.europesays.com\/fr\/wp-json\/wp\/v2\/posts\/173918","targetHints":{"allow":["GET"]}}],"collection":[{"href":"https:\/\/www.europesays.com\/fr\/wp-json\/wp\/v2\/posts"}],"about":[{"href":"https:\/\/www.europesays.com\/fr\/wp-json\/wp\/v2\/types\/post"}],"author":[{"embeddable":true,"href":"https:\/\/www.europesays.com\/fr\/wp-json\/wp\/v2\/users\/2"}],"replies":[{"embeddable":true,"href":"https:\/\/www.europesays.com\/fr\/wp-json\/wp\/v2\/comments?post=173918"}],"version-history":[{"count":0,"href":"https:\/\/www.europesays.com\/fr\/wp-json\/wp\/v2\/posts\/173918\/revisions"}],"wp:featuredmedia":[{"embeddable":true,"href":"https:\/\/www.europesays.com\/fr\/wp-json\/wp\/v2\/media\/173919"}],"wp:attachment":[{"href":"https:\/\/www.europesays.com\/fr\/wp-json\/wp\/v2\/media?parent=173918"}],"wp:term":[{"taxonomy":"category","embeddable":true,"href":"https:\/\/www.europesays.com\/fr\/wp-json\/wp\/v2\/categories?post=173918"},{"taxonomy":"post_tag","embeddable":true,"href":"https:\/\/www.europesays.com\/fr\/wp-json\/wp\/v2\/tags?post=173918"}],"curies":[{"name":"wp","href":"https:\/\/api.w.org\/{rel}","templated":true}]}}