{"id":173920,"date":"2025-06-13T17:50:14","date_gmt":"2025-06-13T17:50:14","guid":{"rendered":"https:\/\/www.europesays.com\/fr\/173920\/"},"modified":"2025-06-13T17:50:14","modified_gmt":"2025-06-13T17:50:14","slug":"la-circulation-lemporte-sur-les-arbres-et-le-stationnement","status":"publish","type":"post","link":"https:\/\/www.europesays.com\/fr\/173920\/","title":{"rendered":"la circulation l\u2019emporte sur les arbres et le stationnement"},"content":{"rendered":"<p>Il a fait son retour au \u00ab\u00a0rond-point des Shadoks\u00a0\u00bb, comme l\u2019ont baptis\u00e9 les riverains. \u00ab\u00a0Il\u00a0\u00bb, c\u2019est le panneau aux couleurs de l\u2019Eurom\u00e9tropole (vert, il n\u2019y a pas de hasard\u2026) notifiant en date du 12\u00a0juin la d\u00e9claration pr\u00e9alable de travaux de \u00ab\u00a0r\u00e9am\u00e9nagement de <a href=\"https:\/\/www.dna.fr\/politique\/2025\/06\/06\/nouveaux-travaux-annonces-rue-melanie-les-riverains-en-colere-ecrivent-a-marc-hoffsess\" target=\"_blank\" rel=\"noopener\">la rue M\u00e9lanie<\/a> \u00e0 Strasbourg-Robertsau\u00a0\u00bb. Si d\u2019aventure vous \u00e9tiez tomb\u00e9s dans une faille spatiotemporelle, sachez que la rue dont tout le monde parle fait \u00e0 nouveau, depuis ce mardi 10\u00a0juin, l\u2019objet de travaux. Ce, jusqu\u2019\u00e0 la fin du mois. Non, ce n\u2019est pas une mauvaise blague.<\/p>\n<p>  Exit les places de stationnement et la verdure<\/p>\n<p>Objectif\u00a0: d\u00e9faire (partiellement) ce qui vient d\u2019\u00eatre fait, en restaurant un double sens de circulation, sans pour autant sacrifier la piste cyclable bidirectionnelle de 300 m\u00e8tres qui relie l\u2019ex rond-point Lamproie \u00e0 la voie verte menant \u00e0 la for\u00eat de <a href=\"https:\/\/www.dna.fr\/culture-loisirs\/2025\/05\/01\/a-pourtales-des-fleurs-par-milliers-pour-les-restos-bebes-du-coeur\" target=\"_blank\" rel=\"noopener\">Pourtal\u00e8s<\/a> , constituant ainsi le cha\u00eenon manquant de l\u2019EuroV\u00e9lo 15.<\/p>\n<p>Exit, en revanche, les \u00ab\u00a0niches de repli\u00a0\u00bb d\u00e9di\u00e9es aux automobilistes. Et par voie de cons\u00e9quence, la vingtaine de places de stationnement qu\u2019elles permettaient de pr\u00e9server pour les riverains. Exit, aussi, la quinzaine d\u2019arbres plant\u00e9s. Ils ont \u00e9t\u00e9 d\u00e9log\u00e9s d\u00e8s cette semaine et pourraient bient\u00f4t trouver refuge du c\u00f4t\u00e9 de la <a href=\"https:\/\/www.dna.fr\/politique\/2025\/04\/23\/cite-de-l-ill-le-ras-le-bol-des-habitants-face-aux-nuisances\" target=\"_blank\" rel=\"noopener\">Cit\u00e9 de l\u2019Ill<\/a>&#8230; en esp\u00e9rant qu&rsquo;ils survivent. Les travaux de voirie d\u00e9buteront lundi 16 juin.<\/p>\n<p>\u00c0 moins d\u2019un an des <a href=\"https:\/\/www.dna.fr\/politique\/2025\/06\/11\/pia-imbs-ne-briguera-pas-de-nouveau-mandat-en-2026\" target=\"_blank\" rel=\"noopener\">prochaines \u00e9ch\u00e9ances municipales<\/a> et <a href=\"https:\/\/www.dna.fr\/politique\/2022\/11\/22\/rue-melanie-les-esprits-s-echauffent-autour-de-la-piste-cyclable\" target=\"_blank\" rel=\"noopener\">apr\u00e8s une phase de concertation d\u00e9marr\u00e9e en 2021<\/a> , mais qui n\u2019aura jamais r\u00e9ussi \u00e0 infl\u00e9chir le projet ni \u00e0 rapprocher les int\u00e9r\u00eats contradictoires, forc\u00e9ment, le sujet crispe, polarise, exasp\u00e8re\u2026 et tombe pour certains \u00e0 point nomm\u00e9, offrant une occasion r\u00eav\u00e9e de souffler sur le feu de la pol\u00e9mique et de taper sur la municipalit\u00e9 en place. Les convictions \u2013 le \u00ab\u00a0dogmatisme\u00a0\u00bb, diront les opposants\u00a0\u2013 des uns se heurtent aux int\u00e9r\u00eats des autres. Mais aussi \u00e0 la r\u00e9alit\u00e9 des usages, dans un quartier o\u00f9 le nombre de voitures d\u00e9passe deux par foyer, et o\u00f9 le citadin en mal de verdure vient volontiers s\u2019oxyg\u00e9ner (parfois en voiture).<\/p>\n<p>    &#13;<br \/>\n    &#13;<br \/>\n    &#13;<br \/>\n    <a href=\"https:\/\/cdn-s-www.dna.fr\/images\/ca8a1be1-f3da-4868-995f-919ef330c659\/NW_raw\/un-papier-pose-par-la-municipalite-deja-taguee-par-des-habitants-photo-valerie-walch-1749822121.jpg\" title=\"Un papier pos\u00e9 par la municipalit\u00e9 d\u00e9j\u00e0 \u00ab\u00a0tagu\u00e9e\u00a0\u00bb par des habitants. Photo Val\u00e9rie Walch\" class=\"chocolat-image GA-tracking\" data-ga_type=\"click\" data-ga_category=\"D\u00e9tail\" data-ga_action=\"zoomer\" data-ga_label=\"aggrandir image\" target=\"_blank\" rel=\"noopener\">&#13;<br \/>\n        <img src=\"https:\/\/www.europesays.com\/fr\/wp-content\/uploads\/2025\/06\/un-papier-pose-par-la-municipalite-deja-taguee-par-des-habitants-photo-valerie-walch-1749822121.jpg\"   alt=\"Un papier pos\u00e9 par la municipalit\u00e9 d\u00e9j\u00e0 \u00ab\u00a0tagu\u00e9e\u00a0\u00bb par des habitants. Photo Val\u00e9rie Walch\" fetchpriority=\"high\" decoding=\"async\" data-mobile=\"NW_listA_M|1749822121\" data-base=\"NW_listA|1749822121\"\/>&#13;<br \/>\n    <\/a>&#13;<\/p>\n<p>Un papier pos\u00e9 par la municipalit\u00e9 d\u00e9j\u00e0 \u00ab\u00a0tagu\u00e9e\u00a0\u00bb par des habitants. Photo Val\u00e9rie Walch<\/p>\n<p>  Un r\u00e9trop\u00e9dalage forc\u00e9<\/p>\n<p>Face au chaos circulatoire et <a href=\"https:\/\/www.dna.fr\/politique\/2025\/06\/06\/nouveaux-travaux-annonces-rue-melanie-les-riverains-en-colere-ecrivent-a-marc-hoffsess\" target=\"_blank\" rel=\"noopener\">aux mont\u00e9es au cr\u00e9neau des riverains<\/a> , <a href=\"https:\/\/www.dna.fr\/economie\/2025\/05\/22\/bouchons-rue-melanie-le-chateau-de-pourtales-monte-au-creneau\" target=\"_blank\" rel=\"noopener\">des h\u00f4teliers de Pourtal\u00e8s<\/a> et autres associations criant \u00e0 la gabegie, sans compter le buzz national de ce que beaucoup consid\u00e8rent comme \u00ab\u00a0la chronique d\u2019un ratage annonc\u00e9\u00a0\u00bb, la Ville n\u2019avait plus d\u2019autre choix que de r\u00e9trop\u00e9daler. Un comble s\u2019agissant d\u2019une piste cyclable.<\/p>\n<p>M\u00eame l\u2019\u00e9lu r\u00e9f\u00e9rent du quartier, Marc Hoffsess, a d\u00fb se r\u00e9soudre \u00e0 l\u2019id\u00e9e que l\u2019habituation ne se ferait pas et qu\u2019il faudrait revoir la copie, et repartir ainsi pour un nouveau round de travaux \u00e0 plusieurs dizaines \u2013 centaines\u00a0? \u2013 de milliers d\u2019euros (le projet a d\u00e9j\u00e0 co\u00fbt\u00e9 quelque 880\u00a0000\u00a0\u20ac).<\/p>\n<p>Il\u00a0esp\u00e8re que \u00ab\u00a0les travaux correctifs permettront de r\u00e9pondre aux situations dangereuses v\u00e9cues ces derni\u00e8res semaines, en garantissant le confort et la s\u00e9curit\u00e9 de tous les usagers de cette voie et en r\u00e9tablissant le double flux de circulation\u00a0\u00bb.<\/p>\n<p>Le retour du double sens classique<\/p>\n<p>Reconnaissant que \u00ab\u00a0la circulation automobile altern\u00e9e a clairement montr\u00e9 ses limites\u00a0\u00bb et que la collectivit\u00e9 s\u2019est r\u00e9solue \u00e0 \u00ab\u00a0revenir sur ce choix\u00a0\u00bb en optant pour un double sens classique, il pr\u00e9cise aussi que \u00ab\u00a0le stationnement des riverains ne pourra plus se faire sur voirie, mais devra s\u2019organiser sur les emprises priv\u00e9es\u00a0\u00bb. Parce qu\u2019\u00e0 choisir, mieux vaut, comme nous l\u2019a gliss\u00e9 en \u00ab\u00a0off\u00a0\u00bb une source bien inform\u00e9e, \u00ab\u00a0m\u00e9contenter 50 personnes, plut\u00f4t que 2\u00a0000\u00a0!\u00a0\u00bb<\/p>\n<p>Pour le reste, il aura fallu attendre ce jeudi 12\u00a0juin pour obtenir une r\u00e9ponse officielle \u00e0 une demande d\u2019interview avec un \u00e9lu \u2013 Pierre Ozenne, tant qu\u2019\u00e0 faire, puisqu\u2019il est l\u2019adjoint en charge des espaces publics partag\u00e9s \u2013 formul\u00e9e vendredi 6\u00a0juin.<\/p>\n<p>Las\u00a0! Pas d\u2019interview ni de rendez-vous sur le terrain en vue\u00a0; \u00e0 la place, un (long) mail explicatif dont 90\u00a0% de sa teneur se r\u00e9sumant \u00e0 retracer l\u2019historique du dossier et \u00e0 rappeler les pr\u00e9conisations du Centre d\u2019\u00e9tudes et d\u2019expertise sur les risques, l\u2019environnement, la mobilit\u00e9 et l\u2019am\u00e9nagement (Cerema) en mati\u00e8re de largeur de pistes cyclables.<\/p>\n<p>Le montant des travaux\u00a0? Myst\u00e8re.<\/p>\n<p>Ce contenu est bloqu\u00e9 car vous n&rsquo;avez pas accept\u00e9 les cookies et autres traceurs.<\/p>\n<p>En cliquant sur \u00ab J\u2019accepte \u00bb, les cookies et autres traceurs seront d\u00e9pos\u00e9s et vous pourrez visualiser les contenus  (<a href=\"\" class=\"consentModule_policy\" target=\"_blank\" title=\"Consulter la politique de protection des donn\u00e9es du fournisseur\">plus d&rsquo;informations<\/a>).<\/p>\n<p>En cliquant sur \u00ab J\u2019accepte tous les cookies \u00bb, vous autorisez des d\u00e9p\u00f4ts de cookies et autres traceurs pour le stockage de vos donn\u00e9es sur nos sites et applications \u00e0 des fins de personnalisation et de ciblage publicitaire.<\/p>\n<p class=\"consentModule_secondaryText\">Vous gardez la possibilit\u00e9 de retirer votre consentement \u00e0 tout moment en consultant notre <a href=\"https:\/\/www.dna.fr\/protection-des-donnees\" target=\"_blank\" title=\"Consulter notre politique de protection des donn\u00e9es\" rel=\"noopener\">politique de protection des donn\u00e9es<\/a>. <br \/>&#13;<br \/>\n            <a href=\"https:\/\/www.dna.fr\/economie\/2025\/06\/13\/javascript:Didomi.notice.show()\" class=\"consentModule_cmp\" target=\"_blank\" rel=\"noopener\">G\u00e9rer mes choix<\/a>&#13;\n        <\/p>\n<p>&#13;<br \/>\n                        J&rsquo;accepte&#13;<br \/>\n            J&rsquo;accepte tous les cookies&#13;\n        <\/p>\n<p>\t<img class=\"placeholder-svg\" loading=\"lazy\" decoding=\"async\" src=\"https:\/\/cdn-files.prsmedia.fr\/files\/REDAC\/images\/svg\/placeholders\/twitter-X.svg\" alt=\"Twitter PlaceHolder\"\/><\/p>\n<p>  Une offre de stationnements \u00ab\u00a0utiles\u00a0\u00bb reconstitu\u00e9e dans un second temps\u00a0?<\/p>\n<p>\u00ab Dans un second temps, une offre de stationnements utiles aux visiteurs (aides \u00e0 domicile, artisans\u2026) et de d\u00e9pose minute pourrait \u00eatre reconstitu\u00e9e. [\u2026] Le service comp\u00e9tent va engager une \u00e9tude dans ce sens\u00a0\u00bb, conclut la voix officielle, assurant qu\u2019 \u00ab\u00a0il s\u2019agit bien de r\u00e9pondre \u00e0 l\u2019ensemble des besoins et de consid\u00e9rer de mani\u00e8re \u00e9quilibr\u00e9e l\u2019ensemble des usages\u00a0\u00bb.<\/p>\n<p>Pas s\u00fbr que cela suffise \u00e0 calmer la fronde. Rue M\u00e9lanie, ce jeudi 12\u00a0juin, la lettre explicative de Marc Hoffsess aux habitants du quartier \u00e9tait clou\u00e9e au pilori d\u2019un poteau de signalisation, barr\u00e9e d\u2019un \u00ab\u00a0Tout \u00e7a pour \u00e7a, quatre ans apr\u00e8s\u00a0!!!\u00a0\u00bb, suivi d\u2019un \u00ab\u00a0d\u00e9j\u00e0 850\u00a0000\u00a0euros\u2026 Et combien encore\u00a0!\u00a0\u00bb Le long de la voie, c\u00f4t\u00e9 piste cyclable, comme une invite \u00e0 observer la situation ubuesque aux premi\u00e8res loges, deux \u00ab\u00a0chaises de protestation\u00a0\u00bb d\u00e9non\u00e7ant \u00ab\u00a0l\u2019\u00e9chec\u00a0\u00bb et la \u00ab\u00a0r\u00e9ponse punitive\u00a0\u00bb de la municipalit\u00e9 ont aussi \u00e9t\u00e9 install\u00e9es.<\/p>\n<ul class=\"galerieContent carousel-wrapper__slides\" id=\"4ea03b11-66e1-4d05-8b65-f93c898a0444\">        &#13;<\/p>\n<li class=\"carousel-wrapper__slides--slide item\" id=\"slide-1\">&#13;<br \/>\n                                    &#13;<br \/>\n                        <a class=\"chocolat-image GA-tracking\" data-ga_type=\"click\" data-ga_category=\"D\u00e9tail\" data-ga_action=\"zoomer\" data-ga_label=\"aggrandir image\" href=\"https:\/\/cdn-s-www.dna.fr\/images\/71611e6c-4960-4f2c-ba53-7706ca6af0d3\/NW_raw\/les-arbres-plantes-ont-deja-disparu-a-l-issue-des-travaux-quot-complementaires-quot-programmes-rue-melanie-les-places-de-stationnement-auront-elles-aussi-disparu-mais-le-double-sens-de-circulation-sera-restaure-photo-valerie-walch-1749834341.jpg\" title=\"Les arbres plant\u00e9s ont d\u00e9j\u00e0 disparu. \u00c0 l\u2019issue des travaux &quot;compl\u00e9mentaires&quot; programm\u00e9s rue M\u00e9lanie, les places de stationnement auront elles aussi disparu\u2026 Mais le double sens de circulation sera restaur\u00e9. \u00a0 Photo Valerie Walch\" target=\"_blank\" rel=\"noopener\">&#13;<br \/>\n                            <img decoding=\"async\" src=\"https:\/\/www.europesays.com\/fr\/wp-content\/uploads\/2025\/06\/les-arbres-plantes-ont-deja-disparu-a-l-issue-des-travaux-quot-complementaires-quot-programmes-rue-m.jpeg\"   alt=\"Les arbres plant\u00e9s ont d\u00e9j\u00e0 disparu. \u00c0 l\u2019issue des travaux &quot;compl\u00e9mentaires&quot; programm\u00e9s rue M\u00e9lanie, les places de stationnement auront elles aussi disparu\u2026 Mais le double sens de circulation sera restaur\u00e9. \u00a0 Photo Valerie Walch\" fetchpriority=\"high\" data-mobile=\"NW_listA_M|1749834341\" data-base=\"NW_listA|1749834341\"\/>&#13;<br \/>\n                        <\/a>&#13;<\/p>\n<p> Les arbres plant\u00e9s ont d\u00e9j\u00e0 disparu. \u00c0 l\u2019issue des travaux \u00ab\u00a0compl\u00e9mentaires\u00a0\u00bb programm\u00e9s rue M\u00e9lanie, les places de stationnement auront elles aussi disparu\u2026 Mais le double sens de circulation sera restaur\u00e9. \u00a0 Photo Valerie Walch <\/p>\n<p>                        &#13;<br \/>\n                                           &#13;\n                <\/li>\n<p>&#13;<br \/>\n            &#13;<\/p>\n<li class=\"carousel-wrapper__slides--slide item slideWithPub\" id=\"slide-2\">&#13;<br \/>\n                        &#13;<br \/>\n                            <a class=\"chocolat-image\" title=\"Publicit\u00e9\" href=\"data:image\/gif;base64,R0lGODlhAQABAAD\/ACwAAAAAAQABAAACADs=\">&#13;<br \/>\n                                <img decoding=\"async\" src=\"data:image\/gif;base64,R0lGODlhAQABAAD\/ACwAAAAAAQABAAACADs=\" alt=\"Publicit\u00e9\" loading=\"lazy\" fetchpriority=\"low\"\/>&#13;<br \/>\n                            <\/a>&#13;<br \/>\n                        &#13;\n                    <\/li>\n<p>&#13;<\/p>\n<li class=\"carousel-wrapper__slides--slide item\" id=\"slide-3\">&#13;<br \/>\n                                    &#13;<br \/>\n                        <a class=\"chocolat-image GA-tracking\" data-ga_type=\"click\" data-ga_category=\"D\u00e9tail\" data-ga_action=\"zoomer\" data-ga_label=\"aggrandir image\" href=\"https:\/\/cdn-s-www.dna.fr\/images\/8020be71-bd78-424f-8b1b-1760a2485f85\/NW_raw\/une-chaise-installee-en-guise-de-protestation-photo-valerie-walch-1749831622.jpg\" title=\"Une chaise install\u00e9e en guise de protestation. \u00a0 Photo Valerie Walch\" target=\"_blank\" rel=\"noopener\">&#13;<br \/>\n                            <img decoding=\"async\" src=\"https:\/\/www.europesays.com\/fr\/wp-content\/uploads\/2025\/06\/une-chaise-installee-en-guise-de-protestation-photo-valerie-walch-1749831622.jpg\"   alt=\"Une chaise install\u00e9e en guise de protestation. \u00a0 Photo Valerie Walch\" loading=\"lazy\" fetchpriority=\"low\" data-mobile=\"NW_listA_M|1749831622\" data-base=\"NW_listA|1749831622\"\/>&#13;<br \/>\n                        <\/a>&#13;<\/p>\n<p> Une chaise install\u00e9e en guise de protestation. \u00a0 Photo Valerie Walch <\/p>\n<p>                        &#13;<br \/>\n                                           &#13;\n                <\/li>\n<p>&#13;<br \/>\n            &#13;<\/p>\n<li class=\"carousel-wrapper__slides--slide item\" id=\"slide-4\">&#13;<br \/>\n                                    &#13;<br \/>\n                        <a class=\"chocolat-image GA-tracking\" data-ga_type=\"click\" data-ga_category=\"D\u00e9tail\" data-ga_action=\"zoomer\" data-ga_label=\"aggrandir image\" href=\"https:\/\/cdn-s-www.dna.fr\/images\/6e389368-1f4d-44b7-80b9-e47da5e65de0\/NW_raw\/les-arbres-plantes-ont-deja-disparu-a-l-issue-des-travaux-quot-complementaires-quot-programmes-rue-melanie-les-places-de-stationnement-auront-elles-aussi-disparu-mais-le-double-sens-de-circulation-sera-restaure-photo-valerie-walch-1749834341.jpg\" title=\"Les arbres plant\u00e9s ont d\u00e9j\u00e0 disparu. \u00c0 l\u2019issue des travaux &quot;compl\u00e9mentaires&quot; programm\u00e9s rue M\u00e9lanie, les places de stationnement auront elles aussi disparu\u2026 Mais le double sens de circulation sera restaur\u00e9. \u00a0 Photo Valerie Walch\" target=\"_blank\" rel=\"noopener\">&#13;<br \/>\n                            <img decoding=\"async\" src=\"https:\/\/www.europesays.com\/fr\/wp-content\/uploads\/2025\/06\/1749837014_160_les-arbres-plantes-ont-deja-disparu-a-l-issue-des-travaux-quot-complementaires-quot-programmes-rue-m.jpeg\"   alt=\"Les arbres plant\u00e9s ont d\u00e9j\u00e0 disparu. \u00c0 l\u2019issue des travaux &quot;compl\u00e9mentaires&quot; programm\u00e9s rue M\u00e9lanie, les places de stationnement auront elles aussi disparu\u2026 Mais le double sens de circulation sera restaur\u00e9. \u00a0 Photo Valerie Walch\" loading=\"lazy\" fetchpriority=\"low\" data-mobile=\"NW_listA_M|1749834341\" data-base=\"NW_listA|1749834341\"\/>&#13;<br \/>\n                        <\/a>&#13;<\/p>\n<p> Les arbres plant\u00e9s ont d\u00e9j\u00e0 disparu. \u00c0 l\u2019issue des travaux \u00ab\u00a0compl\u00e9mentaires\u00a0\u00bb programm\u00e9s rue M\u00e9lanie, les places de stationnement auront elles aussi disparu\u2026 Mais le double sens de circulation sera restaur\u00e9. \u00a0 Photo Valerie Walch <\/p>\n<p>                        &#13;<br \/>\n                                           &#13;\n                <\/li>\n<p>&#13;<br \/>\n            &#13;\n                <\/ul>\n<p>Une vid\u00e9o de Jean-Philippe Vetter documentant la suppression des arbres \u2013 \u00ab\u00a0un comble pour une municipalit\u00e9 qui se dit \u00e9cologiste\u00a0!\u00a0\u00bb, fustige l\u2019opposant LR \u2013 constitue une r\u00e9plique suppl\u00e9mentaire du nouvel \u00e9pisode de cette mauvaise s\u00e9rie \u00e0 rebondissements.<\/p>\n<p class=\"note\">Mercredi 18\u00a0juin de 17\u00a0h \u00e0 21\u00a0h, un \u00ab\u00a0Forum citoyen Robertsau Wacken-Cit\u00e9 de l\u2019Ill\u00a0\u00bb se tiendra place du Corps-de-Garde, \u00e0 Strasbourg, en pr\u00e9sence des \u00e9lus du quartier et de services. L\u2019occasion d\u2019\u00e9voquer les projets en cours (la rue M\u00e9lanie, mais pas que).<\/p>\n","protected":false},"excerpt":{"rendered":"Il a fait son retour au \u00ab\u00a0rond-point des Shadoks\u00a0\u00bb, comme l\u2019ont baptis\u00e9 les riverains. \u00ab\u00a0Il\u00a0\u00bb, c\u2019est le panneau&hellip;\n","protected":false},"author":2,"featured_media":173921,"comment_status":"","ping_status":"","sticky":false,"template":"","format":"standard","meta":{"footnotes":""},"categories":[2820],"tags":[1111,11,646,4749,3542,4406,1984,33,2880,1777,674,107,1011,27,775,3539,6319,12,316,25,104,640,2879,1254,2803],"class_list":{"0":"post-173920","1":"post","2":"type-post","3":"status-publish","4":"format-standard","5":"has-post-thumbnail","7":"category-strasbourg","8":"tag-actu","9":"tag-actualites","10":"tag-automobile","11":"tag-btp-et-chantiers","12":"tag-circulation","13":"tag-commerce-et-services","14":"tag-conseil-municipal","15":"tag-economie","16":"tag-edition-strasbourg","17":"tag-eu","18":"tag-europe","19":"tag-fil-info","20":"tag-fr","21":"tag-france","22":"tag-grand-est","23":"tag-les-ecologistes","24":"tag-les-republicains","25":"tag-news","26":"tag-politique","27":"tag-republique-francaise","28":"tag-societe","29":"tag-strasbourg","30":"tag-strasbourg-ville","31":"tag-terrorisme","32":"tag-transport"},"share_on_mastodon":{"url":"https:\/\/pubeurope.com\/@fr\/114677325949199736","error":""},"_links":{"self":[{"href":"https:\/\/www.europesays.com\/fr\/wp-json\/wp\/v2\/posts\/173920","targetHints":{"allow":["GET"]}}],"collection":[{"href":"https:\/\/www.europesays.com\/fr\/wp-json\/wp\/v2\/posts"}],"about":[{"href":"https:\/\/www.europesays.com\/fr\/wp-json\/wp\/v2\/types\/post"}],"author":[{"embeddable":true,"href":"https:\/\/www.europesays.com\/fr\/wp-json\/wp\/v2\/users\/2"}],"replies":[{"embeddable":true,"href":"https:\/\/www.europesays.com\/fr\/wp-json\/wp\/v2\/comments?post=173920"}],"version-history":[{"count":0,"href":"https:\/\/www.europesays.com\/fr\/wp-json\/wp\/v2\/posts\/173920\/revisions"}],"wp:featuredmedia":[{"embeddable":true,"href":"https:\/\/www.europesays.com\/fr\/wp-json\/wp\/v2\/media\/173921"}],"wp:attachment":[{"href":"https:\/\/www.europesays.com\/fr\/wp-json\/wp\/v2\/media?parent=173920"}],"wp:term":[{"taxonomy":"category","embeddable":true,"href":"https:\/\/www.europesays.com\/fr\/wp-json\/wp\/v2\/categories?post=173920"},{"taxonomy":"post_tag","embeddable":true,"href":"https:\/\/www.europesays.com\/fr\/wp-json\/wp\/v2\/tags?post=173920"}],"curies":[{"name":"wp","href":"https:\/\/api.w.org\/{rel}","templated":true}]}}