{"id":173924,"date":"2025-06-13T17:52:10","date_gmt":"2025-06-13T17:52:10","guid":{"rendered":"https:\/\/www.europesays.com\/fr\/173924\/"},"modified":"2025-06-13T17:52:10","modified_gmt":"2025-06-13T17:52:10","slug":"quelle-est-la-situation-des-nappes-phreatiques-dans-les-alpes-maritimes-et-le-var-a-quelques-jours-de-lete","status":"publish","type":"post","link":"https:\/\/www.europesays.com\/fr\/173924\/","title":{"rendered":"Quelle est la situation des nappes phr\u00e9atiques dans les Alpes-Maritimes et le Var \u00e0 quelques jours de l&rsquo;\u00e9t\u00e9?"},"content":{"rendered":"<p>L&rsquo;\u00e9t\u00e9 s&rsquo;annonce tr\u00e8s chaud. Alors qu&rsquo;<a href=\"https:\/\/www.nicematin.com\/meteo\/une-vague-de-chaleur-va-balayer-la-france-et-il-fera-tres-chaud-dans-les-alpes-maritimes-voici-ce-qui-nous-attend-989573\" target=\"_blank\" rel=\"noopener\">une vague de chaleur balaie actuellement la France<\/a>, <strong>qu&rsquo;en est-il du niveau des nappes phr\u00e9atiques<\/strong>?\u00a0<\/p>\n<p>Le Bureau de recherches g\u00e9ologiques et mini\u00e8res (BRGM) vient de publier son dernier point de situation.\u00a0<\/p>\n<p>Alors qu&rsquo;elles terminaient l&rsquo;hiver <a href=\"https:\/\/www.nicematin.com\/vie-locale\/les-nappes-phreatiques-plutot-bien-remplies-meme-si-pour-l-ete-rien-n-est-joue--978201\" target=\"_blank\" rel=\"noopener\">avec un niveau satisfaisant<\/a>, leur situation est contrast\u00e9e dans l&rsquo;Hexagone.\u00a0<\/p>\n<p>\u00ab\u00a0La vidange est active sur la quasi-totalit\u00e9 des nappes et <strong>75% des niveaux sont en baisse<\/strong>\u00ab\u00a0, annonce le\u00a0BRGM.\u00a0<\/p>\n<p>Cette tendance devrait se poursuivre tout le mois de juin \u00ab\u00a0sauf si des cumuls pluviom\u00e9triques importants sont enregistr\u00e9s\u00a0\u00bb dans les secteurs o\u00f9 se trouvent des nappes r\u00e9actives (dont l&rsquo;\u00e9tat de remplissage va varier tr\u00e8s rapidement au cours d&rsquo;une m\u00eame saison), comme le nord, le centre de la France et le sud.\u00a0<\/p>\n<p>Du c\u00f4t\u00e9 des nappes inertielles (dont les cycles peuvent \u00eatre pluriannuels) du Bassin parisien et de l\u2019Est Lyonnais, la situation est \u00ab\u00a0tr\u00e8s favorable\u00a0\u00bb et \u00ab\u00a0laisse pr\u00e9sager des niveaux au-dessus des normales durant l&rsquo;\u00e9t\u00e9\u00a0\u00bb.\u00a0<\/p>\n<p>Des pluies de mai peu efficaces<\/p>\n<p>              <img ci-src=\"https:\/\/www.nicematin.com\/meteo\/communique-nappes-eau-souterraine-2025-06-001-CPCFJM7w.webp?ci_seal=62b17b38a7\" alt=\"\"\/><br \/>\n        La situation des nappes phr\u00e9atiques au 1er juin 2025, publi\u00e9e ce vendredi 13 juin.  <strong>Photo BRGM\/DR.<\/strong> <\/p>\n<p>En r\u00e9gion PACA, le niveau est \u00ab\u00a0mod\u00e9r\u00e9ment haut\u00a0\u00bb et \u00ab\u00a0autour de la moyenne\u00a0\u00bb selon les endroits, <strong>une situation globalement meilleure qu&rsquo;en juin 2024<\/strong>.<\/p>\n<p>Dans le Var, la situation est pass\u00e9e de \u00ab\u00a0mod\u00e9r\u00e9ment haut\u00a0\u00bb \u00e0 \u00ab\u00a0autour de la moyenne\u00a0\u00bb en un an.\u00a0<\/p>\n<p>Si les cumuls pluviom\u00e9triques de fin d&rsquo;hiver et de printemps avaient permis de compenser un d\u00e9but de recharge 2024-2025 d\u00e9ficitaire, \u00ab\u00a0<strong>les pluies de mai ont \u00e9t\u00e9 peu efficaces, les \u00e9pisodes orageux favorisant le ruissellement au d\u00e9triment d\u2019une infiltration dans les sols, et les pluies infiltr\u00e9es \u00e9tant majoritairement reprises par la v\u00e9g\u00e9tation<\/strong>\u00ab\u00a0, pr\u00e9cise le BRGM.\u00a0<\/p>\n<p>Malgr\u00e9 ce constat, <strong>les pr\u00e9visions du BRGM restent optimistes pour cet \u00e9t\u00e9<\/strong> concernant les nappes du sud (<a href=\"https:\/\/www.nicematin.com\/climat\/pour-lannee-prochaine-ca-ne-presage-rien-de-bon-les-pyrenees-orientales-a-sec-depuis-pres-de-deux-ans-un-triste-record-892933\" target=\"_blank\" rel=\"noopener\">sauf Pyr\u00e9n\u00e9es-Orientales et Aude<\/a>).\u00a0<\/p>\n","protected":false},"excerpt":{"rendered":"L&rsquo;\u00e9t\u00e9 s&rsquo;annonce tr\u00e8s chaud. Alors qu&rsquo;une vague de chaleur balaie actuellement la France, qu&rsquo;en est-il du niveau des&hellip;\n","protected":false},"author":2,"featured_media":173925,"comment_status":"","ping_status":"","sticky":false,"template":"","format":"standard","meta":{"footnotes":""},"categories":[2819],"tags":[1111,11,1129,436,1777,674,1011,27,2487,12,2401,882,25],"class_list":{"0":"post-173924","1":"post","2":"type-post","3":"status-publish","4":"format-standard","5":"has-post-thumbnail","7":"category-nice","8":"tag-actu","9":"tag-actualites","10":"tag-climat","11":"tag-environnement","12":"tag-eu","13":"tag-europe","14":"tag-fr","15":"tag-france","16":"tag-meteo","17":"tag-news","18":"tag-nice","19":"tag-provence-alpes-cote-dazur","20":"tag-republique-francaise"},"share_on_mastodon":{"url":"https:\/\/pubeurope.com\/@fr\/114677333670567472","error":""},"_links":{"self":[{"href":"https:\/\/www.europesays.com\/fr\/wp-json\/wp\/v2\/posts\/173924","targetHints":{"allow":["GET"]}}],"collection":[{"href":"https:\/\/www.europesays.com\/fr\/wp-json\/wp\/v2\/posts"}],"about":[{"href":"https:\/\/www.europesays.com\/fr\/wp-json\/wp\/v2\/types\/post"}],"author":[{"embeddable":true,"href":"https:\/\/www.europesays.com\/fr\/wp-json\/wp\/v2\/users\/2"}],"replies":[{"embeddable":true,"href":"https:\/\/www.europesays.com\/fr\/wp-json\/wp\/v2\/comments?post=173924"}],"version-history":[{"count":0,"href":"https:\/\/www.europesays.com\/fr\/wp-json\/wp\/v2\/posts\/173924\/revisions"}],"wp:featuredmedia":[{"embeddable":true,"href":"https:\/\/www.europesays.com\/fr\/wp-json\/wp\/v2\/media\/173925"}],"wp:attachment":[{"href":"https:\/\/www.europesays.com\/fr\/wp-json\/wp\/v2\/media?parent=173924"}],"wp:term":[{"taxonomy":"category","embeddable":true,"href":"https:\/\/www.europesays.com\/fr\/wp-json\/wp\/v2\/categories?post=173924"},{"taxonomy":"post_tag","embeddable":true,"href":"https:\/\/www.europesays.com\/fr\/wp-json\/wp\/v2\/tags?post=173924"}],"curies":[{"name":"wp","href":"https:\/\/api.w.org\/{rel}","templated":true}]}}