{"id":173926,"date":"2025-06-13T17:53:14","date_gmt":"2025-06-13T17:53:14","guid":{"rendered":"https:\/\/www.europesays.com\/fr\/173926\/"},"modified":"2025-06-13T17:53:14","modified_gmt":"2025-06-13T17:53:14","slug":"environnement-haute-mer-aires-marines-protegees-quel-bilan-pour-le-sommet-sur-les-oceans-a-nice","status":"publish","type":"post","link":"https:\/\/www.europesays.com\/fr\/173926\/","title":{"rendered":"Environnement. Haute mer, aires marines prot\u00e9g\u00e9es&#8230; Quel bilan pour le sommet sur les oc\u00e9ans \u00e0 Nice\u00a0?"},"content":{"rendered":"<p>\u00ab\u00a0Nice a gagn\u00e9 le pari de l\u2019oc\u00e9an\u00a0\u00bb, s\u2019est f\u00e9licit\u00e9 Olivier Poivre d\u2019Arvor. La <a href=\"https:\/\/www.ledauphine.com\/environnement\/2025\/06\/09\/l-ocean-est-en-ebullition-emmanuel-macron-ouvre-la-conference-de-l-onu-a-nice\" target=\"_blank\" rel=\"noopener\">Conf\u00e9rence des Nations unies sur l\u2019oc\u00e9an (Unoc-3)<\/a>, dont il \u00e9tait l\u2019envoy\u00e9 sp\u00e9cial de la France et le chef d\u2019orchestre, s\u2019ach\u00e8ve ce vendredi \u00e0 Nice (Alpes-Maritimes). Jamais un tel \u00e9v\u00e9nement n\u2019aura attir\u00e9 tant de responsables politiques\u00a0: 175 \u00c9tats membres repr\u00e9sent\u00e9s, 64 chefs d\u2019\u00c9tat et de gouvernement, 28 chefs d\u2019organisation internationale, 115 ministres. La Baleine, zone r\u00e9serv\u00e9e au grand public, a vu d\u00e9filer \u00ab\u00a0plus de 100\u00a0000 personnes\u00a0\u00bb, estime l\u2019\u00c9lys\u00e9e.<\/p>\n<p>Cette participation exceptionnelle se double de v\u00e9ritables avanc\u00e9es pour la protection des mers. \u00c0 commencer par le trait\u00e9 sur la haute mer. Si les 60 ratifications n\u2019ont pas \u00e9t\u00e9 obtenues pendant la semaine ni\u00e7oise, il y en a tout de m\u00eame d\u00e9sormais 55. Les ratifications manquantes interviendront au plus tard en septembre, ouvrant la voie \u00e0 une entr\u00e9e en vigueur du trait\u00e9 en janvier\u00a02026. \u00ab\u00a0Bravo \u00e0 la diplomatie fran\u00e7aise, c\u2019est une belle surprise\u00a0\u00bb, salue Andr\u00e9 Abreu, directeur des affaires internationales \u00e0 la Fondation Tara Oc\u00e9an.<\/p>\n<p>L\u00e0 o\u00f9 les associations de protection des oc\u00e9ans sont plus circonspectes, voire d\u00e9\u00e7ues, c\u2019est sur la question des aires marines prot\u00e9g\u00e9es (AMP). Les annonces faites \u00e0 Nice par 14 pays permettent de passer de 8\u00a0% \u00e0 12\u00a0% d\u2019AMP dans les zones \u00e9conomiques exclusives de tous les \u00c9tats du monde. La Polyn\u00e9sie fran\u00e7aise a annonc\u00e9 la cr\u00e9ation de la plus grande AMP du monde, d\u2019une superficie de 4,55\u00a0millions de km2, dont 900\u00a0000 km2 o\u00f9 toute activit\u00e9 est interdite.<\/p>\n<p>  \u00ab\u00a0Occasion rat\u00e9e\u00a0\u00bb<\/p>\n<p>Les ONG d\u00e9noncent en revanche la faiblesse des annonces de la France, avec une limitation du chalutage de fond dans 4\u00a0% seulement des eaux territoriales de l\u2019Hexagone (contre 0,1\u00a0% auparavant).\u00a0Fran\u00e7ois Chartier, charg\u00e9 de campagne oc\u00e9ans chez Greenpeace France, parle d\u2019une \u00ab\u00a0occasion rat\u00e9e pour <a href=\"https:\/\/www.ledauphine.com\/p\/emmanuel-macron\" target=\"_blank\" rel=\"noopener\">Emmanuel Macron<\/a> qui se place en champion des oc\u00e9ans\u00a0\u00bb.<\/p>\n<p>Autre d\u00e9ception, le fait que cinq pays seulement aient rejoint la coalition pour un moratoire sur l\u2019exploitation mini\u00e8re des grands fonds, pass\u00e9e de 32 \u00e0 37 pays seulement, sur les 169 \u00c9tats membres de l\u2019Autorit\u00e9 internationale des fonds marins (AIFM). \u00ab\u00a0Un code minier doit \u00eatre approuv\u00e9 \u00e0 l\u2019unanimit\u00e9 et, avec 37 pays, on va bloquer\u00a0\u00bb, a n\u00e9anmoins affirm\u00e9 Olivier Poivre d\u2019Arvor, avant la prochaine r\u00e9union de l\u2019AIFM pr\u00e9vue en juillet.<\/p>\n<p>Sur la r\u00e9duction des d\u00e9chets, 96 pays ont sign\u00e9 la d\u00e9claration d\u2019intention pour la r\u00e9duction de la <a href=\"https:\/\/www.ledauphine.com\/environnement\/2025\/06\/09\/conference-mondiale-sur-les-oceans-le-defi-majuscule-de-plastic-odyssey\" target=\"_blank\" rel=\"noopener\">production de plastique<\/a>, soit plus de la moiti\u00e9 des 170 pays impliqu\u00e9s depuis 2022 dans les n\u00e9gociations en vue d\u2019un trait\u00e9, qui doivent reprendre en ao\u00fbt \u00e0 Gen\u00e8ve. Enfin, si les \u00e9nergies fossiles, responsables du r\u00e9chauffement et de l\u2019acidification de l\u2019oc\u00e9an, n\u2019ont pas \u00e9t\u00e9 abord\u00e9es pendant cette rencontre onusienne, elles seront au menu de la prochaine COP sur le climat, en novembre \u00e0 Bel\u00e9m, au Br\u00e9sil.<\/p>\n","protected":false},"excerpt":{"rendered":"\u00ab\u00a0Nice a gagn\u00e9 le pari de l\u2019oc\u00e9an\u00a0\u00bb, s\u2019est f\u00e9licit\u00e9 Olivier Poivre d\u2019Arvor. La Conf\u00e9rence des Nations unies sur&hellip;\n","protected":false},"author":2,"featured_media":173927,"comment_status":"","ping_status":"","sticky":false,"template":"","format":"standard","meta":{"footnotes":""},"categories":[2819],"tags":[1111,11,436,1777,674,107,1011,27,329,12,2401,316,1800,882,5140,25],"class_list":{"0":"post-173926","1":"post","2":"type-post","3":"status-publish","4":"format-standard","5":"has-post-thumbnail","7":"category-nice","8":"tag-actu","9":"tag-actualites","10":"tag-environnement","11":"tag-eu","12":"tag-europe","13":"tag-fil-info","14":"tag-fr","15":"tag-france","16":"tag-france-monde","17":"tag-news","18":"tag-nice","19":"tag-politique","20":"tag-pollution","21":"tag-provence-alpes-cote-dazur","22":"tag-rechauffement-climatique","23":"tag-republique-francaise"},"share_on_mastodon":{"url":"https:\/\/pubeurope.com\/@fr\/114677337595639736","error":""},"_links":{"self":[{"href":"https:\/\/www.europesays.com\/fr\/wp-json\/wp\/v2\/posts\/173926","targetHints":{"allow":["GET"]}}],"collection":[{"href":"https:\/\/www.europesays.com\/fr\/wp-json\/wp\/v2\/posts"}],"about":[{"href":"https:\/\/www.europesays.com\/fr\/wp-json\/wp\/v2\/types\/post"}],"author":[{"embeddable":true,"href":"https:\/\/www.europesays.com\/fr\/wp-json\/wp\/v2\/users\/2"}],"replies":[{"embeddable":true,"href":"https:\/\/www.europesays.com\/fr\/wp-json\/wp\/v2\/comments?post=173926"}],"version-history":[{"count":0,"href":"https:\/\/www.europesays.com\/fr\/wp-json\/wp\/v2\/posts\/173926\/revisions"}],"wp:featuredmedia":[{"embeddable":true,"href":"https:\/\/www.europesays.com\/fr\/wp-json\/wp\/v2\/media\/173927"}],"wp:attachment":[{"href":"https:\/\/www.europesays.com\/fr\/wp-json\/wp\/v2\/media?parent=173926"}],"wp:term":[{"taxonomy":"category","embeddable":true,"href":"https:\/\/www.europesays.com\/fr\/wp-json\/wp\/v2\/categories?post=173926"},{"taxonomy":"post_tag","embeddable":true,"href":"https:\/\/www.europesays.com\/fr\/wp-json\/wp\/v2\/tags?post=173926"}],"curies":[{"name":"wp","href":"https:\/\/api.w.org\/{rel}","templated":true}]}}