{"id":173928,"date":"2025-06-13T17:54:17","date_gmt":"2025-06-13T17:54:17","guid":{"rendered":"https:\/\/www.europesays.com\/fr\/173928\/"},"modified":"2025-06-13T17:54:17","modified_gmt":"2025-06-13T17:54:17","slug":"les-parents-de-lorene-poignardee-dans-son-lycee-en-avril-reagissent-apres-le-meurtre-de-la-surveillante-a-nogent","status":"publish","type":"post","link":"https:\/\/www.europesays.com\/fr\/173928\/","title":{"rendered":"les parents de Lor\u00e8ne, poignard\u00e9e dans son lyc\u00e9e en avril, r\u00e9agissent apr\u00e8s le meurtre de la surveillante \u00e0 Nogent"},"content":{"rendered":"<p>Dans un bref message, la famille de la jeune fille tu\u00e9e par un \u00e9l\u00e8ve de son \u00e9tablissement appelle \u00e0 faire bouger les lignes. La nouvelle attaque mortelle en Haute-Marne fait \u00e9cho \u00e0 l\u2019histoire survenue \u00e0 Nantes il y a un mois et demi.<\/p>\n<p class=\"fig-paragraph\">Mardi,\u00a0<a href=\"http:\/\/www.lefigaro.fr\/faits-divers\/mere-d-un-petit-garcon-connue-pour-sa-joie-de-vivre-qui-etait-melanie-la-surveillante-poignardee-a-mort-par-un-collegien-en-haute-marne-20250610\" data-fig-type=\"NewsFlash\" data-gtm-custom-categorie=\"navigation\" data-gtm-custom-action=\"crossclick\" data-gtm-custom-label=\"Contextuel\" data-gtm-event=\"customEventSPE\" data-fig-domain=\"LEFIGARO\" target=\"_blank\" rel=\"noopener\">une surveillante a \u00e9t\u00e9 poignard\u00e9e par un \u00e9l\u00e8ve<\/a>\u00a0de son coll\u00e8ge situ\u00e9 \u00e0\u00a0<a href=\"http:\/\/www.lefigaro.fr\/faits-divers\/dossier\/meurtre-d-une-surveillante-de-college-a-nogent-le-choc-et-les-questions-apres-le-drame\" target=\"_blank\" data-fig-type=\"Topic\" rel=\"noopener\" data-gtm-custom-categorie=\"navigation\" data-gtm-custom-action=\"crossclick\" data-gtm-custom-label=\"Contextuel\" data-gtm-event=\"customEventSPE\" data-fig-domain=\"LEFIGARO\">Nogent<\/a>\u00a0(Haute-Marne). Cette attaque mortelle survenue fait douloureusement \u00e9cho \u00e0 l\u2019assassinat\u00a0<a href=\"http:\/\/www.lefigaro.fr\/nantes\/a-20-minutes-pres-ca-aurait-pu-etre-moi-vive-emotion-apres-l-attaque-au-couteau-dans-un-lycee-de-nantes-20250425\" target=\"_blank\" data-fig-type=\"NewsFlash\" rel=\"noopener\" data-gtm-custom-categorie=\"navigation\" data-gtm-custom-action=\"crossclick\" data-gtm-custom-label=\"Contextuel\" data-gtm-event=\"customEventSPE\" data-fig-domain=\"LEFIGARO\">de Lor\u00e8ne<\/a>,\u00a0<a href=\"http:\/\/www.lefigaro.fr\/nantes\/attaque-au-couteau-a-nantes-au-lendemain-du-drame-des-interrogations-sur-le-profil-du-tueur-20250425\" target=\"_blank\" data-fig-type=\"NewsFlash\" rel=\"noopener\" data-gtm-custom-categorie=\"navigation\" data-gtm-custom-action=\"crossclick\" data-gtm-custom-label=\"Contextuel\" data-gtm-event=\"customEventSPE\" data-fig-domain=\"LEFIGARO\">\u00e0 Nantes<\/a>, un mois et demi plus t\u00f4t. Le 24 avril, la jeune fille a \u00e9t\u00e9 tu\u00e9e de 57 coups de couteau par un adolescent de son lyc\u00e9e.<\/p>\n<p class=\"fig-paragraph\">\u00abMalheureusement, \u00e7a nous conforte \u00e0 nouveau dans la n\u00e9cessit\u00e9 de faire bouger les lignes\u00bb, ont r\u00e9agi les parents de Lor\u00e8ne, dans un message publi\u00e9 sur la page de\u00a0<a href=\"https:\/\/app.lacagnottedesproches.fr\/cagnotte\/protegeons-lavenir-de-nos-enfants\/\" target=\"_blank\" rel=\"noopener\" data-gtm-custom-categorie=\"navigation\" data-gtm-custom-action=\"crossclick\" data-gtm-custom-label=\"Contextuel\" data-gtm-event=\"customEventSPE\">la cagnotte<\/a>\u00a0qu\u2019ils\u00a0<a href=\"http:\/\/www.lefigaro.fr\/nantes\/attaque-au-couteau-a-nantes-la-cagnotte-lancee-par-les-parents-de-lorene-a-permis-de-recolter-presque-50-000-20250512\" target=\"_blank\" data-fig-type=\"NewsFlash\" rel=\"noopener\" data-gtm-custom-categorie=\"navigation\" data-gtm-custom-action=\"crossclick\" data-gtm-custom-label=\"Contextuel\" data-gtm-event=\"customEventSPE\" data-fig-domain=\"LEFIGARO\">avaient lanc\u00e9e<\/a>\u00a0\u00e0 destination de l\u2019aide psychologique \u00e0 l\u2019enfance, et dont le montant d\u00e9passe d\u00e9sormais les 58.000 euros. Le couple \u00e9voque un \u00abdrame qui laisse une nouvelle famille meurtrie, des adolescents et une \u00e9quipe \u00e9ducative traumatis\u00e9s\u2026 et qui prouve le manque d\u2019accompagnement des jeunes dans le domaine de la sant\u00e9 mentale sur les aspects de la pr\u00e9vention, de la d\u00e9tection et du soin en France\u00bb. Ils estiment que \u00able besoin d\u2019accompagnement en psychiatrie est criant\u00bb.<\/p>\n<p>Sant\u00e9 mentale<\/p>\n<p class=\"fig-paragraph\">Dans le cas nantais,\u00a0<a href=\"http:\/\/www.lefigaro.fr\/nantes\/idees-nazies-adolescent-fragile-qui-est-l-assaillant-responsable-de-l-attaque-dans-un-lycee-a-nantes-20250424\" target=\"_blank\" data-fig-type=\"Article\" rel=\"noopener\" data-gtm-custom-categorie=\"navigation\" data-gtm-custom-action=\"crossclick\" data-gtm-custom-label=\"Contextuel\" data-gtm-event=\"customEventSPE\" data-fig-domain=\"LEFIGARO\">l\u2019auteur des faits<\/a>, Justin P., qui a bless\u00e9 trois autres jeunes, pr\u00e9sente un\u00a0<a href=\"http:\/\/www.lefigaro.fr\/nantes\/lyceenne-tuee-a-nantes-le-suspect-etait-fascine-par-hitler-et-a-donne-57-coups-de-couteau-a-sa-victime-20250425\" target=\"_blank\" data-fig-type=\"NewsFlash\" rel=\"noopener\" data-gtm-custom-categorie=\"navigation\" data-gtm-custom-action=\"crossclick\" data-gtm-custom-label=\"Contextuel\" data-gtm-event=\"customEventSPE\" data-fig-domain=\"LEFIGARO\">profil complexe<\/a>. D\u00e9crit comme solitaire, fascin\u00e9 par Hitler, il s\u2019est rendu plusieurs fois \u00e0 la maison des adolescents de Nantes, lieu d\u2019\u00e9coute et de soutien d\u00e9di\u00e9 aux 11-21 ans, avant de passer \u00e0 l\u2019acte. Le jour du drame, il a \u00e9t\u00e9 interpell\u00e9 mais sa garde \u00e0 vue a \u00e9t\u00e9 lev\u00e9e afin qu\u2019il soit intern\u00e9 en h\u00f4pital psychiatrique, o\u00f9 il se trouve toujours actuellement.<\/p>\n<p class=\"fig-paragraph\">Quant \u00e0 Quentin G., scolaris\u00e9 \u00e0 Nogent, celui-ci a \u00e9t\u00e9 plac\u00e9 en d\u00e9tention provisoire et\u00a0<a href=\"http:\/\/www.lefigaro.fr\/actualite-france\/surveillante-tuee-a-nogent-le-collegien-mis-en-examen-pour-meurtre-20250612\" target=\"_blank\" data-fig-type=\"NewsFlash\" rel=\"noopener\" data-gtm-custom-categorie=\"navigation\" data-gtm-custom-action=\"crossclick\" data-gtm-custom-label=\"Contextuel\" data-gtm-event=\"customEventSPE\" data-fig-domain=\"LEFIGARO\">mis en examen<\/a>\u00a0pour \u00abmeurtre sur une personne charg\u00e9e d\u2019une mission de service public\u00bb. Durant sa garde \u00e0 vue, il a d\u00e9clar\u00e9 avoir voulu tuer une surveillante, \u00abn\u2019importe laquelle\u00bb, a indiqu\u00e9 le procureur de la R\u00e9publique de Chaumont, Denis Devallois, d\u00e9crivant un jeune homme \u00absans compassion\u00bb, \u00abfascin\u00e9 par la violence\u00bb et \u00aben perte de rep\u00e8res\u00bb. En revanche, il n\u2019aurait pr\u00e9sent\u00e9 \u00abaucun signe \u00e9voquant un possible trouble mental\u00bb. Dans un communiqu\u00e9 transmis \u00e0 l\u2019AFP, Antoine Chateau, l\u2019avocat du mis en cause, a annonc\u00e9 se dissocier \u00abde certaines affirmations faites\u00bb par le procureur, insistant sur la n\u00e9cessit\u00e9 de mener \u00e0 bien des expertises psychologiques et psychiatriques.<\/p>\n<p>\u00abLes portiques de s\u00e9curit\u00e9 ne construiront un monde plus s\u00fbr\u00bb<\/p>\n<p class=\"fig-paragraph\">Ces deux affaires ont \u00e9mu la France enti\u00e8re et relanc\u00e9 certaines pistes pour\u00a0<a href=\"http:\/\/www.lefigaro.fr\/actualite-france\/portiques-interdiction-de-vente-de-couteaux-restriction-des-reseaux-sociaux-que-valent-les-pistes-evoquees-pour-endiguer-la-violence-des-mineurs-20250611\" target=\"_blank\" data-fig-type=\"NewsFlash\" rel=\"noopener\" data-gtm-custom-categorie=\"navigation\" data-gtm-custom-action=\"crossclick\" data-gtm-custom-label=\"Contextuel\" data-gtm-event=\"customEventSPE\" data-fig-domain=\"LEFIGARO\">endiguer la violence des mineurs<\/a>.\u00a0<a href=\"https:\/\/video.lefigaro.fr\/figaro\/video\/surveillante-tuee-a-nogent-francois-bayrou-favorable-a-lexperimentation-de-portiques-a-lentree-des-colleges\/\" target=\"_blank\" data-fig-type=\"Video\" rel=\"noopener\" data-gtm-custom-categorie=\"navigation\" data-gtm-custom-action=\"crossclick\" data-gtm-custom-label=\"Contextuel\" data-gtm-event=\"customEventSPE\" data-fig-domain=\"VIDEO\">Invit\u00e9 de TF1<\/a>, le premier ministre Fran\u00e7ois Bayrou s\u2019est dit favorable \u00e0 l\u2019exp\u00e9rimentation de\u00a0<a href=\"http:\/\/www.lefigaro.fr\/actualite-france\/portiques-de-securite-devant-les-ecoles-une-mesure-couteuse-inefficace-et-anxiogene-critique-yael-braun-pivet-20250611\" target=\"_blank\" data-fig-type=\"NewsFlash\" rel=\"noopener\" data-gtm-custom-categorie=\"navigation\" data-gtm-custom-action=\"crossclick\" data-gtm-custom-label=\"Contextuel\" data-gtm-event=\"customEventSPE\" data-fig-domain=\"LEFIGARO\">portiques<\/a>\u00a0permettant de d\u00e9tecter les armes \u00e0 l\u2019entr\u00e9e des \u00e9tablissements. \u00ab\u00c7a va participer \u00e0 r\u00e9pandre dans l\u2019esprit de tous les \u00e9l\u00e8ves et leurs parents l\u2019id\u00e9e que le couteau est interdit, parce qu\u2019il est dangereux, y compris pour celui qui le porte\u00bb, a d\u00e9fendu le\u00a0<a href=\"http:\/\/www.lefigaro.fr\/flash-actu\/premier-ministre-a-mi-temps-le-choix-de-francois-bayrou-de-rester-maire-de-pau-suscite-la-polemique-20241216\" target=\"_blank\" data-fig-type=\"NewsFlash\" rel=\"noopener\" data-gtm-custom-categorie=\"navigation\" data-gtm-custom-action=\"crossclick\" data-gtm-custom-label=\"Contextuel\" data-gtm-event=\"customEventSPE\" data-fig-domain=\"LEFIGARO\">maire de Pau<\/a>.<\/p>\n<p class=\"fig-paragraph\">Cette id\u00e9e n\u2019est pas nouvelle. En mai d\u00e9j\u00e0, le chef d\u2019\u00e9tablissement de Notre-Dame-de-Toutes-Aides, th\u00e9\u00e2tre du drame nantais, s\u2019\u00e9tait \u00e9rig\u00e9 contre cette id\u00e9e dans un message sur LinkedIn. \u00abCe ne sont certainement pas des\u00a0<a href=\"http:\/\/www.lefigaro.fr\/actualite-france\/attaque-au-couteau-a-nantes-le-drame-relance-la-polemique-sur-la-securisation-des-etablissements-20250425\" target=\"_blank\" data-fig-type=\"Article\" rel=\"noopener\" data-gtm-custom-categorie=\"navigation\" data-gtm-custom-action=\"crossclick\" data-gtm-custom-label=\"Contextuel\" data-gtm-event=\"customEventSPE\" data-fig-domain=\"LEFIGARO\">portiques de s\u00e9curit\u00e9<\/a> \u00a0qui construiront un monde plus s\u00fbr. Ce sont les valeurs que nous transmettons chaque jour\u00a0: le respect, la fraternit\u00e9, l\u2019\u00e9coute, la solidarit\u00e9, le partage, la responsabilit\u00e9, la vie\u2026 Ce sont les postures d\u2019adultes que nous montrons \u00e0 nos jeunes ; nous avons la responsabilit\u00e9 de leur offrir des rep\u00e8res dignes et solides, pour les encourager \u00e0 se construire sainement. Voil\u00e0 les vrais sujets qu\u2019il nous faut poser\u00bb, avait soutenu Pierre Cappelaere, \u00e0 l\u2019instar d\u2019autres acteurs \u00e9ducatifs. Parmi les pistes envisag\u00e9es par l\u2019ex\u00e9cutif se trouvent aussi le sujet de la\u00a0<a href=\"http:\/\/sante.lefigaro.fr\/social\/sante-publique\/sante-mentale-et-psychiatrie-le-gouvernement-devoile-son-ordonnance-20250612\" target=\"_blank\" data-fig-type=\"NewsFlash\" rel=\"noopener\" data-gtm-custom-categorie=\"navigation\" data-gtm-custom-action=\"crossclick\" data-gtm-custom-label=\"Contextuel\" data-gtm-event=\"customEventSPE\" data-fig-domain=\"SANTE\">sant\u00e9 mentale<\/a>, ou encore\u00a0<a href=\"http:\/\/www.lefigaro.fr\/actualite-france\/portiques-interdiction-de-vente-de-couteaux-restriction-des-reseaux-sociaux-que-valent-les-pistes-evoquees-pour-endiguer-la-violence-des-mineurs-20250611\" data-fig-type=\"NewsFlash\" data-gtm-custom-categorie=\"navigation\" data-gtm-custom-action=\"crossclick\" data-gtm-custom-label=\"Contextuel\" data-gtm-event=\"customEventSPE\" data-fig-domain=\"LEFIGARO\" target=\"_blank\" rel=\"noopener\">l\u2019interdiction de vente des couteaux et des r\u00e9seaux sociaux<\/a>\u00a0pour les plus jeunes.<\/p>\n","protected":false},"excerpt":{"rendered":"Dans un bref message, la famille de la jeune fille tu\u00e9e par un \u00e9l\u00e8ve de son \u00e9tablissement appelle&hellip;\n","protected":false},"author":2,"featured_media":173929,"comment_status":"","ping_status":"","sticky":false,"template":"","format":"standard","meta":{"footnotes":""},"categories":[2818],"tags":[1111,11,14118,1777,674,462,1011,27,2640,2642,766,2638,2643,2637,2639,2646,2645,2641,2635,2644,2647,12,2636,25],"class_list":{"0":"post-173928","1":"post","2":"type-post","3":"status-publish","4":"format-standard","5":"has-post-thumbnail","7":"category-nantes","8":"tag-actu","9":"tag-actualites","10":"tag-attaque-au-couteau","11":"tag-eu","12":"tag-europe","13":"tag-fc-nantes","14":"tag-fr","15":"tag-france","16":"tag-hauts-paves-saint-felix","17":"tag-ile-de-nantes","18":"tag-nantes","19":"tag-nantes-bellevue-chantenay-sainte-anne","20":"tag-nantes-breil-barberie","21":"tag-nantes-centre-ville","22":"tag-nantes-dervallieres-zola","23":"tag-nantes-doulon-bottiere","24":"tag-nantes-erdre","25":"tag-nantes-malakoff-saint-donatien","26":"tag-nantes-metropole","27":"tag-nantes-nord","28":"tag-nantes-sud","29":"tag-news","30":"tag-pays-de-la-loire","31":"tag-republique-francaise"},"share_on_mastodon":{"url":"https:\/\/pubeurope.com\/@fr\/114677341438405416","error":""},"_links":{"self":[{"href":"https:\/\/www.europesays.com\/fr\/wp-json\/wp\/v2\/posts\/173928","targetHints":{"allow":["GET"]}}],"collection":[{"href":"https:\/\/www.europesays.com\/fr\/wp-json\/wp\/v2\/posts"}],"about":[{"href":"https:\/\/www.europesays.com\/fr\/wp-json\/wp\/v2\/types\/post"}],"author":[{"embeddable":true,"href":"https:\/\/www.europesays.com\/fr\/wp-json\/wp\/v2\/users\/2"}],"replies":[{"embeddable":true,"href":"https:\/\/www.europesays.com\/fr\/wp-json\/wp\/v2\/comments?post=173928"}],"version-history":[{"count":0,"href":"https:\/\/www.europesays.com\/fr\/wp-json\/wp\/v2\/posts\/173928\/revisions"}],"wp:featuredmedia":[{"embeddable":true,"href":"https:\/\/www.europesays.com\/fr\/wp-json\/wp\/v2\/media\/173929"}],"wp:attachment":[{"href":"https:\/\/www.europesays.com\/fr\/wp-json\/wp\/v2\/media?parent=173928"}],"wp:term":[{"taxonomy":"category","embeddable":true,"href":"https:\/\/www.europesays.com\/fr\/wp-json\/wp\/v2\/categories?post=173928"},{"taxonomy":"post_tag","embeddable":true,"href":"https:\/\/www.europesays.com\/fr\/wp-json\/wp\/v2\/tags?post=173928"}],"curies":[{"name":"wp","href":"https:\/\/api.w.org\/{rel}","templated":true}]}}