{"id":173942,"date":"2025-06-13T18:01:10","date_gmt":"2025-06-13T18:01:10","guid":{"rendered":"https:\/\/www.europesays.com\/fr\/173942\/"},"modified":"2025-06-13T18:01:10","modified_gmt":"2025-06-13T18:01:10","slug":"rugby-france-italie-a-lille-en-fevrier-2026","status":"publish","type":"post","link":"https:\/\/www.europesays.com\/fr\/173942\/","title":{"rendered":"Rugby France-Italie \u00e0 Lille en f\u00e9vrier 2026"},"content":{"rendered":"<p><img decoding=\"async\" src=\"https:\/\/www.europesays.com\/fr\/wp-content\/uploads\/2025\/06\/France-v-Italie-Coupe-du-Monde-de-Rugby-France-2023-min-678x381.jpg\" alt=\"Rugby France-Italie \u00e0 Lille\" title=\"France-v-Italie-Coupe-du-Monde-de-Rugby-France-2023-min\"\/><br \/>\nLe stade Pierre-Mauroy avait d\u00e9j\u00e0 accueilli le match de Coupe du Monde entre la France et l&rsquo;Uruguay (Photo Michael Steele &#8211; World Rugby\/World Rugby via Getty Images)<\/p>\n<p><strong>Deux ans apr\u00e8s une d\u00e9localisation due \u00e0 la pr\u00e9paration des Jeux Olympiques, Lille et le stade Pierre-Mauroy vont retrouver un match France-Italie comptant pour le tournoi des VI Nations de rugby . Ce sera le dimanche 22 f\u00e9vrier \u00e0 16h10. Et en prime, le Stadium Lille M\u00e9tropole recevra le m\u00eame week-end la version U20 (les espoirs). De quoi ravir les amateurs de rugby de plus en plus nombreux dans les Hauts-de-France.<\/strong><\/p>\n<p>La F\u00e9d\u00e9ration fran\u00e7aise annon\u00e7ait cette d\u00e9localisation pas vraiment attendue dans un communiqu\u00e9 paru ce vendredi matin. \u00ab\u00a0D\u00e9termin\u00e9e \u00e0 faire vibrer tout le territoire,\u00a0<strong>la F\u00e9d\u00e9ration Fran\u00e7aise de Rugby (FFR) multiplie les matchs en r\u00e9gion<\/strong>\u00a0: une volont\u00e9 claire de rapprocher les Bleu(e)s de tous leurs supporters, partout en France.\u00a0\u00bb<\/p>\n<p>C\u2019est ainsi qu\u2019hormis ces deux rencontres des Tournois 2026 \u00e0 Villeneuve-d\u2019Ascq, Bordeaux accueillera aussi deux fois les \u00e9quipes de France. Le XV de France masculin jouera ainsi son match de la tourn\u00e9e d\u2019automne contre les Fidji le samedi 15 novembre \u00e0 21h10 au stade Atlantique Bordeaux M\u00e9tropole. Le nouveau stade de Bordeaux recevra aussi l\u2019\u00e9quipe de France f\u00e9minine dans le cadre du Tournoi des VI Nations. Ce sera le \u00ab\u00a0crunch\u00a0\u00bb contre l\u2019Angleterre le samedi 17 mai \u00e0 17h45. \u00ab\u00a0Organiser ce match du XV de France F\u00e9minin dans une enceinte de 42 000 places est un choix fort : jamais une \u00e9quipe de France f\u00e9minine n\u2019avait jou\u00e9 dans une telle jauge sur le sol fran\u00e7ais.\u00a0\u00bb<\/p>\n<p>Le communiqu\u00e9 r\u00e9sume ainsi. \u00ab\u00a0Les Equipes de France auront l\u2019occasion d\u2019aller<strong>\u00a0\u00e0 la rencontre de leurs publics \u00e0 Bordeaux et \u00e0 Lille<\/strong>, deux villes qui ont d\u00e9j\u00e0 prouv\u00e9 leur attachement au rugby en accueillant des matchs \u00e0 guichets ferm\u00e9s ces derni\u00e8res ann\u00e9es et o\u00f9 la ferveur des supporters est toujours au rendez-vous !\u00a0\u00bb<\/p>\n<p>Une vraie r\u00e9ussite au stade Pierre-Mauroy<\/p>\n<p>En f\u00e9vrier 2024, le grand stade de la M\u00e9tropole europ\u00e9enne de Lille avait en effet re\u00e7u le match France-Italie de rugby , comptant pour le prestigieux Tournoi des VI Nations. C\u2019\u00e9tait le 25 f\u00e9vrier lors de la 3\u00e8 journ\u00e9e du Tournoi. A la surprise g\u00e9n\u00e9rale, <a href=\"https:\/\/sports-infos-nord-de-france.fr\/rugby-des-bleus-a-cote-de-la-plaque-contre-l-italie-a-lille-france\/\" target=\"_blank\" rel=\"noopener\">le XV de France avait \u00e9t\u00e9 tenu en \u00e9chec par la modeste Squadra Azzura<\/a> (13-13), apr\u00e8s avoir fris\u00e9 la d\u00e9faite.<\/p>\n<p>L\u2019Ar\u00e9na D\u00e9cathlon accueillait pour la 1\u00e8 fois de son histoire un match du Tournoi VI Nations. C\u2019\u00e9tait \u00e0 cause de la pr\u00e9paration des Jeux Olympiques, pour laquelle le Stade de France \u00e0 Saint-Denis \u00e9tait d\u00e9j\u00e0 r\u00e9quisitionn\u00e9.<\/p>\n<p>Quelques mois auparavant, l\u2019enceinte villeneuvoise avait d\u00e9j\u00e0 re\u00e7u un duel latin entre la France et l\u2019IUruguay. C\u2019\u00e9tait cette fois dans le cadre de la Coupe du Monde de rugby 2023. Et l\u00e0, les Bleus sans <strong>Antoine Dupont <\/strong>avaient battu sans convaincre les Sud-Am\u00e9ricains 43-28. Autant dire que le XV de France devra ainsi une revanche aux supporters fran\u00e7ais, qui avaient rempli le stade \u00e0 ces deux occasions.<\/p>\n<p>Les billets bient\u00f4t en vente<\/p>\n<p>Le pr\u00e9sident de la MEL, <strong>Damien Castelain<\/strong>, \u00e9tait le premier \u00e0 s\u2019en r\u00e9jouir. On conna\u00eet en effet sa volont\u00e9 de voir chaque ann\u00e9e un grand \u00e9v\u00e9nement sportif organis\u00e9 dans la m\u00e9tropole europ\u00e9enne de Lille. <\/p>\n<p>Le stadium de Villeneuve-d\u2019Ascq avait aussi accueilli un match du Tournoi des VI Nations f\u00e9minin. C\u2019\u00e9tait un France-Ecosse. Le match avait lieu le 23 f\u00e9vrier 2019. Et il avait vu la victoire des Bleues emmen\u00e9es par <strong>les soeurs <a href=\"https:\/\/sports-infos-nord-de-france.fr\/rugby-romane-menager-forfait-pour-la-coupe-du-monde-feminine-en-angleterre\/\" target=\"_blank\" rel=\"noopener\">Romane et Marine M\u00e9nager<\/a><\/strong>, deux joueuses du cru. Les Trois Tournois des VI Nations de rugby (hommes, femmes, espoirs) seront donc pass\u00e9s par Lille.<\/p>\n<p><strong>Deux packs billetterie<\/strong>\u00a0seront tr\u00e8s prochainement mis en vente pour ces 4 rencontres :\u00a0<\/p>\n<ul class=\"wp-block-list\">\n<li><strong>Pack Bordeaux<\/strong>\u00a0: France \u2013 Fidji (XV de France Masculin) \/ France \u2013 Angleterre (XV de France F\u00e9minin)<\/li>\n<li><strong>Pack Lille\u00a0<\/strong>: France \u2013 Italie (XV de France Masculin) \/ France \u2013 Italie (U20 France Masculin)<\/li>\n<\/ul>\n<tr>\n<td><strong>Pour ne pas rater ces grands rendez-vous du Rugby Fran\u00e7ais, la F\u00e9d\u00e9ration a ouvert ses alertes billetterie :\u00a0<\/strong><\/td>\n<\/tr>\n","protected":false},"excerpt":{"rendered":"Le stade Pierre-Mauroy avait d\u00e9j\u00e0 accueilli le match de Coupe du Monde entre la France et l&rsquo;Uruguay (Photo&hellip;\n","protected":false},"author":2,"featured_media":173943,"comment_status":"","ping_status":"","sticky":false,"template":"","format":"standard","meta":{"footnotes":""},"categories":[2815],"tags":[1111,11,64,1777,674,1011,27,30909,811,1307,12,25,479,13595,30910,9621,22238],"class_list":{"0":"post-173942","1":"post","2":"type-post","3":"status-publish","4":"format-standard","5":"has-post-thumbnail","7":"category-lille","8":"tag-actu","9":"tag-actualites","10":"tag-equipe-de-france","11":"tag-eu","12":"tag-europe","13":"tag-fr","14":"tag-france","15":"tag-france-italie","16":"tag-hauts-de-france","17":"tag-lille","18":"tag-news","19":"tag-republique-francaise","20":"tag-rugby","21":"tag-stade-pierre-mauroy","22":"tag-stadium-nord","23":"tag-tournoi","24":"tag-villeneuve-dascq"},"share_on_mastodon":{"url":"https:\/\/pubeurope.com\/@fr\/114677369064276277","error":""},"_links":{"self":[{"href":"https:\/\/www.europesays.com\/fr\/wp-json\/wp\/v2\/posts\/173942","targetHints":{"allow":["GET"]}}],"collection":[{"href":"https:\/\/www.europesays.com\/fr\/wp-json\/wp\/v2\/posts"}],"about":[{"href":"https:\/\/www.europesays.com\/fr\/wp-json\/wp\/v2\/types\/post"}],"author":[{"embeddable":true,"href":"https:\/\/www.europesays.com\/fr\/wp-json\/wp\/v2\/users\/2"}],"replies":[{"embeddable":true,"href":"https:\/\/www.europesays.com\/fr\/wp-json\/wp\/v2\/comments?post=173942"}],"version-history":[{"count":0,"href":"https:\/\/www.europesays.com\/fr\/wp-json\/wp\/v2\/posts\/173942\/revisions"}],"wp:featuredmedia":[{"embeddable":true,"href":"https:\/\/www.europesays.com\/fr\/wp-json\/wp\/v2\/media\/173943"}],"wp:attachment":[{"href":"https:\/\/www.europesays.com\/fr\/wp-json\/wp\/v2\/media?parent=173942"}],"wp:term":[{"taxonomy":"category","embeddable":true,"href":"https:\/\/www.europesays.com\/fr\/wp-json\/wp\/v2\/categories?post=173942"},{"taxonomy":"post_tag","embeddable":true,"href":"https:\/\/www.europesays.com\/fr\/wp-json\/wp\/v2\/tags?post=173942"}],"curies":[{"name":"wp","href":"https:\/\/api.w.org\/{rel}","templated":true}]}}