{"id":173944,"date":"2025-06-13T18:02:09","date_gmt":"2025-06-13T18:02:09","guid":{"rendered":"https:\/\/www.europesays.com\/fr\/173944\/"},"modified":"2025-06-13T18:02:09","modified_gmt":"2025-06-13T18:02:09","slug":"il-faut-dire-a-ces-jeunes-quil-y-a-un-chemin-pour-chacun-deux","status":"publish","type":"post","link":"https:\/\/www.europesays.com\/fr\/173944\/","title":{"rendered":"Il faut dire \u00e0 ces jeunes qu&rsquo;il y a un chemin pour chacun d&rsquo;eux"},"content":{"rendered":"<p>\u00ab\u00a0Je viens d&rsquo;un petit village, ma m\u00e8re \u00e9tait institutrice&#8230; Jamais je n&rsquo;aurais imagin\u00e9 devenir Premier ministre. \u00c7a veut dire que tout est possible.\u00a0\u00bb Vendredi 13 juin au matin, l&rsquo;ancien Premier ministre Jean Castex, qui pr\u00e9side depuis 2022 la Fondation agir contre l&rsquo;exclusion (Face), est all\u00e9 \u00e0 la rencontre, avec la <a href=\"https:\/\/www.laprovence.com\/article\/region\/3629341075244514\/il-faut-monter-en-regime-a-marseille-la-ministre-de-la-ville-met-l-accent-sur-la-sante-mentale-des-jeunes\" target=\"_blank\" rel=\"noopener\">ministre d\u00e9l\u00e9gu\u00e9e charg\u00e9e de la Ville, Juliette M\u00e9adel<\/a>, des \u00e9l\u00e8ves du coll\u00e8ge Giono (13e).<\/p>\n<p>Apr\u00e8s avoir assist\u00e9 \u00e0 une session de stand-up au cours de laquelle une artiste, une consultante et un PDG leur ont pr\u00e9sent\u00e9 leur parcours de mani\u00e8re ludique, ces coll\u00e9giens de 4e et 3e ont pu \u00e9changer avec Jean Castex, Juliette M\u00e9adel et <a href=\"https:\/\/www.laprovence.com\/article\/region\/1429516818489714\/exclusif-securite-dans-les-transports-ses-relations-avec-payan-rn-et-lfi-le-grand-entretien-de-martine-vassal\" target=\"_blank\" rel=\"noopener\">Martine Vassal, la pr\u00e9sidente (DVD) du Conseil d\u00e9partemental<\/a>. \u00ab\u00a0Nous allons avec Face dans des quartiers prioritaires de la ville (QPV), o\u00f9 les conditions de vie sont parfois plus difficiles, explique Jean Castex. Notre r\u00f4le, c&rsquo;est de dire \u00e0 ces jeunes qu&rsquo;il y a un chemin pour chacun d&rsquo;eux. L&rsquo;\u00c9ducation nationale les aide, mais aussi les entreprises.\u00a0\u00bb<\/p>\n<p>Pas moins de 151\u00a0entreprises s&rsquo;engagent ainsi aupr\u00e8s du club Face Sud Provence. \u00ab\u00a0Nous accueillons des jeunes en stage, nous faisons du mentorat,\u00a0etc. L&rsquo;objectif est de lever les freins \u00e0 la r\u00e9ussite scolaire et professionnelle\u00a0\u00bb, explique Sofiane Benhabib, le pr\u00e9sident de Face Sud Provence, par ailleurs dirigeant du laboratoire de biologie m\u00e9dical Synlab Provence. \u00c0 leurs c\u00f4t\u00e9s, la ministre de la Ville rappelle que le dispositif national initi\u00e9 en\u00a02018 \u00ab\u00a0Les entreprises s&rsquo;engagent\u00a0\u00bb, dont Face Sud Provence est un des animateurs, a d&rsquo;ores et d\u00e9j\u00e0 permis en France \u00e0 \u00ab\u00a0110\u00a0000 jeunes des QPV de trouver un emploi\u00a0\u00bb.<\/p>\n","protected":false},"excerpt":{"rendered":"\u00ab\u00a0Je viens d&rsquo;un petit village, ma m\u00e8re \u00e9tait institutrice&#8230; Jamais je n&rsquo;aurais imagin\u00e9 devenir Premier ministre. \u00c7a veut&hellip;\n","protected":false},"author":2,"featured_media":173945,"comment_status":"","ping_status":"","sticky":false,"template":"","format":"standard","meta":{"footnotes":""},"categories":[2814],"tags":[17,1111,11,30911,19234,1777,674,8290,1011,27,3707,13392,30912,884,12,882,16,25],"class_list":{"0":"post-173944","1":"post","2":"type-post","3":"status-publish","4":"format-standard","5":"has-post-thumbnail","7":"category-marseille","8":"tag-17","9":"tag-actu","10":"tag-actualites","11":"tag-castex","12":"tag-defend","13":"tag-eu","14":"tag-europe","15":"tag-faut","16":"tag-fr","17":"tag-france","18":"tag-il","19":"tag-jean","20":"tag-linclusion","21":"tag-marseille","22":"tag-news","23":"tag-provence-alpes-cote-dazur","24":"tag-region","25":"tag-republique-francaise"},"share_on_mastodon":{"url":"https:\/\/pubeurope.com\/@fr\/114677372959186872","error":""},"_links":{"self":[{"href":"https:\/\/www.europesays.com\/fr\/wp-json\/wp\/v2\/posts\/173944","targetHints":{"allow":["GET"]}}],"collection":[{"href":"https:\/\/www.europesays.com\/fr\/wp-json\/wp\/v2\/posts"}],"about":[{"href":"https:\/\/www.europesays.com\/fr\/wp-json\/wp\/v2\/types\/post"}],"author":[{"embeddable":true,"href":"https:\/\/www.europesays.com\/fr\/wp-json\/wp\/v2\/users\/2"}],"replies":[{"embeddable":true,"href":"https:\/\/www.europesays.com\/fr\/wp-json\/wp\/v2\/comments?post=173944"}],"version-history":[{"count":0,"href":"https:\/\/www.europesays.com\/fr\/wp-json\/wp\/v2\/posts\/173944\/revisions"}],"wp:featuredmedia":[{"embeddable":true,"href":"https:\/\/www.europesays.com\/fr\/wp-json\/wp\/v2\/media\/173945"}],"wp:attachment":[{"href":"https:\/\/www.europesays.com\/fr\/wp-json\/wp\/v2\/media?parent=173944"}],"wp:term":[{"taxonomy":"category","embeddable":true,"href":"https:\/\/www.europesays.com\/fr\/wp-json\/wp\/v2\/categories?post=173944"},{"taxonomy":"post_tag","embeddable":true,"href":"https:\/\/www.europesays.com\/fr\/wp-json\/wp\/v2\/tags?post=173944"}],"curies":[{"name":"wp","href":"https:\/\/api.w.org\/{rel}","templated":true}]}}