{"id":173948,"date":"2025-06-13T18:04:11","date_gmt":"2025-06-13T18:04:11","guid":{"rendered":"https:\/\/www.europesays.com\/fr\/173948\/"},"modified":"2025-06-13T18:04:11","modified_gmt":"2025-06-13T18:04:11","slug":"rhone-rodeo-en-voiture-dans-le-centre-de-lyon-apres-avoir-fume-du-cannabis","status":"publish","type":"post","link":"https:\/\/www.europesays.com\/fr\/173948\/","title":{"rendered":"Rh\u00f4ne. Rod\u00e9o en voiture dans le centre de Lyon apr\u00e8s avoir fum\u00e9 du cannabis"},"content":{"rendered":"<p>Un automobiliste de 27 ans, tr\u00e8s d\u00e9favorablement connu, a donn\u00e9 du fil \u00e0 retordre aux forces de l\u2019ordre dans la soir\u00e9e du mercredi 11\u00a0juin.<\/p>\n<p>Vers 23 heures, des policiers l\u2019ont rep\u00e9r\u00e9 dans le secteur de la place Bellecour, o\u00f9 il faisait du rod\u00e9o au volant de sa voiture. Encha\u00eenant les acc\u00e9l\u00e9rations et les freinages, tout en faisant vrombir le moteur, il conduisait dangereusement et les policiers ont d\u00e9cid\u00e9 de la contr\u00f4ler.<\/p>\n<p>  De la place Bellecour \u00e0 Grigny<\/p>\n<p>Dans un premier temps, l\u2019individu a fait mine de se ranger sur le c\u00f4t\u00e9 mais il a red\u00e9marr\u00e9 en trombe, pour prendre la fuite en direction du sud, via la M7. Suivi par la police, il a ensuite pris l\u2019A47 qu\u2019il a quitt\u00e9 \u00e0 Givors Centre pour se diriger vers Grigny.<\/p>\n<p>\u00c0 ce moment, ses poursuivants l\u2019ont perdu de vue, mais ont rapidement rep\u00e9r\u00e9 la voiture, gar\u00e9e derri\u00e8re un magasin de la zone industrielle. Elle \u00e9tait vide mais un homme et une femme qui se cachaient \u00e0 proximit\u00e9 ont \u00e9t\u00e9 interpell\u00e9s.<\/p>\n<p>Ce contenu est bloqu\u00e9 car vous n&rsquo;avez pas accept\u00e9 les cookies et autres traceurs.<\/p>\n<p>En cliquant sur \u00ab J\u2019accepte \u00bb, les cookies et autres traceurs seront d\u00e9pos\u00e9s et vous pourrez visualiser les contenus  (<a href=\"\" class=\"consentModule_policy\" target=\"_blank\" title=\"Consulter la politique de protection des donn\u00e9es du fournisseur\">plus d&rsquo;informations<\/a>).<\/p>\n<p>En cliquant sur \u00ab J\u2019accepte tous les cookies \u00bb, vous autorisez des d\u00e9p\u00f4ts de cookies et autres traceurs pour le stockage de vos donn\u00e9es sur nos sites et applications \u00e0 des fins de personnalisation et de ciblage publicitaire.<\/p>\n<p class=\"consentModule_secondaryText\">Vous gardez la possibilit\u00e9 de retirer votre consentement \u00e0 tout moment en consultant notre <a href=\"https:\/\/www.leprogres.fr\/protection-des-donnees\" target=\"_blank\" title=\"Consulter notre politique de protection des donn\u00e9es\" rel=\"nofollow noopener\">politique de protection des donn\u00e9es<\/a>. <br \/>&#13;<br \/>\n            <a href=\"https:\/\/www.leprogres.fr\/faits-divers-justice\/2025\/06\/13\/javascript:Didomi.notice.show()\" class=\"consentModule_cmp\" rel=\"nofollow noopener\" target=\"_blank\">G\u00e9rer mes choix<\/a>&#13;\n        <\/p>\n<p>&#13;<br \/>\n                        J&rsquo;accepte&#13;<br \/>\n            J&rsquo;accepte tous les cookies&#13;\n        <\/p>\n<p>  Permis de conduire suspendu<\/p>\n<p>L\u2019homme a \u00e9t\u00e9 plac\u00e9 en garde \u00e0 vue, tandis que sa passag\u00e8re \u00e9tait entendue en tant que t\u00e9moin. Le d\u00e9pistage de stup\u00e9fiants pratiqu\u00e9 sur l\u2019automobiliste, qui conduisait malgr\u00e9 la suspension de son permis de conduire, s\u2019est r\u00e9v\u00e9l\u00e9 positif au cannabis.<\/p>\n<p>Lors de son audition, il a reconnu en partie les faits et a \u00e9t\u00e9 pr\u00e9sent\u00e9 ce vendredi 13\u00a0juin au parquet en vue d\u2019une comparution imm\u00e9diate pour <a href=\"https:\/\/www.leprogres.fr\/faits-divers-justice\/2022\/04\/05\/rodeos-urbains-meme-si-on-se-fait-arreter-on-va-recommencer\" target=\"_blank\" rel=\"nofollow noopener\"> rod\u00e9o aggrav\u00e9<\/a> , refus d\u2019obtemp\u00e9rer, conduite sans permis et sous stup\u00e9fiants. La passag\u00e8re a \u00e9t\u00e9 laiss\u00e9e libre.<\/p>\n","protected":false},"excerpt":{"rendered":"Un automobiliste de 27 ans, tr\u00e8s d\u00e9favorablement connu, a donn\u00e9 du fil \u00e0 retordre aux forces de l\u2019ordre&hellip;\n","protected":false},"author":2,"featured_media":173949,"comment_status":"","ping_status":"","sticky":false,"template":"","format":"standard","meta":{"footnotes":""},"categories":[1889],"tags":[1111,11,2430,271,272,2757,1777,674,274,1011,27,2428,12354,12353,12,25,2429],"class_list":{"0":"post-173948","1":"post","2":"type-post","3":"status-publish","4":"format-standard","5":"has-post-thumbnail","7":"category-lyon","8":"tag-actu","9":"tag-actualites","10":"tag-auvergne-rhone-alpes","11":"tag-crime","12":"tag-delit-et-contravention","13":"tag-edition-lyon-villeurbanne","14":"tag-eu","15":"tag-europe","16":"tag-faits-divers-justice","17":"tag-fr","18":"tag-france","19":"tag-lyon","20":"tag-lyon-2e","21":"tag-lyon-2e-arrondissement","22":"tag-news","23":"tag-republique-francaise","24":"tag-rhone"},"share_on_mastodon":{"url":"https:\/\/pubeurope.com\/@fr\/114677380772335369","error":""},"_links":{"self":[{"href":"https:\/\/www.europesays.com\/fr\/wp-json\/wp\/v2\/posts\/173948","targetHints":{"allow":["GET"]}}],"collection":[{"href":"https:\/\/www.europesays.com\/fr\/wp-json\/wp\/v2\/posts"}],"about":[{"href":"https:\/\/www.europesays.com\/fr\/wp-json\/wp\/v2\/types\/post"}],"author":[{"embeddable":true,"href":"https:\/\/www.europesays.com\/fr\/wp-json\/wp\/v2\/users\/2"}],"replies":[{"embeddable":true,"href":"https:\/\/www.europesays.com\/fr\/wp-json\/wp\/v2\/comments?post=173948"}],"version-history":[{"count":0,"href":"https:\/\/www.europesays.com\/fr\/wp-json\/wp\/v2\/posts\/173948\/revisions"}],"wp:featuredmedia":[{"embeddable":true,"href":"https:\/\/www.europesays.com\/fr\/wp-json\/wp\/v2\/media\/173949"}],"wp:attachment":[{"href":"https:\/\/www.europesays.com\/fr\/wp-json\/wp\/v2\/media?parent=173948"}],"wp:term":[{"taxonomy":"category","embeddable":true,"href":"https:\/\/www.europesays.com\/fr\/wp-json\/wp\/v2\/categories?post=173948"},{"taxonomy":"post_tag","embeddable":true,"href":"https:\/\/www.europesays.com\/fr\/wp-json\/wp\/v2\/tags?post=173948"}],"curies":[{"name":"wp","href":"https:\/\/api.w.org\/{rel}","templated":true}]}}