{"id":173952,"date":"2025-06-13T18:06:18","date_gmt":"2025-06-13T18:06:18","guid":{"rendered":"https:\/\/www.europesays.com\/fr\/173952\/"},"modified":"2025-06-13T18:06:18","modified_gmt":"2025-06-13T18:06:18","slug":"nuits-des-forets-2025-en-ile-de-france-le-plein-de-balades-et-ateliers-pour-la-nature","status":"publish","type":"post","link":"https:\/\/www.europesays.com\/fr\/173952\/","title":{"rendered":"Nuits des for\u00eats 2025 en Ile-de-France : le plein de balades et ateliers pour la nature"},"content":{"rendered":"<p><a href=\"https:\/\/94.citoyens.com\/2025\/degustations-conferences-ateliers-spectacles-croisieres-thematiques-sur-la-marne-dans-lest-parisien,16-05-2025.html\" title=\"D\u00e9gustations, conf\u00e9rences, ateliers, spectacles\u2026 croisi\u00e8res th\u00e9matiques sur la Marne dans l\u2019est parisien\" class=\"visuel\" target=\"_blank\" rel=\"noopener\"> <img decoding=\"async\" src=\"https:\/\/www.europesays.com\/fr\/wp-content\/uploads\/2025\/06\/bords-de-marne-2-380x173.jpg\"  class=\"attachment-home-article wp-post-image lazyload\" alt=\"D\u00e9gustations, conf\u00e9rences, ateliers, spectacles\u2026 croisi\u00e8res th\u00e9matiques sur la Marne dans l\u2019est parisien\"\/>  \u00a9 CD\t <\/a> <a href=\"https:\/\/94.citoyens.com\/2025\/degustations-conferences-ateliers-spectacles-croisieres-thematiques-sur-la-marne-dans-lest-parisien,16-05-2025.html\" title=\"D\u00e9gustations, conf\u00e9rences, ateliers, spectacles\u2026 croisi\u00e8res th\u00e9matiques sur la Marne dans l\u2019est parisien\" target=\"_blank\" rel=\"noopener\"> D\u00e9gustations, conf\u00e9rences, ateliers, spectacles\u2026 croisi\u00e8res th\u00e9matiques sur la Marne dans l\u2019est parisien\t<\/a><\/p>\n<p>Les croisi\u00e8res Cap sur la Marne, organis\u00e9es par les offices du tourisme de l\u2019est parisien, reviennent pour la belle saison 2025. Au programme : la d\u00e9couverte de la faune et la flore locale, l\u2019architecture de vill\u00e9giature, l\u2019histoire des studios de cin\u00e9ma, des guinguettes, mais aussi des ateliers cr\u00e9atifs, des concerts ou des croisi\u00e8res d\u00e9gustations\u2026 A\u2026<\/p>\n<p><a href=\"https:\/\/94.citoyens.com\/2025\/a-velo-ou-a-pied-12-balades-passerelles-pour-explorer-les-liens-entre-paris-et-sa-banlieue,14-05-2025.html\" title=\"A v\u00e9lo ou \u00e0 pied\u00a0: des balades passerelles relient Paris et sa banlieue\" class=\"visuel\" target=\"_blank\" rel=\"noopener\"> <img decoding=\"async\" src=\"https:\/\/www.europesays.com\/fr\/wp-content\/uploads\/2025\/06\/bois-cd-380x173.jpg\"  class=\"attachment-home-article wp-post-image lazyload\" alt=\"A v\u00e9lo ou \u00e0 pied\u00a0: des balades passerelles relient Paris et sa banlieue\"\/>  \u00a9 CD\t <\/a> <a href=\"https:\/\/94.citoyens.com\/2025\/a-velo-ou-a-pied-12-balades-passerelles-pour-explorer-les-liens-entre-paris-et-sa-banlieue,14-05-2025.html\" title=\"A v\u00e9lo ou \u00e0 pied\u00a0: des balades passerelles relient Paris et sa banlieue\" target=\"_blank\" rel=\"noopener\"> A v\u00e9lo ou \u00e0 pied\u00a0: des balades passerelles relient Paris et sa banlieue\t<\/a><\/p>\n<p>Faire le lien entre Paris et sa banlieue et entre villes de petite couronne, telle est l\u2019ambition des balades passerelles th\u00e9matiques propos\u00e9es par le collectif Explore Paris, qui f\u00e9d\u00e8re les offices de tourisme du Grand Paris. Des parcours qui jettent des ponts entre les territoires mais aussi entre les \u00e9poques, du pass\u00e9 industriel aux nouveaux\u2026<\/p>\n<p><a href=\"https:\/\/94.citoyens.com\/2025\/fete-de-la-nature-en-seine-saint-denis,23-05-2025.html\" title=\"F\u00eate de la Nature en Seine-Saint-Denis\" class=\"visuel\" target=\"_blank\" rel=\"noopener\"> <img decoding=\"async\" src=\"https:\/\/www.europesays.com\/fr\/wp-content\/uploads\/2025\/06\/oiseau-bdv-2025-380x173.jpg\"  class=\"attachment-home-article wp-post-image lazyload\" alt=\"F\u00eate de la Nature en Seine-Saint-Denis\"\/>  \u00a9 CD\t <\/a> <a href=\"https:\/\/94.citoyens.com\/2025\/fete-de-la-nature-en-seine-saint-denis,23-05-2025.html\" title=\"F\u00eate de la Nature en Seine-Saint-Denis\" target=\"_blank\" rel=\"noopener\"> F\u00eate de la Nature en Seine-Saint-Denis\t<\/a><\/p>\n<p>Jeu de piste, ateliers artistiques r\u00e9cup, tonte de moutons, troc de plantes, d\u00e9couverte des oiseaux et des arbres, balades \u00e0 la rencontre des coccinelles\u2026 les initiatives ne manquent pas en Seine-Saint-Denis, \u00e0 l\u2019occasion de la F\u00eate de la nature qui se tient ce week-end du 23-25 mai.<\/p>\n<p><a href=\"https:\/\/94.citoyens.com\/2025\/nuit-des-musees-2025-en-seine-saint-denis,14-05-2025.html\" title=\"Nuit des Mus\u00e9es 2025 en Seine-Saint-Denis\" class=\"visuel\" target=\"_blank\" rel=\"noopener\"> <img decoding=\"async\" src=\"https:\/\/www.europesays.com\/fr\/wp-content\/uploads\/2025\/06\/musee-fondation-cherqui-380x173.jpg\"  class=\"attachment-home-article wp-post-image lazyload\" alt=\"Nuit des Mus\u00e9es 2025 en Seine-Saint-Denis\"\/>  \u00a9 Fondation Cherqui\t <\/a> <a href=\"https:\/\/94.citoyens.com\/2025\/nuit-des-musees-2025-en-seine-saint-denis,14-05-2025.html\" title=\"Nuit des Mus\u00e9es 2025 en Seine-Saint-Denis\" target=\"_blank\" rel=\"noopener\"> Nuit des Mus\u00e9es 2025 en Seine-Saint-Denis\t<\/a><\/p>\n<p>Pr\u00e8s d\u2019une dizaine de mus\u00e9es de Seine-Saint-Denis participent cette ann\u00e9e \u00e0 la Nuit europ\u00e9enne des mus\u00e9es 2025, ce samedi 17 mai. Le programme par ville.<\/p>\n","protected":false},"excerpt":{"rendered":"\u00a9 CD D\u00e9gustations, conf\u00e9rences, ateliers, spectacles\u2026 croisi\u00e8res th\u00e9matiques sur la Marne dans l\u2019est parisien Les croisi\u00e8res Cap sur&hellip;\n","protected":false},"author":2,"featured_media":173953,"comment_status":"","ping_status":"","sticky":false,"template":"","format":"standard","meta":{"footnotes":""},"categories":[1592],"tags":[1111,11,8466,4396,1130,21655,1129,436,4081,1777,674,1349,4768,7405,1119,1011,27,937,662,3048,873,12,626,3239,10270,25],"class_list":{"0":"post-173952","1":"post","2":"type-post","3":"status-publish","4":"format-standard","5":"has-post-thumbnail","7":"category-ile-de-france","8":"tag-actu","9":"tag-actualites","10":"tag-amazonie","11":"tag-atelier","12":"tag-biodiversite","13":"tag-bords-de-marne","14":"tag-climat","15":"tag-environnement","16":"tag-etudiant","17":"tag-eu","18":"tag-europe","19":"tag-expositions","20":"tag-fete","21":"tag-fontainebleau","22":"tag-formation","23":"tag-fr","24":"tag-france","25":"tag-histoire","26":"tag-ile-de-france","27":"tag-musee","28":"tag-musique","29":"tag-news","30":"tag-paris","31":"tag-performance","32":"tag-rencontres","33":"tag-republique-francaise"},"share_on_mastodon":{"url":"https:\/\/pubeurope.com\/@fr\/114677388757211492","error":""},"_links":{"self":[{"href":"https:\/\/www.europesays.com\/fr\/wp-json\/wp\/v2\/posts\/173952","targetHints":{"allow":["GET"]}}],"collection":[{"href":"https:\/\/www.europesays.com\/fr\/wp-json\/wp\/v2\/posts"}],"about":[{"href":"https:\/\/www.europesays.com\/fr\/wp-json\/wp\/v2\/types\/post"}],"author":[{"embeddable":true,"href":"https:\/\/www.europesays.com\/fr\/wp-json\/wp\/v2\/users\/2"}],"replies":[{"embeddable":true,"href":"https:\/\/www.europesays.com\/fr\/wp-json\/wp\/v2\/comments?post=173952"}],"version-history":[{"count":0,"href":"https:\/\/www.europesays.com\/fr\/wp-json\/wp\/v2\/posts\/173952\/revisions"}],"wp:featuredmedia":[{"embeddable":true,"href":"https:\/\/www.europesays.com\/fr\/wp-json\/wp\/v2\/media\/173953"}],"wp:attachment":[{"href":"https:\/\/www.europesays.com\/fr\/wp-json\/wp\/v2\/media?parent=173952"}],"wp:term":[{"taxonomy":"category","embeddable":true,"href":"https:\/\/www.europesays.com\/fr\/wp-json\/wp\/v2\/categories?post=173952"},{"taxonomy":"post_tag","embeddable":true,"href":"https:\/\/www.europesays.com\/fr\/wp-json\/wp\/v2\/tags?post=173952"}],"curies":[{"name":"wp","href":"https:\/\/api.w.org\/{rel}","templated":true}]}}