{"id":173956,"date":"2025-06-13T18:11:13","date_gmt":"2025-06-13T18:11:13","guid":{"rendered":"https:\/\/www.europesays.com\/fr\/173956\/"},"modified":"2025-06-13T18:11:13","modified_gmt":"2025-06-13T18:11:13","slug":"paris-ceux-qui-voudront-se-baigner-dans-la-seine-cet-ete-devront-passer-un-test-de-nage","status":"publish","type":"post","link":"https:\/\/www.europesays.com\/fr\/173956\/","title":{"rendered":"Paris : ceux qui voudront se baigner dans la Seine cet \u00e9t\u00e9 devront passer un test de nage"},"content":{"rendered":"<ul class=\"jsx-862013697 ArticleChapo__List\">\n<li class=\"jsx-862013697 ArticleChapo__List_Item flex\">La mairie de Paris et la F\u00e9d\u00e9ration fran\u00e7aise de natation ont d\u00e9cid\u00e9 de s&rsquo;assurer du niveau de nage de ceux qui voudraient se baigner sur les trois sites d\u00e9termin\u00e9s dans la Seine cet \u00e9t\u00e9.<\/li>\n<li class=\"jsx-862013697 ArticleChapo__List_Item flex\">Les 27 ma\u00eetres-nageurs seront charg\u00e9s d&rsquo;\u00e9valuer si chaque futur baigneur \u00ab\u00a0est suffisamment \u00e0 l&rsquo;aise dans l&rsquo;eau pour pouvoir nager sans aucune aide mat\u00e9rielle\u00a0\u00bb comme une bou\u00e9e.<\/li>\n<li class=\"jsx-862013697 ArticleChapo__List_Item flex\">\u00ab\u00a0Il s&rsquo;agit de plans d&rsquo;eau vivante, ce qui implique davantage de vigilance que dans une piscine\u00a0\u00bb, a expliqu\u00e9 le pr\u00e9sident de la FNN ce vendredi.<\/li>\n<\/ul>\n<p data-module=\"article-paragraph\" class=\"jsx-3046738180 Paragraph\">Se baigner dans la Seine oui, mais pas n&rsquo;importe comment. Appuy\u00e9e par la F\u00e9d\u00e9ration fran\u00e7aise de natation, la mairie de Paris encadre les trois sites de baignade qui seront ouverts dans la capitale cet \u00e9t\u00e9 avec une surveillance accrue. Les 27 ma\u00eetres-nageurs d\u00e9ploy\u00e9s seront ainsi charg\u00e9s d&rsquo;\u00e9valuer si chaque futur baigneur \u00ab\u00a0est suffisamment \u00e0 l&rsquo;aise dans l&rsquo;eau pour pouvoir nager sans aucune aide mat\u00e9rielle\u00a0\u00bb de type bou\u00e9e, a indiqu\u00e9 Lazreg Benelhadj, pr\u00e9sident de la FNN.\u00a0<\/p>\n<p data-module=\"article-paragraph\" class=\"jsx-3046738180 Paragraph Paragraph__End\">\u00ab\u00a0Il s&rsquo;agit de plans d&rsquo;eau vivante ce qui implique davantage de vigilance que dans une piscine\u00a0\u00bb, a-t-il expliqu\u00e9 lors d&rsquo;une visite de presse du futur site du bras Marie, en face de l&rsquo;\u00eele Saint-Louis, <a href=\"https:\/\/www.tf1info.fr\/jeux-olympiques\/video-jeux-olympiques-pari-tenu-pour-anne-hidalgo-qui-s-est-enfin-baignee-dans-la-seine-a-9-jours-des-jo-2309054.html\" target=\"_blank\" rel=\"noopener\">o\u00f9 la maire Anne Hidalgo s&rsquo;\u00e9tait baign\u00e9e l&rsquo;\u00e9t\u00e9 dernier juste avant les Jeux olympiques<\/a>. Les autres sites se trouvent \u00e0 Grenelle, \u00e0 l&rsquo;ouest, et \u00e0 Bercy, \u00e0 l&rsquo;est.<\/p>\n<blockquote class=\"jsx-2786790838 Quote__Text\"><p>En dehors de ces trois sites, la baignade dans la Seine reste interdite, comme elle l&rsquo;est depuis 1923<\/p><\/blockquote>\n<p>Pierre Rabadan, adjoint aux sports \u00e0 l&rsquo;H\u00f4tel de Ville<\/p>\n<p data-module=\"article-paragraph\" class=\"jsx-3046738180 Paragraph Paragraph__End\">Les baigneurs seront ensuite identifi\u00e9s par un bracelet pour \u00e9viter de repasser le test durant la p\u00e9riode de baignade, entre le 5 juillet et le 31 ao\u00fbt. Seul le bassin am\u00e9nag\u00e9 \u00e0 Grenelle disposera d&rsquo;un fond. La Seine fait en moyenne 3,50 m de profondeur dans leurs deux autres. La FFN veut aussi profiter du dispositif pour d\u00e9ployer des sessions d&rsquo;apprentissage de la nage.\u00a0Chaque site disposera d&rsquo;un poste de secours et pourra accueillir de 150 \u00e0 300 personnes en simultan\u00e9. \u00ab\u00a0En dehors de ces trois sites, la baignade dans la Seine reste interdite, comme elle l&rsquo;est depuis 1923\u00a0\u00bb, a insist\u00e9 Pierre Rabadan, adjoint aux sports \u00e0 l&rsquo;H\u00f4tel de Ville. Dix ma\u00eetres-nageurs auront aussi un permis fluvial pour emp\u00eacher l&rsquo;acc\u00e8s en dehors des lignes de bou\u00e9es.<\/p>\n<p><a href=\"https:\/\/www.tf1info.fr\/jeux-olympiques\/jo-jeux-olympiques-de-paris-2024-baignade-dans-la-seine-pour-tous-ma-crainte-c-est-que-nous-n-ayons-pas-assez-de-place-pour-accueillir-tout-le-monde-2313874.html\" rel=\"noopener\" class=\"jsx-3308031228 Link flex\" target=\"_blank\"><img decoding=\"async\" src=\"https:\/\/www.europesays.com\/fr\/wp-content\/uploads\/2025\/05\/triathlon-seine-jo-2024-dfec96-0@1x.jpeg\" alt=\"David Goldman \/ POOL \/ AFP\" loading=\"lazy\" importance=\"low\" fetchpriority=\"low\" class=\"\"\/><\/p>\n<p class=\"jsx-3657663356 ReadMoreArticle__Title\">Lire aussi<\/p>\n<p class=\"jsx-3657663356\">Baignade dans la Seine : \u00ab\u00a0Ma crainte c&rsquo;est que nous n&rsquo;ayons pas assez de place pour accueillir tout le monde\u00a0\u00bb<\/p>\n<p><\/a><\/p>\n<p data-module=\"article-paragraph\" class=\"jsx-3046738180 Paragraph Paragraph__End\">L&rsquo;autre inconnue reste la qualit\u00e9 de l&rsquo;eau. Des indicateurs vert, jaune et rouge diront chaque jour si l&rsquo;eau est propre \u00e0 la baignade, en termes de pollution et d&rsquo;intensit\u00e9 du courant. Les bassins seront inaccessibles si les voyants sont au rouge. La mairie assure que sur les tests effectu\u00e9s d\u00e9but juin, l&rsquo;eau n&rsquo;a \u00e9t\u00e9 contr\u00f4l\u00e9e impropre \u00e0 la baignade qu&rsquo;une seule journ\u00e9e sur la premi\u00e8re semaine \u00ab\u00a0car il avait plu\u00a0\u00bb.<\/p>\n<p>D.D.F. avec AFP<\/p>\n","protected":false},"excerpt":{"rendered":"La mairie de Paris et la F\u00e9d\u00e9ration fran\u00e7aise de natation ont d\u00e9cid\u00e9 de s&rsquo;assurer du niveau de nage&hellip;\n","protected":false},"author":2,"featured_media":173957,"comment_status":"","ping_status":"","sticky":false,"template":"","format":"standard","meta":{"footnotes":""},"categories":[1888],"tags":[1111,1928,11,1927,2618,1921,1777,674,1011,27,1922,12,1926,626,1925,25,13527,133,5737],"class_list":{"0":"post-173956","1":"post","2":"type-post","3":"status-publish","4":"format-standard","5":"has-post-thumbnail","7":"category-paris","8":"tag-actu","9":"tag-actu-paris","10":"tag-actualites","11":"tag-actualites-paris","12":"tag-anne-hidalgo","13":"tag-article-video","14":"tag-eu","15":"tag-europe","16":"tag-fr","17":"tag-france","18":"tag-info","19":"tag-news","20":"tag-news-paris","21":"tag-paris","22":"tag-paris-news","23":"tag-republique-francaise","24":"tag-seine","25":"tag-video","26":"tag-video-environnement"},"share_on_mastodon":{"url":"https:\/\/pubeurope.com\/@fr\/114677408304781186","error":""},"_links":{"self":[{"href":"https:\/\/www.europesays.com\/fr\/wp-json\/wp\/v2\/posts\/173956","targetHints":{"allow":["GET"]}}],"collection":[{"href":"https:\/\/www.europesays.com\/fr\/wp-json\/wp\/v2\/posts"}],"about":[{"href":"https:\/\/www.europesays.com\/fr\/wp-json\/wp\/v2\/types\/post"}],"author":[{"embeddable":true,"href":"https:\/\/www.europesays.com\/fr\/wp-json\/wp\/v2\/users\/2"}],"replies":[{"embeddable":true,"href":"https:\/\/www.europesays.com\/fr\/wp-json\/wp\/v2\/comments?post=173956"}],"version-history":[{"count":0,"href":"https:\/\/www.europesays.com\/fr\/wp-json\/wp\/v2\/posts\/173956\/revisions"}],"wp:featuredmedia":[{"embeddable":true,"href":"https:\/\/www.europesays.com\/fr\/wp-json\/wp\/v2\/media\/173957"}],"wp:attachment":[{"href":"https:\/\/www.europesays.com\/fr\/wp-json\/wp\/v2\/media?parent=173956"}],"wp:term":[{"taxonomy":"category","embeddable":true,"href":"https:\/\/www.europesays.com\/fr\/wp-json\/wp\/v2\/categories?post=173956"},{"taxonomy":"post_tag","embeddable":true,"href":"https:\/\/www.europesays.com\/fr\/wp-json\/wp\/v2\/tags?post=173956"}],"curies":[{"name":"wp","href":"https:\/\/api.w.org\/{rel}","templated":true}]}}