{"id":173962,"date":"2025-06-13T18:16:09","date_gmt":"2025-06-13T18:16:09","guid":{"rendered":"https:\/\/www.europesays.com\/fr\/173962\/"},"modified":"2025-06-13T18:16:09","modified_gmt":"2025-06-13T18:16:09","slug":"laeroport-dorly-doit-reduire-ses-vols-de-20","status":"publish","type":"post","link":"https:\/\/www.europesays.com\/fr\/173962\/","title":{"rendered":"l&rsquo;a\u00e9roport d&rsquo;Orly doit r\u00e9duire ses vols de 20\u00a0%"},"content":{"rendered":"<p>            Par<br \/>\n        <strong><br \/>\n            <a href=\"https:\/\/actu.fr\/auteur\/redaction-valdemarne\" title=\"Consulter tous les articles de R\u00e9daction Val de Marne\" target=\"_blank\" rel=\"noopener\">R\u00e9daction Val de Marne<\/a><br \/>\n        <\/strong><\/p>\n<p>        Publi\u00e9 le<\/p>\n<p>            13 juin 2025 \u00e0 20h01        <\/p>\n<p>Pas un temps \u00e0 d\u00e9coller trop fort. Alors qu\u2019une <a href=\"https:\/\/actu.fr\/ile-de-france\/paris_75056\/meteo-france-durcit-ses-previsions-paris-et-l-ile-de-france-passent-en-vigilance-orange-aux-orages_62767574.html\" target=\"_blank\" rel=\"noopener\">vigilance orages<\/a> touche la plupart des d\u00e9partements d\u2019\u00cele-de-France ce vendredi 13\u00a0juin 2025, avec des <a href=\"https:\/\/actu.fr\/meteo\/meteo-des-orages-violents-arrivent-a-paris-et-en-ile-de-france-ou-et-quand-risquent-ils-de-frapper_62772022.html\" target=\"_blank\" rel=\"noopener\">\u00e9pisodes potentiellement violents<\/a> attendus par <a href=\"https:\/\/actu.fr\/tag\/meteo-france\" target=\"_blank\" rel=\"noopener\">M\u00e9t\u00e9o-France<\/a>, la Direction g\u00e9n\u00e9rale de l\u2019aviation civile (DGAC) a demand\u00e9 aux compagnies a\u00e9riennes de <strong>r\u00e9duire de 20\u2009%<\/strong> leur programme de vols ce soir \u00e0 l\u2019<a href=\"https:\/\/actu.fr\/tag\/aeroport-dorly\" target=\"_blank\" rel=\"noopener\">a\u00e9roport d\u2019Orly<\/a>, pour limiter d\u2019\u00e9ventuelles perturbations.<\/p>\n<p>Un \u00e9pisode orageux attendu dans la soir\u00e9e<\/p>\n<p class=\" wall-content\">\u00ab\u2009Afin de limiter les perturbations du trafic a\u00e9rien, la Direction g\u00e9n\u00e9rale de l\u2019Aviation civile (DGAC) demande aux compagnies a\u00e9riennes de r\u00e9duire leur programme de vols de 20\u2009% sur l\u2019a\u00e9roport de Paris-Orly <strong>\u00e0 partir de 18\u00a0heures jusqu\u2019\u00e0 minuit<\/strong>\u2009\u00bb, a indiqu\u00e9 la DGAC dans un communiqu\u00e9.<\/p>\n<p class=\" wall-content\">M\u00e9t\u00e9o-France a annonc\u00e9 vendredi matin le passage de 28 d\u00e9partements du sud-ouest et du nord-ouest de la France en <a href=\"https:\/\/actu.fr\/meteo\/nouvelle-salve-d-orages-violents-ce-vendredi-en-france-la-vigilance-orange-activee-voici-les-zones-a-risque_62763953.html\" target=\"_blank\" rel=\"noopener\">vigilance orange<\/a> \u00e0 partir de l\u2019apr\u00e8s-midi en raison d\u2019une \u00ab\u2009d\u00e9gradation orageuse\u2009\u00bb, avec un fort risque de <strong>ph\u00e9nom\u00e8nes localement violents<\/strong>.<\/p>\n<p class=\" wall-content\">\u00ab\u2009Cet \u00e9pisode m\u00e9t\u00e9orologique couvrira la r\u00e9gion parisienne <strong>dans le courant de la soir\u00e9e<\/strong>\u2009\u00bb, a soulign\u00e9 la DGAC, invitant les passagers \u00e0 s\u2019informer aupr\u00e8s de leur compagnie a\u00e9rienne pour conna\u00eetre l\u2019\u00e9tat de leur vol dans cet a\u00e9roport situ\u00e9 au sud de Paris. Elle n\u2019a en revanche pas mentionn\u00e9 de r\u00e9duction des vols pour l\u2019a\u00e9roport de <a href=\"https:\/\/actu.fr\/tag\/aeroport-roissy-charles-de-gaulle\" target=\"_blank\" rel=\"noopener\">Roissy<\/a>, situ\u00e9 au nord de la capitale.<\/p>\n<p class=\" wall-content\">Dix d\u00e9partements du sud-ouest (Ari\u00e8ge, Dordogne, Haute-Garonne, Gers, Gironde, Landes, Lot-et-Garonne, Pyr\u00e9n\u00e9es-Atlantiques, Tarn-et-Garonne et Hautes-Pyr\u00e9n\u00e9es) et neuf du nord-ouest (toute la r\u00e9gion Normandie, Eure-et-Loir, Mayenne, Oise, Nord, Pas-de-Calais, Sarthe, Somme, Yvelines, Val d\u2019Oise, Paris et la petite couronne) \u00e9taient progressivement concern\u00e9s \u00e0 partir de 16\u00a0heures, selon un bulletin de M\u00e9t\u00e9o-France publi\u00e9 vendredi matin.<\/p>\n<p>Vid\u00e9os : en ce moment sur Actu<\/p>\n<p class=\" wall-content\">Sur le nord-ouest de la France, les pr\u00e9visionnistes anticipent dans l\u2019apr\u00e8s-midi et en soir\u00e9e \u00ab\u2009de <strong>fortes rafales de vent<\/strong>, de l\u2019ordre de 100\u00a0km\/h, localement 110\/120\u00a0km\/h, de fortes pr\u00e9cipitations (jusqu\u2019\u00e0 30\/50\u00a0mm en 2 \u00e0 3\u00a0heures) et de <a href=\"https:\/\/actu.fr\/ile-de-france\/paris_75056\/video-paris-un-impressionnant-orage-de-grele-s-abat-sur-la-capitale-le-metro-perturbe-par-les-inondations_62592097.html\" target=\"_blank\" rel=\"noopener\">chutes de gr\u00eale<\/a> moyenne \u00e0 grosse\u2009\u00bb.<br \/>Dix d\u00e9partements dans le nord de la France devraient rester en vigilance orange samedi 14\u00a0juin 2025.<\/p>\n<p class=\" wall-content\"><strong>Avec AFP<\/strong><\/p>\n<p class=\" wall-content\">Suivez toute l\u2019actualit\u00e9 de vos villes et m\u00e9dias favoris en vous inscrivant \u00e0 <a href=\"https:\/\/moncompte.actu.fr\" title=\"D\u00e9couvez Mon Actu\" rel=\"nofollow noopener\" data-trk=\"{&quot;cta&quot;:{&quot;action&quot;:&quot;https:\\\/\\\/moncompte.actu.fr&quot;,&quot;category&quot;:&quot;mon compte&quot;,&quot;from&quot;:&quot;article footer&quot;,&quot;name&quot;:&quot;Mon actu&quot;,&quot;type&quot;:&quot;cta&quot;}}\" target=\"_blank\">Mon Actu<\/a>.<\/p>\n","protected":false},"excerpt":{"rendered":"Par R\u00e9daction Val de Marne Publi\u00e9 le 13 juin 2025 \u00e0 20h01 Pas un temps \u00e0 d\u00e9coller trop&hellip;\n","protected":false},"author":2,"featured_media":173963,"comment_status":"","ping_status":"","sticky":false,"template":"","format":"standard","meta":{"footnotes":""},"categories":[1888],"tags":[11,659,1777,674,1011,27,12,4594,626,25,104,2803],"class_list":{"0":"post-173962","1":"post","2":"type-post","3":"status-publish","4":"format-standard","5":"has-post-thumbnail","7":"category-paris","8":"tag-actualites","9":"tag-aeroport-dorly","10":"tag-eu","11":"tag-europe","12":"tag-fr","13":"tag-france","14":"tag-news","15":"tag-orages","16":"tag-paris","17":"tag-republique-francaise","18":"tag-societe","19":"tag-transport"},"share_on_mastodon":{"url":"https:\/\/pubeurope.com\/@fr\/114677428092418837","error":""},"_links":{"self":[{"href":"https:\/\/www.europesays.com\/fr\/wp-json\/wp\/v2\/posts\/173962","targetHints":{"allow":["GET"]}}],"collection":[{"href":"https:\/\/www.europesays.com\/fr\/wp-json\/wp\/v2\/posts"}],"about":[{"href":"https:\/\/www.europesays.com\/fr\/wp-json\/wp\/v2\/types\/post"}],"author":[{"embeddable":true,"href":"https:\/\/www.europesays.com\/fr\/wp-json\/wp\/v2\/users\/2"}],"replies":[{"embeddable":true,"href":"https:\/\/www.europesays.com\/fr\/wp-json\/wp\/v2\/comments?post=173962"}],"version-history":[{"count":0,"href":"https:\/\/www.europesays.com\/fr\/wp-json\/wp\/v2\/posts\/173962\/revisions"}],"wp:featuredmedia":[{"embeddable":true,"href":"https:\/\/www.europesays.com\/fr\/wp-json\/wp\/v2\/media\/173963"}],"wp:attachment":[{"href":"https:\/\/www.europesays.com\/fr\/wp-json\/wp\/v2\/media?parent=173962"}],"wp:term":[{"taxonomy":"category","embeddable":true,"href":"https:\/\/www.europesays.com\/fr\/wp-json\/wp\/v2\/categories?post=173962"},{"taxonomy":"post_tag","embeddable":true,"href":"https:\/\/www.europesays.com\/fr\/wp-json\/wp\/v2\/tags?post=173962"}],"curies":[{"name":"wp","href":"https:\/\/api.w.org\/{rel}","templated":true}]}}